{"id":9403,"date":"2018-07-02T14:07:35","date_gmt":"2018-07-02T14:07:35","guid":{"rendered":"http:\/\/archiv.szolnoktv.hu\/?p=9403"},"modified":"2021-08-14T14:37:22","modified_gmt":"2021-08-14T14:37:22","slug":"kovacs-zsolt-atya-ujmisezett-szombaton","status":"publish","type":"post","link":"http:\/\/archiv.szolnoktv.hu\/?p=9403","title":{"rendered":"Kov\u00e1cs Zsolt atya \u00fajmis\u00e9zett szombaton"},"content":{"rendered":"<div class='booster-block booster-read-block'><\/div><p>A szombati \u00fajmise a pal\u00e1st meg\u00e1ld\u00e1s\u00e1val kezd\u0151d\u00f6tt, melyet \u00e9desanyja adott r\u00e1 az els\u0151 mis\u00e9s felszentelt papra. <br \/>Ezzel a fontos momentummal jelk\u00e9pesen \u00e1tadta fi\u00e1t a papi szolg\u00e1latnak. A meghat\u00f3 pillanatokat k\u00f6vet\u0151en elkezdte els\u0151 mis\u00e9j\u00e9t Kov\u00e1cs Zsolt. A fiatal k\u00e1pl\u00e1n  Szolnokon  n\u0151tt fel.  A K\u0151r\u00f6sibe j\u00e1rt 8 \u00e9vig, majd a Tiszaparti gimn\u00e1ziumban \u00e9retts\u00e9gizett 2007-ben. Debrecenben j\u00e1rt szociol\u00f3gi\u00e1ra \u00e9s az ELTE-n v\u00e9gzett mester szakon, majd a teol\u00f3gi\u00e1t v\u00e1lasztotta.  <\/p>\n<p>M\u00e1th\u00e9 Gy\u00f6rgy esperes-pl\u00e9b\u00e1nos<\/p>\n<p>-&#8220;R\u00f3m\u00e1ban tanult \u0151 a n\u00e9met-magyar koll\u00e9giumban \u00e9s nagy \u00f6r\u00f6m, hogy egy k\u00e9pzett fiatalemberr\u0151l van sz\u00f3, aki a papi szolg\u00e1latot v\u00e1llalva f\u00f6l van szentelve. Most itt Szolnokon az els\u0151  \u00fcnnepi szentmis\u00e9t mutatja be. &#8211;<\/p>\n<p>Magyarorsz\u00e1gon is nagy paphi\u00e1ny van, \u00edgy nagyon \u00f6r\u00fclnek a fiatal papnak-  tette hozz\u00e1 M\u00e1th\u00e9 Gy\u00f6rgy. <br \/>N\u00e9metorsz\u00e1gb\u00f3l \u00e9s Olaszorsz\u00e1gb\u00f3l is sok bar\u00e1t \u00e9rkezett a nagy esem\u00e9nyre Kov\u00e1cs Zsolt az egykor Szolnokon szolg\u00e1latot teljes\u00edt\u0151 Turai J\u00e1nos aty\u00e1n\u00e1l t\u00f6lt\u00f6tte  gyakorlat\u00e1t Balassagyarmaton  \u00e9s ott is teljes\u00edt majd szolg\u00e1latot. A hagyom\u00e1ny szerint  azonban els\u0151, \u00fagynevezett \u00fajmis\u00e9j\u00e9t sz\u00fcl\u0151hely\u00e9n adta. <\/p>\n<p>Kov\u00e1cs Zsolt  k\u00e1pl\u00e1n : <\/p>\n<p>-&#8220;H\u00e1t m\u00e1r 18 \u00e9vesen \u00e9reztem ezt a hivat\u00e1st. Nem volt ezt olyan k\u00f6nny\u0171 elfogadni \u00e9s nem volt olyan k\u00f6nny\u0171 igent mondani r\u00e1. Nekem is teljesen \u00e1t kellett gondolnom mindent. \u00c9s tal\u00e1n a teol\u00f3gia is az\u00e9rt tar 5 \u00e9vig, mert meg kell tanulni sok mindent \u00e9s hogy az ember \u00e1tgondolja, hogy val\u00f3ban akarja-e ezt az utat. Ez a teljes Istennek szentelts\u00e9g, hogy az ember k\u00e9pes e ezt v\u00e1llalni.\u00c9s ha ezt k\u00e9pes v\u00e1llalni, akkor az Isten garant\u00e1lja azt, hogy az \u00f6r\u00f6m \u00fatj\u00e1t fogja bej\u00e1rni , ami persze tele van kih\u00edv\u00e1sokkal \u00e9s neh\u00e9zs\u00e9gekkel, benne vannak a szomor\u00fas\u00e1gok is, de alapvet\u0151en a boldogs\u00e1g fel\u00e9 vezeti az embert.&#8221;<\/p>\n<p>A kereszt\u00e9ny \u00e9let \u00f6r\u00f6mei, a szolg\u00e1lat \u00e9s Isten szeretete biztos\u00edtja \u0151t \u00fatj\u00e1n-tette hozz\u00e1 a k\u00e1pl\u00e1n.<br \/>\n<br \/>\n<div style=\"width: 640px;\" class=\"wp-video\"><!--[if lt IE 9]><script>document.createElement('video');<\/script><![endif]-->\n<video class=\"wp-video-shortcode\" id=\"video-9403-1\" width=\"640\" height=\"360\" preload=\"metadata\" controls=\"controls\"><source type=\"video\/mp4\" src=\"\/spots\/hir\/hir_180702_02.mp4?_=1\" \/><a href=\"\/spots\/hir\/hir_180702_02.mp4\">\/spots\/hir\/hir_180702_02.mp4<\/a><\/video><\/div><\/p>\n","protected":false},"excerpt":{"rendered":"<p>A szombati \u00fajmise a pal\u00e1st meg\u00e1ld\u00e1s\u00e1val kezd\u0151d\u00f6tt, melyet \u00e9desanyja adott r\u00e1 az els\u0151 mis\u00e9s felszentelt papra. Ezzel a fontos momentummal jelk\u00e9pesen \u00e1tadta fi\u00e1t a papi szolg\u00e1latnak. A meghat\u00f3 pillanatokat k\u00f6vet\u0151en elkezdte els\u0151 mis\u00e9j\u00e9t Kov\u00e1cs Zsolt. A fiatal k\u00e1pl\u00e1n Szolnokon n\u0151tt fel. A K\u0151r\u00f6sibe j\u00e1rt 8 \u00e9vig, majd a Tiszaparti gimn\u00e1ziumban \u00e9retts\u00e9gizett 2007-ben. Debrecenben j\u00e1rt szociol\u00f3gi\u00e1ra [&hellip;]<\/p>\n","protected":false},"author":2,"featured_media":0,"comment_status":"closed","ping_status":"closed","sticky":false,"template":"","format":"standard","meta":[],"categories":[9],"tags":[],"_links":{"self":[{"href":"http:\/\/archiv.szolnoktv.hu\/index.php?rest_route=\/wp\/v2\/posts\/9403"}],"collection":[{"href":"http:\/\/archiv.szolnoktv.hu\/index.php?rest_route=\/wp\/v2\/posts"}],"about":[{"href":"http:\/\/archiv.szolnoktv.hu\/index.php?rest_route=\/wp\/v2\/types\/post"}],"author":[{"embeddable":true,"href":"http:\/\/archiv.szolnoktv.hu\/index.php?rest_route=\/wp\/v2\/users\/2"}],"replies":[{"embeddable":true,"href":"http:\/\/archiv.szolnoktv.hu\/index.php?rest_route=%2Fwp%2Fv2%2Fcomments&post=9403"}],"version-history":[{"count":1,"href":"http:\/\/archiv.szolnoktv.hu\/index.php?rest_route=\/wp\/v2\/posts\/9403\/revisions"}],"predecessor-version":[{"id":9412,"href":"http:\/\/archiv.szolnoktv.hu\/index.php?rest_route=\/wp\/v2\/posts\/9403\/revisions\/9412"}],"wp:attachment":[{"href":"http:\/\/archiv.szolnoktv.hu\/index.php?rest_route=%2Fwp%2Fv2%2Fmedia&parent=9403"}],"wp:term":[{"taxonomy":"category","embeddable":true,"href":"http:\/\/archiv.szolnoktv.hu\/index.php?rest_route=%2Fwp%2Fv2%2Fcategories&post=9403"},{"taxonomy":"post_tag","embeddable":true,"href":"http:\/\/archiv.szolnoktv.hu\/index.php?rest_route=%2Fwp%2Fv2%2Ftags&post=9403"}],"curies":[{"name":"wp","href":"https:\/\/api.w.org\/{rel}","templated":true}]}}