{"id":9402,"date":"2018-06-29T18:35:11","date_gmt":"2018-06-29T18:35:11","guid":{"rendered":"http:\/\/archiv.szolnoktv.hu\/?p=9402"},"modified":"2021-08-14T14:37:22","modified_gmt":"2021-08-14T14:37:22","slug":"megujul-a-falmaszopalya","status":"publish","type":"post","link":"http:\/\/archiv.szolnoktv.hu\/?p=9402","title":{"rendered":"Meg\u00fajul a falm\u00e1sz\u00f3p\u00e1lya<br>"},"content":{"rendered":"<div class='booster-block booster-read-block'><\/div><p>18 mm vastag, nagy teherb\u00edr\u00e1s\u00fa feny\u0151 r\u00e9tegelt lemezeket k\u00e9sz\u00edtenek el\u0151. Ezekb\u0151l a lapokb\u00f3l \u00e9p\u00fcl f\u00f6l az \u00faj fam\u00e1sz\u00f3p\u00e1lya a RISZI-ben. 1992-ben alak\u00edtott\u00e1k ki a sz\u00fcrke, beton falat, ami id\u0151t\u00e1ll\u00f3. 97-ben fa elemekkel hozt\u00e1k l\u00e9tre a nagy falm\u00e1sz\u00f3r\u00e9szt, ami 160 n\u00e9gyzetm\u00e9ter\u00e9vel akkor az orsz\u00e1g legnagyobb p\u00e1ly\u00e1ja volt. A fa elemek szavatoss\u00e1ga m\u00e1ra lej\u00e1rt, \u00edgy id\u0151szer\u0171 volt azok cser\u00e9je. <\/p>\n<p>Lapu B\u00e9la szakoszt\u00e1lyvezet\u0151, RISZI DSE Hegym\u00e1sz\u00f3 \u00e9s Turisztikai Szakoszt\u00e1ly<\/p>\n<p>-&#8220;Most egy sokkal er\u0151sebb , jobb min\u0151s\u00e9g\u0171 fel\u00fcletet kell, hogy elhelyezz\u00fcnk r\u00e1. J\u00fanius elej\u00e9n kezdt\u00fck el a munk\u00e1t, m\u00e1r 3 \u00e9ve tervezt\u00fck, k\u00e9sz\u00fcl\u00fcnk r\u00e1 \u00e9s gy\u0171jtj\u00fck a szakoszt\u00e1ly p\u00e9nz\u00e9t. Ezt a bor\u00edt\u00e1st vett\u00fck le az els\u0151 h\u00e9tv\u00e9g\u00e9n \u00e9s az\u00f3ta  folyik az \u00faj bor\u00edt\u00f3lemezek el\u0151k\u00e9sz\u00edt\u00e9se, \u00f6ssze\u00e1ll\u00edt\u00e1sa, felszerel\u00e9se. Rem\u00e9lhet\u0151leg 1-2 h\u00e9ten bel\u00fcl teljes fel\u00fcleten felker\u00fclnek a hely\u00fckre. &#8211;<\/p>\n<p>40-50 di\u00e1k tagja az egyes\u00fcletnek, a legkisebbek 4-5 \u00e9ves , de 60 f\u00f6l\u00f6ttiek is m\u00e1sznak. Sokan k\u00f6z\u00fcl\u00fck magashegys\u00e9gben, is m\u00e1sznak szikl\u00e1kat, a nagy \u00f6regek is a hobbist\u00e1kkal \u00e9s a sportol\u00f3 di\u00e1kokkal edzenek egy\u00fctt. Az \u00faj fal a megy\u00e9ben egyed\u00fcl\u00e1ll\u00f3 lesz. <\/p>\n<p>-&#8220;Egy kicsit moderniz\u00e1ltuk a  szerelhet\u0151s\u00e9g\u00e9t, megpr\u00f3b\u00e1ljuk \u00fagy megoldani a pal\u00e1knak mozgat\u00e1s\u00e1t, hogy edz\u00e9sid\u0151ben is lehessen haszn\u00e1lni,  ne csak egy \u00e9vben k\u00e9tszer amikor versenyek vannak. \u00c9s szeretn\u00e9nk b\u0151v\u00edteni egy kifejezetten kisgyerekeknek \u00e9p\u00fclt falr\u00e9sszel&#8221;-tette hozz\u00e1 a szakoszt\u00e1lyvezet\u0151. <\/p>\n<p>Ezen a falon edzhetnek majd a legkisebbek. Az egyes\u00fcleti tagok, specialist\u00e1k  \u00e9s hegym\u00e1sz\u00f3k ir\u00e1ny\u00edt\u00e1s\u00e1val t\u00e1rsadalmi munk\u00e1ban v\u00e9gzik a munk\u00e1kat, hogy szeptemberre vadonat\u00faj kih\u00edv\u00e1sokkal teli fog\u00e1sok v\u00e1rj\u00e1k az edz\u00e9sre \u00e9rkez\u0151ket. <br \/>Az \u00faj p\u00e1lya pedig \u00faj m\u00e1sz\u00f3utakat is jelent majd, hiszen speci\u00e1lis, versenyekre felk\u00e9sz\u00edt\u0151, min\u0151s\u00e9gi fog\u00e1sokat is beszereznek majd. <\/p>\n<div style=\"width: 640px;\" class=\"wp-video\"><!--[if lt IE 9]><script>document.createElement('video');<\/script><![endif]-->\n<video class=\"wp-video-shortcode\" id=\"video-9402-1\" width=\"640\" height=\"360\" preload=\"metadata\" controls=\"controls\"><source type=\"video\/mp4\" src=\"\/spots\/hir\/hir_180629_05.mp4?_=1\" \/><a href=\"\/spots\/hir\/hir_180629_05.mp4\">\/spots\/hir\/hir_180629_05.mp4<\/a><\/video><\/div>\n","protected":false},"excerpt":{"rendered":"<p>18 mm vastag, nagy teherb\u00edr\u00e1s\u00fa feny\u0151 r\u00e9tegelt lemezeket k\u00e9sz\u00edtenek el\u0151. Ezekb\u0151l a lapokb\u00f3l \u00e9p\u00fcl f\u00f6l az \u00faj fam\u00e1sz\u00f3p\u00e1lya a RISZI-ben. 1992-ben alak\u00edtott\u00e1k ki a sz\u00fcrke, beton falat, ami id\u0151t\u00e1ll\u00f3. 97-ben fa elemekkel hozt\u00e1k l\u00e9tre a nagy falm\u00e1sz\u00f3r\u00e9szt, ami 160 n\u00e9gyzetm\u00e9ter\u00e9vel akkor az orsz\u00e1g legnagyobb p\u00e1ly\u00e1ja volt. A fa elemek szavatoss\u00e1ga m\u00e1ra lej\u00e1rt, \u00edgy id\u0151szer\u0171 volt [&hellip;]<\/p>\n","protected":false},"author":2,"featured_media":0,"comment_status":"closed","ping_status":"closed","sticky":false,"template":"","format":"standard","meta":[],"categories":[9],"tags":[],"_links":{"self":[{"href":"http:\/\/archiv.szolnoktv.hu\/index.php?rest_route=\/wp\/v2\/posts\/9402"}],"collection":[{"href":"http:\/\/archiv.szolnoktv.hu\/index.php?rest_route=\/wp\/v2\/posts"}],"about":[{"href":"http:\/\/archiv.szolnoktv.hu\/index.php?rest_route=\/wp\/v2\/types\/post"}],"author":[{"embeddable":true,"href":"http:\/\/archiv.szolnoktv.hu\/index.php?rest_route=\/wp\/v2\/users\/2"}],"replies":[{"embeddable":true,"href":"http:\/\/archiv.szolnoktv.hu\/index.php?rest_route=%2Fwp%2Fv2%2Fcomments&post=9402"}],"version-history":[{"count":1,"href":"http:\/\/archiv.szolnoktv.hu\/index.php?rest_route=\/wp\/v2\/posts\/9402\/revisions"}],"predecessor-version":[{"id":9413,"href":"http:\/\/archiv.szolnoktv.hu\/index.php?rest_route=\/wp\/v2\/posts\/9402\/revisions\/9413"}],"wp:attachment":[{"href":"http:\/\/archiv.szolnoktv.hu\/index.php?rest_route=%2Fwp%2Fv2%2Fmedia&parent=9402"}],"wp:term":[{"taxonomy":"category","embeddable":true,"href":"http:\/\/archiv.szolnoktv.hu\/index.php?rest_route=%2Fwp%2Fv2%2Fcategories&post=9402"},{"taxonomy":"post_tag","embeddable":true,"href":"http:\/\/archiv.szolnoktv.hu\/index.php?rest_route=%2Fwp%2Fv2%2Ftags&post=9402"}],"curies":[{"name":"wp","href":"https:\/\/api.w.org\/{rel}","templated":true}]}}