{"id":9401,"date":"2018-06-29T18:25:40","date_gmt":"2018-06-29T18:25:40","guid":{"rendered":"http:\/\/archiv.szolnoktv.hu\/?p=9401"},"modified":"2021-08-14T14:37:23","modified_gmt":"2021-08-14T14:37:23","slug":"arany-janos-es-csaladja-szoborkompozicio","status":"publish","type":"post","link":"http:\/\/archiv.szolnoktv.hu\/?p=9401","title":{"rendered":"Arany J\u00e1nos \u00e9s csal\u00e1dja szoborkompoz\u00edci\u00f3"},"content":{"rendered":"<div class='booster-block booster-read-block'><\/div><p>Az Arany J\u00e1nos -eml\u00e9kpadon is helyet foglaltak azok, aki Arany J\u00e1nos \u00e9s csal\u00e1dja szoborkompoz\u00edci\u00f3j\u00e1nak avat\u00e1s\u00e1ra \u00e9rkeztek Nagyk\u0151r\u00f6sre. Arany J\u00e1nos  &#8211; a 19.sz\u00e1zad k\u00f6lt\u0151\u00f3ri\u00e1sa &#8211; \u00e9let\u00e9nek csaknem egy \u00e9vtized\u00e9t ebben, az alf\u00f6ldi kisv\u00e1rosban t\u00f6lt\u00f6tte.<\/p>\n<p>-Arany k\u00f6lt\u00e9szete olyan \u00e9rt\u00e9k, mely a vil\u00e1g magyarjait egybeolvasztja, olyan \u00e9rt\u00e9k nemzet\u00fcnknek, mely\u00e9rt soha nem feledhet\u00fcnk h\u00e1l\u00e1t adni a j\u00f3istennek, hogy megadta, s nek\u00fcnk, magyaroknak adta.&#8221; -hangzott el Dr. Czira Szabolcs, Nagyk\u0151r\u00f6s polg\u00e1rmester\u00e9nek k\u00f6sz\u00f6nt\u0151 besz\u00e9d\u00e9ben.<\/p>\n<p>Arany J\u00e1nos 1851.\u0151sz\u00e9n k\u00f6lt\u00f6z\u00f6tt Nagyk\u0151r\u00f6sre a reform\u00e1tus gimn\u00e1zium irodalomtan\u00e1ri sz\u00e9k\u00e9nek elfogad\u00e1s\u00e1ra. Itt sz\u00fclettek h\u00edres ballad\u00e1i.<br \/>Az eml\u00e9km\u0171 alkot\u00f3ja: Szab\u00f3 Gy\u00f6rgy nagyk\u0151r\u00f6si sz\u00fclet\u00e9s\u0171. A m\u0171v\u00e9sz t\u00f6bb alkot\u00e1sa d\u00edsz\u00edti m\u00e1r a v\u00e1ros k\u00f6ztereit. A ma felavatott szoborkompoz\u00edci\u00f3 egy mag\u00e1ngy\u0171jt\u0151t\u0151l szerzett 1863-as porcel\u00e1nk\u00e9p m\u00e1sa. A robusztus m\u0171 bronzb\u00f3l \u00e9s gr\u00e1nitb\u00f3l k\u00e9sz\u00fclt.<\/p>\n<p>-Ami sz\u00e1momra \u00e9rdekes volt, hogy nem akartam olyan szoborcsoportot, ami  &#8211;   hogy mondjam  &#8211;   most divatos \u00e9s olyan m\u00f3don k\u00f6rbej\u00e1rhat\u00f3, hogy ak\u00e1r mell\u00e9\u00fclhetnek. \u00c9n egy olyan eml\u00e9km\u0171vet akartam, ami egy kicsit szimboliz\u00e1lja az itt lak\u00e1st, Aranyt kiemeli. Ez\u00e9rt az Arany J\u00e1nos-figura k\u00f6rplasztikak\u00e9nt \u00e9s a csal\u00e1d t\u00f6bbi r\u00e9sze \u00e1tsimul domborm\u0171v\u00e9.&#8221; -mondta Szab\u00f3 Gy\u00f6rgy.<\/p>\n<p>K\u00f6lt\u0151i f\u00e9nye bearanyozta a tud\u00f3s tan\u00e1ri karral m\u0171k\u00f6d\u0151 gimn\u00e1ziumot \u00e9s Nagyk\u0151r\u00f6s v\u00e1ros\u00e1t egyar\u00e1nt. Ebb\u0151l az id\u0151szakb\u00f3l sz\u00e1rmazik a k\u00f6lt\u0151 sz\u00e1mos jelent\u0151s m\u0171ve is. Arany J\u00e1nos \u00e9s csal\u00e1dj\u00e1nak szobra a H\u0151s\u00f6k ter\u00e9n kapott m\u00e9lt\u00f3 helyet.<\/p>\n<div style=\"width: 640px;\" class=\"wp-video\"><!--[if lt IE 9]><script>document.createElement('video');<\/script><![endif]-->\n<video class=\"wp-video-shortcode\" id=\"video-9401-1\" width=\"640\" height=\"360\" preload=\"metadata\" controls=\"controls\"><source type=\"video\/mp4\" src=\"\/spots\/hir\/hir_180629_04.mp4?_=1\" \/><a href=\"\/spots\/hir\/hir_180629_04.mp4\">\/spots\/hir\/hir_180629_04.mp4<\/a><\/video><\/div>\n","protected":false},"excerpt":{"rendered":"<p>Az Arany J\u00e1nos -eml\u00e9kpadon is helyet foglaltak azok, aki Arany J\u00e1nos \u00e9s csal\u00e1dja szoborkompoz\u00edci\u00f3j\u00e1nak avat\u00e1s\u00e1ra \u00e9rkeztek Nagyk\u0151r\u00f6sre. Arany J\u00e1nos &#8211; a 19.sz\u00e1zad k\u00f6lt\u0151\u00f3ri\u00e1sa &#8211; \u00e9let\u00e9nek csaknem egy \u00e9vtized\u00e9t ebben, az alf\u00f6ldi kisv\u00e1rosban t\u00f6lt\u00f6tte. -Arany k\u00f6lt\u00e9szete olyan \u00e9rt\u00e9k, mely a vil\u00e1g magyarjait egybeolvasztja, olyan \u00e9rt\u00e9k nemzet\u00fcnknek, mely\u00e9rt soha nem feledhet\u00fcnk h\u00e1l\u00e1t adni a j\u00f3istennek, hogy megadta, [&hellip;]<\/p>\n","protected":false},"author":2,"featured_media":0,"comment_status":"closed","ping_status":"closed","sticky":false,"template":"","format":"standard","meta":[],"categories":[9],"tags":[],"_links":{"self":[{"href":"http:\/\/archiv.szolnoktv.hu\/index.php?rest_route=\/wp\/v2\/posts\/9401"}],"collection":[{"href":"http:\/\/archiv.szolnoktv.hu\/index.php?rest_route=\/wp\/v2\/posts"}],"about":[{"href":"http:\/\/archiv.szolnoktv.hu\/index.php?rest_route=\/wp\/v2\/types\/post"}],"author":[{"embeddable":true,"href":"http:\/\/archiv.szolnoktv.hu\/index.php?rest_route=\/wp\/v2\/users\/2"}],"replies":[{"embeddable":true,"href":"http:\/\/archiv.szolnoktv.hu\/index.php?rest_route=%2Fwp%2Fv2%2Fcomments&post=9401"}],"version-history":[{"count":1,"href":"http:\/\/archiv.szolnoktv.hu\/index.php?rest_route=\/wp\/v2\/posts\/9401\/revisions"}],"predecessor-version":[{"id":9414,"href":"http:\/\/archiv.szolnoktv.hu\/index.php?rest_route=\/wp\/v2\/posts\/9401\/revisions\/9414"}],"wp:attachment":[{"href":"http:\/\/archiv.szolnoktv.hu\/index.php?rest_route=%2Fwp%2Fv2%2Fmedia&parent=9401"}],"wp:term":[{"taxonomy":"category","embeddable":true,"href":"http:\/\/archiv.szolnoktv.hu\/index.php?rest_route=%2Fwp%2Fv2%2Fcategories&post=9401"},{"taxonomy":"post_tag","embeddable":true,"href":"http:\/\/archiv.szolnoktv.hu\/index.php?rest_route=%2Fwp%2Fv2%2Ftags&post=9401"}],"curies":[{"name":"wp","href":"https:\/\/api.w.org\/{rel}","templated":true}]}}