{"id":9400,"date":"2018-06-29T18:05:13","date_gmt":"2018-06-29T18:05:13","guid":{"rendered":"http:\/\/archiv.szolnoktv.hu\/?p=9400"},"modified":"2021-08-14T14:37:23","modified_gmt":"2021-08-14T14:37:23","slug":"szakmai-bizonyitvanyok-atadasa","status":"publish","type":"post","link":"http:\/\/archiv.szolnoktv.hu\/?p=9400","title":{"rendered":"Szakmai bizony\u00edtv\u00e1nyok \u00e1tad\u00e1sa"},"content":{"rendered":"<div class='booster-block booster-read-block'><\/div><p>A bizony\u00edtv\u00e1nyok k\u00e9zhezv\u00e9tel\u00e9t k\u00f6vet\u0151en a frissen v\u00e9gzett tanul\u00f3k nagy r\u00e9sze, szinte r\u00f6gt\u00f6n el is helyezkedik a munkaer\u0151piacon. Ezt, a Szakk\u00e9pz\u00e9si Centrum \u00e1ltal, biztos szakmai tud\u00e1ssal felv\u00e9rtezve tehetik a fiatalok. Farkas Krisztina n\u0151i szab\u00f3 k\u00e9pes\u00edt\u00e9st szerzett a 3 \u00e9ves k\u00e9pz\u00e9s sor\u00e1n.<\/p>\n<p>-Anyuk\u00e1mmal is ezzel foglalkozott \u00e9s nagyon megtetszett ez sz\u00e1momra. M\u00e1r kis koromba is pr\u00f3b\u00e1ltam varrogatni magamnak: kuty\u00e1mra, pl\u00fcss\u00e1llataimra \u00e9s nem is gondolkoztam m\u00e1son, hogy m\u00e1s helyre menjek.<\/p>\n<p>\u00d6rvendi Norbert is otthonr\u00f3l hozta a szakma szeretet\u00e9t.<\/p>\n<p>-\u00c9desap\u00e1m nyomdokaiba szeretn\u00e9k l\u00e9pni a p\u00e9k szakm\u00e1val kapcsolatban. \u00dagy \u00e9rzem, hogy a h\u00e1rom \u00e9v alatt rendesen felk\u00e9sz\u00edtettek a tan\u00e1raim a szakm\u00e1ra, nagyon sok szakmai tapasztalatot szereztem \u00e9s a h\u00e1rom \u00e9v alatt a kitart\u00f3 munk\u00e1mnak meg lett az eredm\u00e9nye a vizsg\u00e1n, \u00f6t\u00f6s lett a vizsga.&#8221;<\/p>\n<p>Szab\u00f3 Dorina a j\u00f6v\u0151 h\u00e9ten munk\u00e1ba \u00e1ll.<br \/>-\u00c9n megmondom \u0151szint\u00e9n, kicsi korom \u00f3ta szerettem volna m\u00e1r kozmetikus lenni, eg\u00e9szen att\u00f3l a pillanatt\u00f3l, hogy anyuk\u00e1m elvitt engem a kozmetikus\u00e1hoz. \u00c9s h\u00e1la istennek, ez az, \u00fagymond szenved\u00e9lyem nem is m\u00falt el, a k\u00f6z\u00e9piskola ut\u00e1n is kitartott. K\u00f6zgazd\u00e1sz iskol\u00e1b\u00f3l j\u00f6ttem \u00e1t Kecskem\u00e9tr\u0151l Szolnokra. De nem b\u00e1ntam meg, mert \u00e9n \u00fagy gondolom, nagyon j\u00f3 tan\u00e1raim voltak: itt a k\u00e9mi\u00e1t, majdhogynem megszerettem, pedig nem sokan szeretik az\u00e9rt.&#8221;<\/p>\n<p>A Szolnoki Szolg\u00e1ltat\u00e1si Szakk\u00e9pz\u00e9si Centrum k\u00e9pz\u00e9si-sk\u00e1l\u00e1ja nagyon sz\u00e9les, \u00edgy szakm\u00e1t\u00f3l f\u00fcgg\u0151en egyt\u0151l \u00f6t \u00e9vet is el lehet t\u00f6lteni a tagint\u00e9zm\u00e9nyek falai k\u00f6z\u00f6tt.<\/p>\n<p>-Szolg\u00e1ltat\u00e1si Centrumk\u00e9nt azt mondom, nagyon j\u00f3 helyzet\u00fck van a fiataloknak \u00e9s akik Magyarorsz\u00e1gon szeretn\u00e9nek dolgozni, val\u00f3sz\u00edn\u0171, hogy tal\u00e1lnak maguknak munk\u00e1t. Az eg\u00e9szs\u00e9g\u00fcgy tal\u00e1n a legkedvez\u0151bb helyzet a tanul\u00f3k sz\u00e1m\u00e1ra, nagyon sok \u00e1ll\u00e1st hirdetnek. De egy\u00e9bk\u00e9nt a t\u00f6bbi szakm\u00e1ban is: ak\u00e1r a h\u00fasipari term\u00e9nygy\u00e1rt\u00f3, pinc\u00e9r, cukr\u00e1sz, szak\u00e1cs, sz\u00e1m\u00edt\u00f3g\u00e9p szerel\u0151, karbantart\u00f3, keresked\u0151. \u00c9n azt gondolom, aki dolgozni szeretne, mindenki megtal\u00e1lja a hely\u00e9t.&#8221; -nyilatkozta Kalm\u00e1r Andrea, a Szolnoki Szolg\u00e1ltat\u00e1si Szakk\u00e9pz\u00e9si Centrum f\u0151igazgat\u00f3ja.<br \/>A tanul\u00f3k a szakk\u00e9pz\u0151 iskol\u00e1kban h\u00e1rom \u00e9v alatt szereznek bizony\u00edtv\u00e1ny. Akik \u00e9retts\u00e9gire \u00e9p\u00fcl\u0151 k\u00e9pz\u00e9sben vesznek r\u00e9szt  &#8211;   mint p\u00e9ld\u00e1ul a keresked\u0151k &#8211; \u0151k a szakk\u00f6z\u00e9piskol\u00e1t k\u00f6vet\u0151en egy vagy k\u00e9t \u00e9vet tanulnak m\u00e9g. Az \u00e9retts\u00e9gire \u00e9p\u00fcl\u0151 k\u00e9pz\u00e9sek &#8211; mint p\u00e9ld\u00e1ul a ment\u0151\u00e1pol\u00f3 &#8211; k\u00e9t \u00e9s f\u00e9l \u00e9v alatt v\u00e9gezhet\u0151 el. A Szakk\u00e9pz\u00e9si Centrum folyamatos fejleszt\u00e9se \u00e9rdek\u00e9ben &#8211;  a bizony\u00edtv\u00e1ny-\u00e1tad\u00f3 \u00fcnneps\u00e9get k\u00f6vet\u0151en  &#8211;   tan\u00e9vz\u00e1r\u00f3 \u00e9rtekezletet is tartott, melynek f\u00f3kusz\u00e1ban a k\u00f6znevel\u00e9s m\u00f3dszertani meg\u00faj\u00edt\u00e1sa \u00e1llt.<\/p>\n<div style=\"width: 640px;\" class=\"wp-video\"><!--[if lt IE 9]><script>document.createElement('video');<\/script><![endif]-->\n<video class=\"wp-video-shortcode\" id=\"video-9400-1\" width=\"640\" height=\"360\" preload=\"metadata\" controls=\"controls\"><source type=\"video\/mp4\" src=\"\/spots\/hir\/hir_180629_03.mp4?_=1\" \/><a href=\"\/spots\/hir\/hir_180629_03.mp4\">\/spots\/hir\/hir_180629_03.mp4<\/a><\/video><\/div>\n","protected":false},"excerpt":{"rendered":"<p>A bizony\u00edtv\u00e1nyok k\u00e9zhezv\u00e9tel\u00e9t k\u00f6vet\u0151en a frissen v\u00e9gzett tanul\u00f3k nagy r\u00e9sze, szinte r\u00f6gt\u00f6n el is helyezkedik a munkaer\u0151piacon. Ezt, a Szakk\u00e9pz\u00e9si Centrum \u00e1ltal, biztos szakmai tud\u00e1ssal felv\u00e9rtezve tehetik a fiatalok. Farkas Krisztina n\u0151i szab\u00f3 k\u00e9pes\u00edt\u00e9st szerzett a 3 \u00e9ves k\u00e9pz\u00e9s sor\u00e1n. -Anyuk\u00e1mmal is ezzel foglalkozott \u00e9s nagyon megtetszett ez sz\u00e1momra. M\u00e1r kis koromba is pr\u00f3b\u00e1ltam varrogatni [&hellip;]<\/p>\n","protected":false},"author":2,"featured_media":0,"comment_status":"closed","ping_status":"closed","sticky":false,"template":"","format":"standard","meta":[],"categories":[9],"tags":[],"_links":{"self":[{"href":"http:\/\/archiv.szolnoktv.hu\/index.php?rest_route=\/wp\/v2\/posts\/9400"}],"collection":[{"href":"http:\/\/archiv.szolnoktv.hu\/index.php?rest_route=\/wp\/v2\/posts"}],"about":[{"href":"http:\/\/archiv.szolnoktv.hu\/index.php?rest_route=\/wp\/v2\/types\/post"}],"author":[{"embeddable":true,"href":"http:\/\/archiv.szolnoktv.hu\/index.php?rest_route=\/wp\/v2\/users\/2"}],"replies":[{"embeddable":true,"href":"http:\/\/archiv.szolnoktv.hu\/index.php?rest_route=%2Fwp%2Fv2%2Fcomments&post=9400"}],"version-history":[{"count":1,"href":"http:\/\/archiv.szolnoktv.hu\/index.php?rest_route=\/wp\/v2\/posts\/9400\/revisions"}],"predecessor-version":[{"id":9415,"href":"http:\/\/archiv.szolnoktv.hu\/index.php?rest_route=\/wp\/v2\/posts\/9400\/revisions\/9415"}],"wp:attachment":[{"href":"http:\/\/archiv.szolnoktv.hu\/index.php?rest_route=%2Fwp%2Fv2%2Fmedia&parent=9400"}],"wp:term":[{"taxonomy":"category","embeddable":true,"href":"http:\/\/archiv.szolnoktv.hu\/index.php?rest_route=%2Fwp%2Fv2%2Fcategories&post=9400"},{"taxonomy":"post_tag","embeddable":true,"href":"http:\/\/archiv.szolnoktv.hu\/index.php?rest_route=%2Fwp%2Fv2%2Ftags&post=9400"}],"curies":[{"name":"wp","href":"https:\/\/api.w.org\/{rel}","templated":true}]}}