{"id":9399,"date":"2018-06-29T17:14:28","date_gmt":"2018-06-29T17:14:28","guid":{"rendered":"http:\/\/archiv.szolnoktv.hu\/?p=9399"},"modified":"2021-08-14T14:37:23","modified_gmt":"2021-08-14T14:37:23","slug":"valtozik-a-buntetoeljarasi-kodex","status":"publish","type":"post","link":"http:\/\/archiv.szolnoktv.hu\/?p=9399","title":{"rendered":"V\u00e1ltozik a B\u00fcntet\u0151elj\u00e1r\u00e1si K\u00f3dex"},"content":{"rendered":"<div class='booster-block booster-read-block'><\/div><p>2018. j\u00falius 1-\u00e9n hat\u00e1lyba l\u00e9p a 2017. \u00e9vi XC. t\u00f6rv\u00e9ny, azaz az \u00faj b\u00fcntet\u0151elj\u00e1r\u00e1si t\u00f6rv\u00e9ny, ami azt jelenti, hogy h\u00e9tf\u0151t\u0151l, azaz j\u00falius 2-t\u00f3l m\u00e1r ez alapj\u00e1n dolgoznak a t\u00f6rv\u00e9nysz\u00e9ken. <\/p>\n<p>-Nem kis kih\u00edv\u00e1st jelentett az erre val\u00f3 felk\u00e9sz\u00fcl\u00e9s a b\u00fcntet\u0151jogban dolgoz\u00f3k sz\u00e1m\u00e1ra, nem csak a b\u00edr\u00f3s\u00e1gokat \u00e9rinti, ez az \u00fcgy\u00e9szs\u00e9geket, a rend\u0151rs\u00e9geket, m\u00e1s nyomoz\u00f3hat\u00f3s\u00e1got is.&#8221;  &#8211;   mondta Dr. Pongr\u00e1cz Zsolt, a Szolnoki T\u00f6rv\u00e9nysz\u00e9k b\u00fcntet\u0151 koll\u00e9giumvezet\u0151je<\/p>\n<p>Az \u00faj t\u00f6rv\u00e9ny az elj\u00e1r\u00e1sok egyszer\u0171s\u00edt\u00e9se, \u00e9s a gyorsabb d\u00f6nt\u00e9shozatal szellem\u00e9ben k\u00e9sz\u00fclt. Alkalmaz\u00e1s\u00e1val, tov\u00e1bb lehet gyors\u00edtani azt a kedvez\u0151 folyamatot, amely eredm\u00e9nyek\u00e9nt 2012-r\u0151l 2016-ra 36 sz\u00e1zal\u00e9kkal cs\u00f6kkent a k\u00e9t \u00e9ven t\u00fali elj\u00e1r\u00e1sok sz\u00e1ma. <\/p>\n<p>Dr. Papp Judit, a Szolnoki T\u00f6rv\u00e9nysz\u00e9k sajt\u00f3sz\u00f3viv\u0151je elmondta: -Az \u00faj B\u00fcntet\u0151elj\u00e1r\u00e1si T\u00f6rv\u00e9ny m\u00e1r a nyomoz\u00e1s sor\u00e1n k\u00fcl\u00f6nb\u00f6z\u0151 \u00faj jogint\u00e9zm\u00e9nyeket vezet be, ezek k\u00f6z\u00fcl az egyik a felt\u00e9teles \u00fcgy\u00e9szi felf\u00fcggeszt\u00e9s, amely a v\u00e1demel\u00e9s elhalaszt\u00e1s\u00e1t v\u00e1ltja fel \u00e9s a s\u00e9rtett jogainak min\u00e9l el\u0151bbi kiel\u00e9g\u00edt\u00e9s\u00e9t szolg\u00e1lja a k\u00f6zvet\u00edt\u0151i elj\u00e1r\u00e1s.&#8221; <\/p>\n<p>A k\u00f6zvet\u00edt\u0151i elj\u00e1r\u00e1s eddig is ismert volt, viszont mostant\u00f3l m\u00e1r csak a nyomoz\u00e1s sor\u00e1n lesz lehet\u0151s\u00e9g az alkalmaz\u00e1s\u00e1ra, \u00edgy kedvez\u0151 esetben a s\u00e9rtett \u00e9s a terhelt megegyez\u00e9se eset\u00e9n a b\u00fcntet\u0151elj\u00e1r\u00e1s m\u00e1r a nyomozati szakban lez\u00e1rulhat. \u00daj lehet\u0151s\u00e9gk\u00e9nt jelenik meg az egyezs\u00e9gk\u00f6t\u00e9s int\u00e9zm\u00e9nye, amelyben az \u00fcgy\u00e9sz \u00e9s a terhelt megegyezhet abban, hogy milyen jogk\u00f6vetkezm\u00e9nyek ker\u00fcljenek alkalmaz\u00e1sra. <\/p>\n<p>-Ez nem azt jelenti, hogy v\u00e1dalkut lehet k\u00f6tni, teh\u00e1t tulajdonk\u00e9ppen a t\u00e9ny\u00e1ll\u00e1sr\u00f3l nem lehet egyezkedni, csup\u00e1n a jogk\u00f6vetkezm\u00e9nyek k\u00f6r\u00e9ben lehet egyezs\u00e9get k\u00f6tni. Nagyon fontos garanci\u00e1lis szab\u00e1ly, hogy ezt az egyezs\u00e9get a b\u00edr\u00f3s\u00e1gnak j\u00f3v\u00e1 kell hagynia.&#8221;  &#8211;   mondta Dr. Papp Judit<\/p>\n<p>Az \u00faj t\u00f6rv\u00e9ny emellett a t\u00f6bbi k\u00f6z\u00f6tt a k\u00e9nyszerint\u00e9zked\u00e9sek ter\u00fclet\u00e9n is jelent\u0151s v\u00e1ltoz\u00e1sokat hoz: h\u00e9tf\u0151t\u0151l a h\u00e1zi \u0151rizetet, valamint a lakhelyelhagy\u00e1si tilalmat egys\u00e9gesen b\u0171n\u00fcgyi fel\u00fcgyeletnek fogj\u00e1k nevezni, valamint az el\u0151zetes letart\u00f3ztat\u00e1s neve is letart\u00f3ztat\u00e1sra m\u00f3dosul. <\/p>\n<p>-Nem csak az elnevez\u00e9sek v\u00e1ltoztak a k\u00e9nyszerint\u00e9zked\u00e9sek k\u00f6r\u00e9ben, hanem az alapvet\u0151 rendelkez\u00e9sek k\u00f6z\u00e9 ker\u00fclt az, hogy a terhelt szabadl\u00e1bon v\u00e9dekezhet. Ez azt jelenti, hogy a b\u00edr\u00f3s\u00e1gnak mindig a legenyh\u00e9bb k\u00e9nyszerint\u00e9zked\u00e9s alkalmaz\u00e1s\u00e1t kell vizsg\u00e1lnia.&#8221; &#8211; mondta Dr. Papp Judit<\/p>\n<p>A v\u00e1rakoz\u00e1sok szerint az \u00faj t\u00f6rv\u00e9nnyel jelent\u0151sen gyorsabb\u00e1 v\u00e1lnak majd a b\u00fcntet\u0151jogi elj\u00e1r\u00e1sok.<\/p>\n<div style=\"width: 640px;\" class=\"wp-video\"><!--[if lt IE 9]><script>document.createElement('video');<\/script><![endif]-->\n<video class=\"wp-video-shortcode\" id=\"video-9399-1\" width=\"640\" height=\"360\" preload=\"metadata\" controls=\"controls\"><source type=\"video\/mp4\" src=\"\/spots\/hir\/hir_180629_02.mp4?_=1\" \/><a href=\"\/spots\/hir\/hir_180629_02.mp4\">\/spots\/hir\/hir_180629_02.mp4<\/a><\/video><\/div>\n","protected":false},"excerpt":{"rendered":"<p>2018. j\u00falius 1-\u00e9n hat\u00e1lyba l\u00e9p a 2017. \u00e9vi XC. t\u00f6rv\u00e9ny, azaz az \u00faj b\u00fcntet\u0151elj\u00e1r\u00e1si t\u00f6rv\u00e9ny, ami azt jelenti, hogy h\u00e9tf\u0151t\u0151l, azaz j\u00falius 2-t\u00f3l m\u00e1r ez alapj\u00e1n dolgoznak a t\u00f6rv\u00e9nysz\u00e9ken. -Nem kis kih\u00edv\u00e1st jelentett az erre val\u00f3 felk\u00e9sz\u00fcl\u00e9s a b\u00fcntet\u0151jogban dolgoz\u00f3k sz\u00e1m\u00e1ra, nem csak a b\u00edr\u00f3s\u00e1gokat \u00e9rinti, ez az \u00fcgy\u00e9szs\u00e9geket, a rend\u0151rs\u00e9geket, m\u00e1s nyomoz\u00f3hat\u00f3s\u00e1got is.&#8221; &#8211; [&hellip;]<\/p>\n","protected":false},"author":2,"featured_media":0,"comment_status":"closed","ping_status":"closed","sticky":false,"template":"","format":"standard","meta":[],"categories":[9],"tags":[],"_links":{"self":[{"href":"http:\/\/archiv.szolnoktv.hu\/index.php?rest_route=\/wp\/v2\/posts\/9399"}],"collection":[{"href":"http:\/\/archiv.szolnoktv.hu\/index.php?rest_route=\/wp\/v2\/posts"}],"about":[{"href":"http:\/\/archiv.szolnoktv.hu\/index.php?rest_route=\/wp\/v2\/types\/post"}],"author":[{"embeddable":true,"href":"http:\/\/archiv.szolnoktv.hu\/index.php?rest_route=\/wp\/v2\/users\/2"}],"replies":[{"embeddable":true,"href":"http:\/\/archiv.szolnoktv.hu\/index.php?rest_route=%2Fwp%2Fv2%2Fcomments&post=9399"}],"version-history":[{"count":1,"href":"http:\/\/archiv.szolnoktv.hu\/index.php?rest_route=\/wp\/v2\/posts\/9399\/revisions"}],"predecessor-version":[{"id":9416,"href":"http:\/\/archiv.szolnoktv.hu\/index.php?rest_route=\/wp\/v2\/posts\/9399\/revisions\/9416"}],"wp:attachment":[{"href":"http:\/\/archiv.szolnoktv.hu\/index.php?rest_route=%2Fwp%2Fv2%2Fmedia&parent=9399"}],"wp:term":[{"taxonomy":"category","embeddable":true,"href":"http:\/\/archiv.szolnoktv.hu\/index.php?rest_route=%2Fwp%2Fv2%2Fcategories&post=9399"},{"taxonomy":"post_tag","embeddable":true,"href":"http:\/\/archiv.szolnoktv.hu\/index.php?rest_route=%2Fwp%2Fv2%2Ftags&post=9399"}],"curies":[{"name":"wp","href":"https:\/\/api.w.org\/{rel}","templated":true}]}}