{"id":9398,"date":"2018-06-29T17:12:39","date_gmt":"2018-06-29T17:12:39","guid":{"rendered":"http:\/\/archiv.szolnoktv.hu\/?p=9398"},"modified":"2021-08-14T14:37:23","modified_gmt":"2021-08-14T14:37:23","slug":"meg-mindig-problema-az-illegalis-hulladeklerakas","status":"publish","type":"post","link":"http:\/\/archiv.szolnoktv.hu\/?p=9398","title":{"rendered":"M\u00e9g mindig probl\u00e9ma az illeg\u00e1lis hullad\u00e9klerak\u00e1s"},"content":{"rendered":"<div class='booster-block booster-read-block'><\/div><p>\u00cdgy n\u00e9z ki az a hullad\u00e9kgy\u0171jt\u0151 sziget, amit a Szolnok Isp\u00e1n krt. 10 emeletesein\u00e9l helyeztek el. A c\u00edmk\u00e9knek megfelel\u0151en a kont\u00e9nerekbe feh\u00e9r \u00fcveget, sz\u00ednes palackokat, pap\u00edrt \u00e9s m\u0171anyag hullad\u00e9kot lehet dobni. Azonban az illeg\u00e1lis hullad\u00e9k lerak\u00e1st ez sem orvosolja. A kont\u00e9nerek mellett csemp\u00e9t \u00e9s \u00fcveglapokat is l\u00e1tni. <\/p>\n<p>-Az elm\u00falt id\u0151szakban egyre t\u00f6bb hullad\u00e9kgy\u0171jt\u0151 szigetn\u00e9l jelent meg az illeg\u00e1lis hullad\u00e9knak a lerak\u00e1sa a c\u00e9gnek \u00f3ri\u00e1si probl\u00e9m\u00e1t jelent ezeknek az illeg\u00e1lis hullad\u00e9koknak az elsz\u00e1ll\u00edt\u00e1sa. Az \u00f6nkorm\u00e1nyzatnak pedig jelent\u0151s k\u00f6lts\u00e9get.&#8221;- mondta Lits L\u00e1szl\u00f3 a NHSZ Szolnok K\u00f6zszolg\u00e1ltat\u00f3 Nonprofit Kft. \u00fcgyvezet\u0151-igazgat\u00f3ja.<\/p>\n<p>A V\u00e1rosi Tanuszoda el\u0151tti T\u00f6r\u00f6k \u00faton sem jobb a helyzet, ahol a kont\u00e9nerek \u00fcr\u00edt\u00e9s\u00e9t a parkol\u00f3 aut\u00f3k is akad\u00e1lyozz\u00e1k. Itt a meg\u00e1llni tilos t\u00e1bla sem seg\u00edt.<\/p>\n<p>-Itt a T\u00f6r\u00f6k \u00fati probl\u00e9m\u00e1t is pontosan l\u00e1tjuk. Itt a meg\u00e1llni tilos t\u00e1bl\u00e1n\u00e1l parkol egy aut\u00f3 \u00e9s fokozatosan akad\u00e1lyozza a kont\u00e9ner \u00fcr\u00edt\u00e9s\u00e9t.&#8221;- tette hozz\u00e1 Lits L\u00e1szl\u00f3<\/p>\n<p>Az NHSZ Szolnok K\u00f6zszolg\u00e1ltat\u00f3 Nonprofit Kft. \u00e9s az \u00f6nkorm\u00e1nyzat arra k\u00e9ri a lakoss\u00e1got, hogy hagyj\u00e1k szabadon a szelekt\u00edv hullad\u00e9kgy\u0171jt\u0151 szigetek ter\u00fclt\u00e9t, ezzel seg\u00edtve a gyors \u00e9s rendszeres hullad\u00e9ksz\u00e1ll\u00edt\u00e1st.<\/p>\n<div style=\"width: 640px;\" class=\"wp-video\"><!--[if lt IE 9]><script>document.createElement('video');<\/script><![endif]-->\n<video class=\"wp-video-shortcode\" id=\"video-9398-1\" width=\"640\" height=\"360\" preload=\"metadata\" controls=\"controls\"><source type=\"video\/mp4\" src=\"\/spots\/hir\/hir_180629_01.mp4?_=1\" \/><a href=\"\/spots\/hir\/hir_180629_01.mp4\">\/spots\/hir\/hir_180629_01.mp4<\/a><\/video><\/div>\n","protected":false},"excerpt":{"rendered":"<p>\u00cdgy n\u00e9z ki az a hullad\u00e9kgy\u0171jt\u0151 sziget, amit a Szolnok Isp\u00e1n krt. 10 emeletesein\u00e9l helyeztek el. A c\u00edmk\u00e9knek megfelel\u0151en a kont\u00e9nerekbe feh\u00e9r \u00fcveget, sz\u00ednes palackokat, pap\u00edrt \u00e9s m\u0171anyag hullad\u00e9kot lehet dobni. Azonban az illeg\u00e1lis hullad\u00e9k lerak\u00e1st ez sem orvosolja. A kont\u00e9nerek mellett csemp\u00e9t \u00e9s \u00fcveglapokat is l\u00e1tni. -Az elm\u00falt id\u0151szakban egyre t\u00f6bb hullad\u00e9kgy\u0171jt\u0151 szigetn\u00e9l jelent [&hellip;]<\/p>\n","protected":false},"author":2,"featured_media":0,"comment_status":"closed","ping_status":"closed","sticky":false,"template":"","format":"standard","meta":[],"categories":[9],"tags":[],"_links":{"self":[{"href":"http:\/\/archiv.szolnoktv.hu\/index.php?rest_route=\/wp\/v2\/posts\/9398"}],"collection":[{"href":"http:\/\/archiv.szolnoktv.hu\/index.php?rest_route=\/wp\/v2\/posts"}],"about":[{"href":"http:\/\/archiv.szolnoktv.hu\/index.php?rest_route=\/wp\/v2\/types\/post"}],"author":[{"embeddable":true,"href":"http:\/\/archiv.szolnoktv.hu\/index.php?rest_route=\/wp\/v2\/users\/2"}],"replies":[{"embeddable":true,"href":"http:\/\/archiv.szolnoktv.hu\/index.php?rest_route=%2Fwp%2Fv2%2Fcomments&post=9398"}],"version-history":[{"count":1,"href":"http:\/\/archiv.szolnoktv.hu\/index.php?rest_route=\/wp\/v2\/posts\/9398\/revisions"}],"predecessor-version":[{"id":9417,"href":"http:\/\/archiv.szolnoktv.hu\/index.php?rest_route=\/wp\/v2\/posts\/9398\/revisions\/9417"}],"wp:attachment":[{"href":"http:\/\/archiv.szolnoktv.hu\/index.php?rest_route=%2Fwp%2Fv2%2Fmedia&parent=9398"}],"wp:term":[{"taxonomy":"category","embeddable":true,"href":"http:\/\/archiv.szolnoktv.hu\/index.php?rest_route=%2Fwp%2Fv2%2Fcategories&post=9398"},{"taxonomy":"post_tag","embeddable":true,"href":"http:\/\/archiv.szolnoktv.hu\/index.php?rest_route=%2Fwp%2Fv2%2Ftags&post=9398"}],"curies":[{"name":"wp","href":"https:\/\/api.w.org\/{rel}","templated":true}]}}