{"id":9397,"date":"2018-06-28T19:44:38","date_gmt":"2018-06-28T19:44:38","guid":{"rendered":"http:\/\/archiv.szolnoktv.hu\/?p=9397"},"modified":"2021-08-14T14:37:23","modified_gmt":"2021-08-14T14:37:23","slug":"megrongaltak-a-kossuth-teri-bronz-kutyaszobrot","status":"publish","type":"post","link":"http:\/\/archiv.szolnoktv.hu\/?p=9397","title":{"rendered":"Megrong\u00e1lt\u00e1k a Kossuth t\u00e9ri bronz kutyaszobrot"},"content":{"rendered":"<div class='booster-block booster-read-block'><\/div><p>Nemr\u00e9g a sz\u00e1nd\u00e9kos rong\u00e1l\u00e1s miatt megs\u00e9r\u00fclt g\u00f6rdeszk\u00e1s fi\u00fa szobr\u00e1t kellett kijav\u00edtani, m\u00e1ris itt a k\u00f6vetkez\u0151 k\u00e1reset. Ez\u00fattal a t\u00e9r ellenkez\u0151 oldal\u00e1n, a bronz kutyaszobor szenvedett s\u00e9r\u00fcl\u00e9st.<\/p>\n<p>&#8220;A t\u00e9rre behajt\u00e1si enged\u00e9ly n\u00e9lk\u00fcl egy szem\u00e9lyg\u00e9pkocsi be\u00e1llt \u00e9s amikor tolatott visszafel\u00e9, t\u00fal k\u00f6zel ment mag\u00e1hoz a szoborhoz, a g\u00e9pj\u00e1rm\u0171 h\u00e1tulja beleakadt a szobor h\u00e1ts\u00f3 r\u00e9sz\u00e9be \u00e9s a kutyusnak a fark\u00e1t let\u00f6rte.&#8221;- tudtuk meg  Petre Anna v\u00e1ros\u00fczemeltet\u00e9si \u00fcgyint\u00e9z\u0151t\u0151l<\/p>\n<p>A szemtanuk bejelent\u00e9se nyom\u00e1n siker\u00fclt megtal\u00e1lni a g\u00e9pkocsit \u00e9s tulajdonos\u00e1t aki elismert tett\u00e9t.<\/p>\n<p>&#8220;A k\u00e1resem\u00e9ny ut\u00e1n azonnal f\u00f6lvett\u00fck a kapcsolatot a szobornak az alkot\u00f3j\u00e1val \u00e9s \u0151 k\u00e9rte, hogy a tov\u00e1bbi \u00e1llagroml\u00e1s megel\u0151z\u00e9se v\u00e9gett a szobrot csomagoljuk be. maga ez a szobortest \u00fcreges \u00e9s, hogy a csapad\u00e9kv\u00edz ne follyon bele ez\u00e9rt becsomagoltuk.&#8221;<\/p>\n<p>De m\u00e1s oka is volt a csonk befed\u00e9s\u00e9nek.<\/p>\n<p> &#8220;Ahogy megn\u00e9zz\u00fck k\u00f6zelebbr\u0151l a t\u00f6r\u00e9sfel\u00fcletet, itt is l\u00e1tszik, hogy mennyire \u00e9lesen t\u00f6rt el maga ez a bronz test. Borzaszt\u00f3 \u00e9lesek ezek a ki\u00e1ll\u00f3 r\u00e9szek \u00e9s ez\u00e9rt is sz\u00fcks\u00e9g volt a balesetmegel\u0151z\u00e9s v\u00e9gett a szobornak a becsomagol\u00e1s\u00e1ra.&#8221;<\/p>\n<p>Az \u00f6nkorm\u00e1nyzat munkat\u00e1rsai t\u00f6bbsz\u00f6r is visszacsomagolt\u00e1k a szobrot, mert a j\u00e1r\u00f3kel\u0151k \u00fajra- \u00e9s \u00fajra let\u00e9pik r\u00f3la a fekete nylont. \u00c1ll\u00edtj\u00e1k- volt olyan aki a szoborkutya orr\u00e1t csak az\u00e9rt tette szabadd\u00e1, hogy az leveg\u0151t kapjon. A rong\u00e1l\u00e1ssal okozott k\u00e1r t\u00f6bb sz\u00e1zezer forint. Az alkot\u00f3- Kligl S\u00e1ndor szobr\u00e1szm\u0171v\u00e9sz hamarosan a helysz\u00ednen jav\u00edtja ki a hib\u00e1t.<br \/>\n<br \/>\n<div style=\"width: 640px;\" class=\"wp-video\"><!--[if lt IE 9]><script>document.createElement('video');<\/script><![endif]-->\n<video class=\"wp-video-shortcode\" id=\"video-9397-1\" width=\"640\" height=\"360\" preload=\"metadata\" controls=\"controls\"><source type=\"video\/mp4\" src=\"\/spots\/hir\/hir_180628_06.mp4?_=1\" \/><a href=\"\/spots\/hir\/hir_180628_06.mp4\">\/spots\/hir\/hir_180628_06.mp4<\/a><\/video><\/div><\/p>\n","protected":false},"excerpt":{"rendered":"<p>Nemr\u00e9g a sz\u00e1nd\u00e9kos rong\u00e1l\u00e1s miatt megs\u00e9r\u00fclt g\u00f6rdeszk\u00e1s fi\u00fa szobr\u00e1t kellett kijav\u00edtani, m\u00e1ris itt a k\u00f6vetkez\u0151 k\u00e1reset. Ez\u00fattal a t\u00e9r ellenkez\u0151 oldal\u00e1n, a bronz kutyaszobor szenvedett s\u00e9r\u00fcl\u00e9st. &#8220;A t\u00e9rre behajt\u00e1si enged\u00e9ly n\u00e9lk\u00fcl egy szem\u00e9lyg\u00e9pkocsi be\u00e1llt \u00e9s amikor tolatott visszafel\u00e9, t\u00fal k\u00f6zel ment mag\u00e1hoz a szoborhoz, a g\u00e9pj\u00e1rm\u0171 h\u00e1tulja beleakadt a szobor h\u00e1ts\u00f3 r\u00e9sz\u00e9be \u00e9s a kutyusnak [&hellip;]<\/p>\n","protected":false},"author":2,"featured_media":0,"comment_status":"closed","ping_status":"closed","sticky":false,"template":"","format":"standard","meta":[],"categories":[9],"tags":[],"_links":{"self":[{"href":"http:\/\/archiv.szolnoktv.hu\/index.php?rest_route=\/wp\/v2\/posts\/9397"}],"collection":[{"href":"http:\/\/archiv.szolnoktv.hu\/index.php?rest_route=\/wp\/v2\/posts"}],"about":[{"href":"http:\/\/archiv.szolnoktv.hu\/index.php?rest_route=\/wp\/v2\/types\/post"}],"author":[{"embeddable":true,"href":"http:\/\/archiv.szolnoktv.hu\/index.php?rest_route=\/wp\/v2\/users\/2"}],"replies":[{"embeddable":true,"href":"http:\/\/archiv.szolnoktv.hu\/index.php?rest_route=%2Fwp%2Fv2%2Fcomments&post=9397"}],"version-history":[{"count":1,"href":"http:\/\/archiv.szolnoktv.hu\/index.php?rest_route=\/wp\/v2\/posts\/9397\/revisions"}],"predecessor-version":[{"id":9418,"href":"http:\/\/archiv.szolnoktv.hu\/index.php?rest_route=\/wp\/v2\/posts\/9397\/revisions\/9418"}],"wp:attachment":[{"href":"http:\/\/archiv.szolnoktv.hu\/index.php?rest_route=%2Fwp%2Fv2%2Fmedia&parent=9397"}],"wp:term":[{"taxonomy":"category","embeddable":true,"href":"http:\/\/archiv.szolnoktv.hu\/index.php?rest_route=%2Fwp%2Fv2%2Fcategories&post=9397"},{"taxonomy":"post_tag","embeddable":true,"href":"http:\/\/archiv.szolnoktv.hu\/index.php?rest_route=%2Fwp%2Fv2%2Ftags&post=9397"}],"curies":[{"name":"wp","href":"https:\/\/api.w.org\/{rel}","templated":true}]}}