{"id":9396,"date":"2018-06-28T17:52:45","date_gmt":"2018-06-28T17:52:45","guid":{"rendered":"http:\/\/archiv.szolnoktv.hu\/?p=9396"},"modified":"2021-08-14T14:37:23","modified_gmt":"2021-08-14T14:37:23","slug":"ket-halott-illetve-tobb-mint-20-konnyu-es-sulyos-serult-a-debreceni-uti-mentobalesetben","status":"publish","type":"post","link":"http:\/\/archiv.szolnoktv.hu\/?p=9396","title":{"rendered":"K\u00e9t halott, illetve t\u00f6bb mint 20 k\u00f6nny\u0171 \u00e9s s\u00falyos s\u00e9r\u00fclt a Debreceni \u00fati ment\u0151balesetben"},"content":{"rendered":"<div class='booster-block booster-read-block'><\/div><p>Szerda k\u00e9s\u0151 estig tartott a Debreceni \u00faton t\u00f6rt\u00e9nt baleset helysz\u00ednel\u00e9se \u00e9s a roncsok elsz\u00e1ll\u00edt\u00e1sa. Eddig tiszt\u00e1zatlan okokb\u00f3l egy Szolnokra k\u00f6zleked\u0151, megk\u00fcl\u00f6nb\u00f6ztet\u0151 jelz\u00e9st haszn\u00e1l\u00f3 ment\u0151aut\u00f3 \u00e9s egy Szajol ir\u00e1ny\u00e1ba utasokat sz\u00e1ll\u00edt\u00f3 t\u00e1vols\u00e1gibusz \u00fctk\u00f6z\u00f6tt \u00f6ssze nem sokkal d\u00e9lut\u00e1n 6 \u00f3ra el\u0151tt.<\/p>\n<p>-A baleset helysz\u00edn\u00e9n ketten az \u00e9let\u00fcket vesztett\u00e9k, a tov\u00e1bbi s\u00e9r\u00fclteket ment\u0151helikopterrel \u00e9s ment\u0151aut\u00f3kkal sz\u00e1ll\u00edtottak k\u00f3rh\u00e1zba. Jelen pillanatban a s\u00e9r\u00fcltek sz\u00e1ma \u00f6sszes\u00edt\u00e9s alatt \u00e1ll.&#8221;  &#8211;   mondta Szab\u00f3 Zita r. alezredes, JNSZ megyei sajt\u00f3sz\u00f3viv\u0151<\/p>\n<p>A ment\u00e9shez a szolnoki t\u0171zolt\u00f3k nagy er\u0151kkel, \u00f6sszesen 6 aut\u00f3val kezdtek a Katasztr\u00f3fav\u00e9delmi M\u0171veleti Szolg\u00e1lat ir\u00e1ny\u00edt\u00e1s\u00e1val. A helysz\u00ednre \u00e9rkez\u0151 t\u0171zolt\u00f3k a s\u00e9r\u00fclt j\u00e1rm\u0171veket \u00e1ramtalan\u00edtott\u00e1k, illetve a s\u00e9r\u00fcltek kiszabad\u00edt\u00e1s\u00e1ban is r\u00e9szt vettek.<\/p>\n<p>-A ment\u0151aut\u00f3ba k\u00e9t szem\u00e9ly szorult be, \u0151k \u00f6ner\u0151b\u0151l nem tudt\u00e1k elhagyni a j\u00e1rm\u0171vet. A szolnoki hivat\u00e1sos t\u0171zolt\u00f3k hidraulikus ment\u0151berendez\u00e9s seg\u00edts\u00e9g\u00e9vel szabad\u00edtott\u00e1k ki \u0151ket a roncsb\u00f3l.&#8221;  &#8211;   fogalmazott N\u00e9meth \u00c1d\u00e1m t\u00fc. f\u0151t\u00f6rzs\u0151rmester, megyei katasztr\u00f3fav\u00e9delmi sz\u00f3viv\u0151<\/p>\n<p>A ment\u0151aut\u00f3ban sz\u00e1ll\u00edtott beteg, illetve a j\u00e1rm\u0171 vezet\u0151je a helysz\u00ednen \u00e9let\u00e9t vesztette. A ment\u0151\u00e1pol\u00f3 \u00e9letvesz\u00e9lyes s\u00e9r\u00fcl\u00e9seket, t\u00f6bbsz\u00f6r\u00f6s koponyat\u00f6r\u00e9st \u00e9s bordat\u00f6r\u00e9st szenvedett, a ment\u0151tiszt pedig s\u00falyosan megs\u00e9r\u00fclt. \u00c1llapotukat a helysz\u00ednen stabiliz\u00e1lt\u00e1k, majd ment\u0151helikopterekkel sz\u00e1ll\u00edtott\u00e1k \u0151ket a Honv\u00e9d K\u00f3rh\u00e1zba, illetve az Orsz\u00e1gos Baleseti \u00e9s S\u00fcrg\u0151ss\u00e9gi Int\u00e9zetbe. A busz utasait a szolnoki ment\u0151k l\u00e1tt\u00e1k el.<\/p>\n<p>-20 s\u00e9r\u00fclt volt a buszon, \u0151k javar\u00e9szt egy s\u00falyos s\u00e9r\u00fclt \u00e1llapota k\u00e9rd\u00e9ses, hogy \u0151 s\u00falyos, vagy k\u00f6nny\u0171 s\u00e9r\u00fclt lesz-e. Sajnos az itt l\u00e9v\u0151 bajt\u00e1rsunk\u00e9rt m\u00e1r nem tudtunk k\u00fczdeni, \u0151t elvesztett\u00fck. M\u00e9ly megrend\u00fcl\u00e9ssel vett\u00fck ezt tudom\u00e1sul. Az \u00e1ldozatok csal\u00e1djainak \u00e9s hozz\u00e1tartoz\u00f3iknak \u0151szinte r\u00e9szv\u00e9t\u00fcnket szeretn\u00e9nk kifejezni.&#8221;  &#8211; mondta Dr. Csat\u00f3 G\u00e1bor az OMSZ f\u0151igazgat\u00f3ja<\/p>\n<p>A buszon utaz\u00f3k t\u00f6bbs\u00e9ge k\u00f6nny\u0171 s\u00e9r\u00fcl\u00e9seket, jellemz\u0151en z\u00faz\u00f3d\u00e1sokat \u00e9s horzsol\u00e1sokat szenvedett a balesetben. \u00d5ket t\u00f6bb ment\u0151aut\u00f3val a Szolnoki Het\u00e9nyi G\u00e9za K\u00f3rh\u00e1z s\u00fcrg\u0151ss\u00e9gi oszt\u00e1ly\u00e1ra sz\u00e1ll\u00edtott\u00e1k, ahol ell\u00e1tt\u00e1k \u0151ket.<\/p>\n<p>-A baleset k\u00f6vetkezt\u00e9ben 22 s\u00e9r\u00fclt \u00e9rkezett az int\u00e9zetbe. K\u00f6z\u00fcll\u00fck 19-et el tudtunk engedni az ell\u00e1t\u00e1s ut\u00e1n, 3 s\u00e9r\u00fclt ker\u00fclt felv\u00e9telre az int\u00e9zetbe, 2 n\u0151 \u00e9s egy f\u00e9rfi s\u00e9r\u00fclt. K\u00f6z\u00fcll\u00fck ketten enyh\u00e9bb agyr\u00e1zk\u00f3d\u00e1st szenvedtek, egy s\u00e9r\u00fcltnek pedig kart\u00f6r\u00e9se van.&#8221;  &#8211;   emelte ki Dr. Maroska Anik\u00f3 \u00e1pol\u00e1si igazgat\u00f3<\/p>\n<p>A ma m\u00e9g a k\u00f3rh\u00e1zban \u00e1polt h\u00e1rom s\u00e9r\u00fclt \u00e1llapota kiel\u00e9g\u00edt\u0151, az enyh\u00e9bb agyr\u00e1zk\u00f3d\u00e1st szenvedett betegek m\u00e9g a mai nap haza mehettek, a kart\u00f6r\u00e9ses s\u00e9r\u00fcltet pedig szint\u00e9n megm\u0171t\u00f6tt\u00e9k. A rend\u0151rs\u00e9g vizsg\u00e1lja a baleset bek\u00f6vetkez\u00e9s\u00e9nek pontos k\u00f6r\u00fclm\u00e9nyeit \u00e9s ok\u00e1t.<\/p>\n<div style=\"width: 640px;\" class=\"wp-video\"><!--[if lt IE 9]><script>document.createElement('video');<\/script><![endif]-->\n<video class=\"wp-video-shortcode\" id=\"video-9396-1\" width=\"640\" height=\"360\" preload=\"metadata\" controls=\"controls\"><source type=\"video\/mp4\" src=\"\/spots\/hir\/hir_180628_03.mp4?_=1\" \/><a href=\"\/spots\/hir\/hir_180628_03.mp4\">\/spots\/hir\/hir_180628_03.mp4<\/a><\/video><\/div>\n","protected":false},"excerpt":{"rendered":"<p>Szerda k\u00e9s\u0151 estig tartott a Debreceni \u00faton t\u00f6rt\u00e9nt baleset helysz\u00ednel\u00e9se \u00e9s a roncsok elsz\u00e1ll\u00edt\u00e1sa. Eddig tiszt\u00e1zatlan okokb\u00f3l egy Szolnokra k\u00f6zleked\u0151, megk\u00fcl\u00f6nb\u00f6ztet\u0151 jelz\u00e9st haszn\u00e1l\u00f3 ment\u0151aut\u00f3 \u00e9s egy Szajol ir\u00e1ny\u00e1ba utasokat sz\u00e1ll\u00edt\u00f3 t\u00e1vols\u00e1gibusz \u00fctk\u00f6z\u00f6tt \u00f6ssze nem sokkal d\u00e9lut\u00e1n 6 \u00f3ra el\u0151tt. -A baleset helysz\u00edn\u00e9n ketten az \u00e9let\u00fcket vesztett\u00e9k, a tov\u00e1bbi s\u00e9r\u00fclteket ment\u0151helikopterrel \u00e9s ment\u0151aut\u00f3kkal sz\u00e1ll\u00edtottak k\u00f3rh\u00e1zba. Jelen [&hellip;]<\/p>\n","protected":false},"author":2,"featured_media":0,"comment_status":"closed","ping_status":"closed","sticky":false,"template":"","format":"standard","meta":[],"categories":[9],"tags":[],"_links":{"self":[{"href":"http:\/\/archiv.szolnoktv.hu\/index.php?rest_route=\/wp\/v2\/posts\/9396"}],"collection":[{"href":"http:\/\/archiv.szolnoktv.hu\/index.php?rest_route=\/wp\/v2\/posts"}],"about":[{"href":"http:\/\/archiv.szolnoktv.hu\/index.php?rest_route=\/wp\/v2\/types\/post"}],"author":[{"embeddable":true,"href":"http:\/\/archiv.szolnoktv.hu\/index.php?rest_route=\/wp\/v2\/users\/2"}],"replies":[{"embeddable":true,"href":"http:\/\/archiv.szolnoktv.hu\/index.php?rest_route=%2Fwp%2Fv2%2Fcomments&post=9396"}],"version-history":[{"count":1,"href":"http:\/\/archiv.szolnoktv.hu\/index.php?rest_route=\/wp\/v2\/posts\/9396\/revisions"}],"predecessor-version":[{"id":9419,"href":"http:\/\/archiv.szolnoktv.hu\/index.php?rest_route=\/wp\/v2\/posts\/9396\/revisions\/9419"}],"wp:attachment":[{"href":"http:\/\/archiv.szolnoktv.hu\/index.php?rest_route=%2Fwp%2Fv2%2Fmedia&parent=9396"}],"wp:term":[{"taxonomy":"category","embeddable":true,"href":"http:\/\/archiv.szolnoktv.hu\/index.php?rest_route=%2Fwp%2Fv2%2Fcategories&post=9396"},{"taxonomy":"post_tag","embeddable":true,"href":"http:\/\/archiv.szolnoktv.hu\/index.php?rest_route=%2Fwp%2Fv2%2Ftags&post=9396"}],"curies":[{"name":"wp","href":"https:\/\/api.w.org\/{rel}","templated":true}]}}