{"id":9395,"date":"2018-06-28T17:46:37","date_gmt":"2018-06-28T17:46:37","guid":{"rendered":"http:\/\/archiv.szolnoktv.hu\/?p=9395"},"modified":"2021-08-14T14:37:23","modified_gmt":"2021-08-14T14:37:23","slug":"fejlesztes-beszelo-szamitogepek-segitik-a-vakok-oktatasat","status":"publish","type":"post","link":"http:\/\/archiv.szolnoktv.hu\/?p=9395","title":{"rendered":"Fejleszt\u00e9s  &#8211;   besz\u00e9l\u0151 sz\u00e1m\u00edt\u00f3g\u00e9pek seg\u00edtik a vakok oktat\u00e1s\u00e1t"},"content":{"rendered":"<div class='booster-block booster-read-block'><\/div><p>Vakok \u00e9s Gyeng\u00e9nl\u00e1t\u00f3k J\u00e1sz-Nagykun-Szolnok Megyei Egyes\u00fclete  rengeteget fejl\u0151d\u00f6tt az ut\u00f3bbi id\u0151ben. Ma m\u00e1r 3 telephelyen t\u00f6bb tucat szolg\u00e1ltat\u00e1ssal v\u00e1rj\u00e1k tagjaikat. <\/p>\n<p>Pesti Zolt\u00e1nn\u00e9  eln\u00f6k, Vakok \u00e9s Gyeng\u00e9nl\u00e1t\u00f3k J\u00e1sz-Nagykun-Szolnok Megyei Egyes\u00fclete : <\/p>\n<p>-&#8220;A Sz\u00e1nt\u00f3 k\u00f6r\u00faton van az \u00e1ltal\u00e1nos \u00fcgyf\u00e9lszolg\u00e1latunk, illetve ott van a jogseg\u00e9ly \u00e9s a massz\u00e1zsszolg\u00e1ltat\u00e1sunk. A Hild Viktor \u00fati telephely\u00fcnk\u00f6n az orsz\u00e1gban a 8 rehab k\u00f6z\u00fcl az egyik, teh\u00e1t elemi rehabilit\u00e1ci\u00f3s k\u00f6zpont m\u0171k\u00f6dik, ahol otthon tan\u00edt\u00e1s \u00e9s k\u00f6zpontban tan\u00edt\u00e1s sor\u00e1n a l\u00e1t\u00e1ss\u00e9r\u00fclt szem\u00e9lyeket k\u00e9pzik, tan\u00edtj\u00e1k, itt pedig a valamikori els\u0151 irod\u00e1nk lett az oktat\u00f3term\u00fcnk itt a M\u00f3ra Ferenc \u00faton. &#8211;<\/p>\n<p>T\u00f6bb p\u00e1ly\u00e1zat 20 milli\u00f3 forintos t\u00e1mogat\u00e1s\u00e1b\u00f3l fejlesztett\u00e9k a telephelyeket. <\/p>\n<p>Ebben a teremben 8 munka\u00e1llom\u00e1son, speci\u00e1lis szoftverekkel felszerelt g\u00e9pek seg\u00edts\u00e9g\u00e9vel tanulhatnak g\u00e9p\u00edr\u00e1st \u00e9s informatikai ismereteket, k\u00e9s\u0151bb pedig nyelveket. <\/p>\n<p>-&#8220;300 f\u00f6l\u00f6tti tagl\u00e9tsz\u00e1mr\u00f3l besz\u00e9lhet\u00fcnk a  megy\u00e9ben, akik valamif\u00e9le ell\u00e1t\u00e1sban r\u00e9szes\u00fclnek az 200 f\u0151 k\u00f6r\u00fcl van \u00e9s azok akik magukat l\u00e1t\u00e1ss\u00e9r\u00fcltnek tartj\u00e1k  az 3500 f\u0151t \u00e9ri el. J\u00f3 helyen \u00e1llunk orsz\u00e1gos szinten is a megv\u00e1ltozott munkak\u00e9pess\u00e9g\u0171ek foglalkoztat\u00e1s\u00e1ban&#8221;- tette hozz\u00e1 az eln\u00f6k. . <\/p>\n<p> Az orsz\u00e1gos \u00e1tlag 10 % k\u00f6r\u00fcl van a Szolnok megyei \u00e1tlag pedig k\u00f6zel 15%. Legink\u00e1bb massz\u00e1zsra \u00e9s telefonos \u00fcgyf\u00e9lszolg\u00e1latos munk\u00e1kra alkalmazz\u00e1k \u0151ket, de a prec\u00edz k\u00e9zi munk\u00e1kban is dolgozhatnak. <\/p>\n<div style=\"width: 640px;\" class=\"wp-video\"><!--[if lt IE 9]><script>document.createElement('video');<\/script><![endif]-->\n<video class=\"wp-video-shortcode\" id=\"video-9395-1\" width=\"640\" height=\"360\" preload=\"metadata\" controls=\"controls\"><source type=\"video\/mp4\" src=\"\/spots\/hir\/hir_180628_02.mp4?_=1\" \/><a href=\"\/spots\/hir\/hir_180628_02.mp4\">\/spots\/hir\/hir_180628_02.mp4<\/a><\/video><\/div>\n","protected":false},"excerpt":{"rendered":"<p>Vakok \u00e9s Gyeng\u00e9nl\u00e1t\u00f3k J\u00e1sz-Nagykun-Szolnok Megyei Egyes\u00fclete rengeteget fejl\u0151d\u00f6tt az ut\u00f3bbi id\u0151ben. Ma m\u00e1r 3 telephelyen t\u00f6bb tucat szolg\u00e1ltat\u00e1ssal v\u00e1rj\u00e1k tagjaikat. Pesti Zolt\u00e1nn\u00e9 eln\u00f6k, Vakok \u00e9s Gyeng\u00e9nl\u00e1t\u00f3k J\u00e1sz-Nagykun-Szolnok Megyei Egyes\u00fclete : -&#8220;A Sz\u00e1nt\u00f3 k\u00f6r\u00faton van az \u00e1ltal\u00e1nos \u00fcgyf\u00e9lszolg\u00e1latunk, illetve ott van a jogseg\u00e9ly \u00e9s a massz\u00e1zsszolg\u00e1ltat\u00e1sunk. A Hild Viktor \u00fati telephely\u00fcnk\u00f6n az orsz\u00e1gban a 8 rehab [&hellip;]<\/p>\n","protected":false},"author":2,"featured_media":0,"comment_status":"closed","ping_status":"closed","sticky":false,"template":"","format":"standard","meta":[],"categories":[9],"tags":[],"_links":{"self":[{"href":"http:\/\/archiv.szolnoktv.hu\/index.php?rest_route=\/wp\/v2\/posts\/9395"}],"collection":[{"href":"http:\/\/archiv.szolnoktv.hu\/index.php?rest_route=\/wp\/v2\/posts"}],"about":[{"href":"http:\/\/archiv.szolnoktv.hu\/index.php?rest_route=\/wp\/v2\/types\/post"}],"author":[{"embeddable":true,"href":"http:\/\/archiv.szolnoktv.hu\/index.php?rest_route=\/wp\/v2\/users\/2"}],"replies":[{"embeddable":true,"href":"http:\/\/archiv.szolnoktv.hu\/index.php?rest_route=%2Fwp%2Fv2%2Fcomments&post=9395"}],"version-history":[{"count":1,"href":"http:\/\/archiv.szolnoktv.hu\/index.php?rest_route=\/wp\/v2\/posts\/9395\/revisions"}],"predecessor-version":[{"id":9420,"href":"http:\/\/archiv.szolnoktv.hu\/index.php?rest_route=\/wp\/v2\/posts\/9395\/revisions\/9420"}],"wp:attachment":[{"href":"http:\/\/archiv.szolnoktv.hu\/index.php?rest_route=%2Fwp%2Fv2%2Fmedia&parent=9395"}],"wp:term":[{"taxonomy":"category","embeddable":true,"href":"http:\/\/archiv.szolnoktv.hu\/index.php?rest_route=%2Fwp%2Fv2%2Fcategories&post=9395"},{"taxonomy":"post_tag","embeddable":true,"href":"http:\/\/archiv.szolnoktv.hu\/index.php?rest_route=%2Fwp%2Fv2%2Ftags&post=9395"}],"curies":[{"name":"wp","href":"https:\/\/api.w.org\/{rel}","templated":true}]}}