{"id":9394,"date":"2018-06-28T17:32:05","date_gmt":"2018-06-28T17:32:05","guid":{"rendered":"http:\/\/archiv.szolnoktv.hu\/?p=9394"},"modified":"2021-08-14T14:37:24","modified_gmt":"2021-08-14T14:37:24","slug":"fejlesztesek-es-palyazatok-dontott-a-kozgyules","status":"publish","type":"post","link":"http:\/\/archiv.szolnoktv.hu\/?p=9394","title":{"rendered":"Fejleszt\u00e9sek \u00e9s p\u00e1ly\u00e1zatok  &#8211;   d\u00f6nt\u00f6tt a k\u00f6zgy\u0171l\u00e9s"},"content":{"rendered":"<div class='booster-block booster-read-block'><\/div><p>Elkezd\u0151d\u00f6tt a Sebest\u00e9ny k\u00f6r\u00fati Zagyva-h\u00edd fel\u00faj\u00edt\u00e1sa \u00e9s b\u00e1r a forgalom el\u0151l csak j\u00falius 15-t\u0151l z\u00e1rj\u00e1k le teljes sz\u00e9less\u00e9gben, a szakemberek m\u00e1r jav\u00e1ban dolgoznak azon, milyen megold\u00e1sokkal lehet felgyors\u00edtani a k\u00f6zleked\u00e9st a Szabads\u00e1g t\u00e9ri csom\u00f3pontban. Nem v\u00e9letlen teh\u00e1t, hogy a k\u00e9rd\u00e9s napirend el\u0151tt is felmer\u00fclt a szolnoki k\u00f6zgy\u0171l\u00e9s mai \u00fcl\u00e9s\u00e9n. Mint elhangzott, az elemz\u00e9sek, forgalomszimul\u00e1ci\u00f3k szerint j\u00f3val megn\u0151 majd a j\u00e1rm\u0171vek sz\u00e1ma a keresztez\u0151d\u00e9sben. Ez\u00e9rt \u00faj szab\u00e1lyoz\u00e1s \u00e9s egyben korl\u00e1toz\u00e1s l\u00e9p majd \u00e9letbe.<\/p>\n<p>&#8211; -A halad\u00e1si priorit\u00e1st \u00e9szak-d\u00e9li ir\u00e1nyban fogjuk er\u0151s\u00edteni, amit meg fog t\u00f6rni a Gutenberg t\u00e9r fel\u0151l \u00e9rkez\u0151 forgalom. Teh\u00e1t a f\u0151 k\u00f6zleked\u00e9si \u00fatvonal er\u0151s\u00edt\u00e9se azt a c\u00e9lt szolg\u00e1lja, hogy min\u00e9l gyorsabban ki\u00fcr\u00fclj\u00f6n a P\u00f3lya Tibor \u00fat  &#8211;   Tisza-h\u00edd rel\u00e1ci\u00f3ban az \u00fath\u00e1l\u00f3zat \u00e9s csak arra az id\u0151szakra k\u00edv\u00e1njuk megszak\u00edtani, amikor a Gutenberg t\u00e9r fel\u0151l \u00e9rkez\u0151 forgalmat be kell vezetni.&#8221;  &#8211;   mondta Fej\u00e9r Andor alpolg\u00e1rmester.<\/p>\n<p>\u00cdgy lesznek olyan \u00fatir\u00e1nyok, amiket a k\u00f6zleked\u0151k nem tudnak majd ig\u00e9nybe venni, ugyanakkor a Kossuth teret is megnyitj\u00e1k majd a forgalom el\u0151l. A pontos v\u00e1ltoz\u00e1sokr\u00f3l id\u0151ben \u00e9s r\u00e9szletes t\u00e1j\u00e9koztat\u00e1st adnak majd, mindenesetre a v\u00e1ros vezet\u00e9se \u00e9s a k\u00e9pvisel\u0151k is fokozott t\u00fcrelmet \u00e9s odafigyel\u00e9st k\u00e9rtek a k\u00f6zleked\u00e9s valamennyi r\u00e9sztvev\u0151j\u00e9t\u0151l. <br \/>A k\u00e9pvisel\u0151k az \u00fcl\u00e9sen beruh\u00e1z\u00e1sokr\u00f3l, fejleszt\u00e9sekr\u0151l is t\u00e1rgyaltak. Elk\u00e9sz\u00fclt a Szigligeti Sz\u00ednh\u00e1z rekonstrukci\u00f3j\u00e1nak valamennyi terve, az \u00e9p\u00edt\u00e9si enged\u00e9lyek is joger\u0151sek, \u00edgy m\u00e1r csak a korm\u00e1ny d\u00f6nt\u00e9se hi\u00e1nyzok a nett\u00f3 4,6 milli\u00e1rd forintba ker\u00fcl\u0151 munk\u00e1latokhoz. 300 milli\u00f3 forintb\u00f3l \u00e9p\u00edtik \u00e1t \u00e9s \u00faj\u00edtj\u00e1k fel az E\u00f6tv\u00f6s t\u00e9ri egykori id\u0151sek otthon\u00e1t, ahov\u00e1 majd a Hum\u00e1n Szolg\u00e1ltat\u00f3 K\u00f6zpont k\u00f6lt\u00f6zik. 50 milli\u00f3 forintot csoportos\u00edtottak \u00e1t \u00fat- \u00e9s j\u00e1rdafel\u00faj\u00edt\u00e1sokra, \u00e9p\u00edt\u00e9sekre, illetve gyalog\u00e1tkel\u0151hely l\u00e9tes\u00edt\u00e9s\u00e9re, \u00e9s 48 milli\u00f3 forintra p\u00e1ly\u00e1zik a v\u00e1ros az Aranyi S\u00e1ndor \u00dati B\u00f6lcs\u0151de rekonstrukci\u00f3j\u00e1ra.<br \/>A test\u00fclet megszavazta a lak\u00e1srendelet m\u00f3dos\u00edt\u00e1s\u00e1t is, ennek \u00e9rtelm\u00e9ben a Szolnok Hazav\u00e1r Program gyakornoki programj\u00e1ban r\u00e9sztvev\u0151, k\u00f6z\u00e9pfok\u00fa szakk\u00e9pes\u00edt\u00e9ssel rendelkez\u0151 fiatalokat seg\u00edti tov\u00e1bb a v\u00e1ros. <\/p>\n<p>&#8211; -Besz\u00e9lgett\u00fcnk azokkal a gyerekekkel  &#8211;   20 k\u00f6r\u00fcli l\u00e9tsz\u00e1m volt  &#8211;   akik szakk\u00e9pz\u0151 rendszereinkb\u0151l helyezkedtek el valahol a v\u00e1rosban \u00e9s ig\u00e9nyelt\u00e9k, hogy \u0151k is a lak\u00e1shoz jut\u00e1s lehet\u0151s\u00e9g\u00e9t kapj\u00e1k meg a v\u00e1rost\u00f3l. A rendelet ebben seg\u00edt, azt gondolom, hogy sokat seg\u00edt\u00fcnk az \u00fcgyben, hogy Szolnokon maradjanak \u00e9s Szolnokon tal\u00e1ljanak munk\u00e1t, alap\u00edtsanak csal\u00e1dot a v\u00e9gz\u0151s gyerekeink.&#8221;  &#8211;   hangs\u00falyozta Szalay Ferenc polg\u00e1rmester,<\/p>\n<p>A k\u00f6zgy\u0171l\u00e9s szem\u00e9lyi k\u00e9rd\u00e9sr\u0151l is d\u00f6nt\u00f6tt. A Szolnok V\u00e1rosi \u00d3vod\u00e1k igazgat\u00f3j\u00e1v\u00e1 a jelenlegi vezet\u0151t, az egyed\u00fcli p\u00e1ly\u00e1z\u00f3 Ferenczn\u00e9 Teleky \u00c9v\u00e1t nevezt\u00e9k ki \u00fajabb 5 \u00e9vre.<br \/>\n<br \/>\n<div style=\"width: 640px;\" class=\"wp-video\"><!--[if lt IE 9]><script>document.createElement('video');<\/script><![endif]-->\n<video class=\"wp-video-shortcode\" id=\"video-9394-1\" width=\"640\" height=\"360\" preload=\"metadata\" controls=\"controls\"><source type=\"video\/mp4\" src=\"\/spots\/hir\/hir_180628_05.mp4?_=1\" \/><a href=\"\/spots\/hir\/hir_180628_05.mp4\">\/spots\/hir\/hir_180628_05.mp4<\/a><\/video><\/div><\/p>\n","protected":false},"excerpt":{"rendered":"<p>Elkezd\u0151d\u00f6tt a Sebest\u00e9ny k\u00f6r\u00fati Zagyva-h\u00edd fel\u00faj\u00edt\u00e1sa \u00e9s b\u00e1r a forgalom el\u0151l csak j\u00falius 15-t\u0151l z\u00e1rj\u00e1k le teljes sz\u00e9less\u00e9gben, a szakemberek m\u00e1r jav\u00e1ban dolgoznak azon, milyen megold\u00e1sokkal lehet felgyors\u00edtani a k\u00f6zleked\u00e9st a Szabads\u00e1g t\u00e9ri csom\u00f3pontban. Nem v\u00e9letlen teh\u00e1t, hogy a k\u00e9rd\u00e9s napirend el\u0151tt is felmer\u00fclt a szolnoki k\u00f6zgy\u0171l\u00e9s mai \u00fcl\u00e9s\u00e9n. Mint elhangzott, az elemz\u00e9sek, forgalomszimul\u00e1ci\u00f3k szerint [&hellip;]<\/p>\n","protected":false},"author":2,"featured_media":0,"comment_status":"closed","ping_status":"closed","sticky":false,"template":"","format":"standard","meta":[],"categories":[9],"tags":[],"_links":{"self":[{"href":"http:\/\/archiv.szolnoktv.hu\/index.php?rest_route=\/wp\/v2\/posts\/9394"}],"collection":[{"href":"http:\/\/archiv.szolnoktv.hu\/index.php?rest_route=\/wp\/v2\/posts"}],"about":[{"href":"http:\/\/archiv.szolnoktv.hu\/index.php?rest_route=\/wp\/v2\/types\/post"}],"author":[{"embeddable":true,"href":"http:\/\/archiv.szolnoktv.hu\/index.php?rest_route=\/wp\/v2\/users\/2"}],"replies":[{"embeddable":true,"href":"http:\/\/archiv.szolnoktv.hu\/index.php?rest_route=%2Fwp%2Fv2%2Fcomments&post=9394"}],"version-history":[{"count":1,"href":"http:\/\/archiv.szolnoktv.hu\/index.php?rest_route=\/wp\/v2\/posts\/9394\/revisions"}],"predecessor-version":[{"id":9421,"href":"http:\/\/archiv.szolnoktv.hu\/index.php?rest_route=\/wp\/v2\/posts\/9394\/revisions\/9421"}],"wp:attachment":[{"href":"http:\/\/archiv.szolnoktv.hu\/index.php?rest_route=%2Fwp%2Fv2%2Fmedia&parent=9394"}],"wp:term":[{"taxonomy":"category","embeddable":true,"href":"http:\/\/archiv.szolnoktv.hu\/index.php?rest_route=%2Fwp%2Fv2%2Fcategories&post=9394"},{"taxonomy":"post_tag","embeddable":true,"href":"http:\/\/archiv.szolnoktv.hu\/index.php?rest_route=%2Fwp%2Fv2%2Ftags&post=9394"}],"curies":[{"name":"wp","href":"https:\/\/api.w.org\/{rel}","templated":true}]}}