{"id":9393,"date":"2018-06-28T17:25:02","date_gmt":"2018-06-28T17:25:02","guid":{"rendered":"http:\/\/archiv.szolnoktv.hu\/?p=9393"},"modified":"2021-08-14T14:37:24","modified_gmt":"2021-08-14T14:37:24","slug":"tisza-hullamter-projekt","status":"publish","type":"post","link":"http:\/\/archiv.szolnoktv.hu\/?p=9393","title":{"rendered":"Tisza hull\u00e1mt\u00e9r projekt"},"content":{"rendered":"<div class='booster-block booster-read-block'><\/div><p>Az \u00e1rv\u00edzv\u00e9delmi biztons\u00e1g megteremt\u00e9s\u00e9nek egyik f\u0151 pill\u00e9re: hogy a hull\u00e1mt\u00e9r biztos\u00edtsa az \u00e1rvizek, a j\u00e9g, a hordal\u00e9k \u00e9s az uszad\u00e9k k\u00e1rokt\u00f3l mentes levonul\u00e1s\u00e1t. A hull\u00e1mt\u00e9ri terep- \u00e9s veget\u00e1ci\u00f3s viszonyok, \u00e9p\u00edtm\u00e9nyek teh\u00e1t ne vesz\u00e9lyeztess\u00e9k, hanem el\u0151seg\u00edts\u00e9k a v\u00edzlevezet\u00e9st \u00e9s az \u00e1rv\u00edzv\u00e9delmi l\u00e9tes\u00edtm\u00e9nyek \u00fczembiztons\u00e1g\u00e1t. E c\u00e9lt szolg\u00e1lja a projekt, amely Kisk\u00f6re-Szolnok k\u00f6z\u00f6tt az eddigin\u00e9l szabadabb utat enged a sz\u0151ke foly\u00f3nak.<\/p>\n<p>-K\u00f6r\u00fclbel\u00fcl 16 helysz\u00ednen m\u0171szaki beavatkoz\u00e1s. \u00c9p\u00fclni fog valami: egy \u00faj t\u00f6lt\u00e9s, egy zsilip vagy v\u00edzp\u00f3tl\u00f3 m\u0171t\u00e1rgy. Ezen k\u00edv\u00fcl a teljes hull\u00e1mt\u00e9r k\u00f6r\u00fclbel\u00fcl 7000 hekt\u00e1rj\u00e1b\u00f3l 3 \u00e9s f\u00e9lezer hekt\u00e1ron t\u00f6rt\u00e9nik valamilyen beavatkoz\u00e1s a hull\u00e1mt\u00e9r n\u00f6v\u00e9nyzet\u00e9be is, egy\u00e9rtelm\u0171en azzal a c\u00e9llal, hogy az \u00fan. \u00e9rdess\u00e9g cs\u00f6kkenjen. Ennek abban van szerepe, hogy az \u00e1rv\u00edz akad\u00e1lytalanul \u00e9s alacsonyabb szinten tudjon levonulni.&#8221; -nyilatkozta Lovas Attila, K\u00f6z\u00e9p-Tisza-vid\u00e9ki V\u00edz\u00fcgyi Igazgat\u00f3s\u00e1g igazgat\u00f3ja.<\/p>\n<p>A projekt egyik legfontosabb k\u00fcldet\u00e9se az \u00e1rv\u00edzv\u00e9delmi f\u0151v\u00e9dvonalak \u00e1thelyez\u00e9se a kritikus sz\u0171k\u00fcletek megsz\u00fcntet\u00e9se \u00e9rdek\u00e9ben. Ilyen munk\u00e1latokra n\u00e9gy helysz\u00ednen ker\u00fcl sor: a Tisza jobb partj\u00e1n, Sz\u00f3r\u00f3puszta \u00e9s Doba k\u00f6z\u00f6tt, a Tisza bal partj\u00e1n Szajoln\u00e1l, illetve \u00d3ball\u00e1n\u00e1l  tov\u00e1bb\u00e1 a Tisza jobb partj\u00e1n, Nagyk\u00f6r\u0171 k\u00f6zel\u00e9ben. <\/p>\n<p>-Lehet egy olyan szlogennel is nevezni, hogy<br \/>\n<br \/>\n<div style=\"width: 640px;\" class=\"wp-video\"><!--[if lt IE 9]><script>document.createElement('video');<\/script><![endif]-->\n<video class=\"wp-video-shortcode\" id=\"video-9393-1\" width=\"640\" height=\"360\" preload=\"metadata\" controls=\"controls\"><source type=\"video\/mp4\" src=\"\/spots\/hir\/hir_180628_04.mp4?_=1\" \/><a href=\"\/spots\/hir\/hir_180628_04.mp4\">\/spots\/hir\/hir_180628_04.mp4<\/a><\/video><\/div><\/p>\n","protected":false},"excerpt":{"rendered":"<p>Az \u00e1rv\u00edzv\u00e9delmi biztons\u00e1g megteremt\u00e9s\u00e9nek egyik f\u0151 pill\u00e9re: hogy a hull\u00e1mt\u00e9r biztos\u00edtsa az \u00e1rvizek, a j\u00e9g, a hordal\u00e9k \u00e9s az uszad\u00e9k k\u00e1rokt\u00f3l mentes levonul\u00e1s\u00e1t. A hull\u00e1mt\u00e9ri terep- \u00e9s veget\u00e1ci\u00f3s viszonyok, \u00e9p\u00edtm\u00e9nyek teh\u00e1t ne vesz\u00e9lyeztess\u00e9k, hanem el\u0151seg\u00edts\u00e9k a v\u00edzlevezet\u00e9st \u00e9s az \u00e1rv\u00edzv\u00e9delmi l\u00e9tes\u00edtm\u00e9nyek \u00fczembiztons\u00e1g\u00e1t. E c\u00e9lt szolg\u00e1lja a projekt, amely Kisk\u00f6re-Szolnok k\u00f6z\u00f6tt az eddigin\u00e9l szabadabb utat enged [&hellip;]<\/p>\n","protected":false},"author":2,"featured_media":0,"comment_status":"closed","ping_status":"closed","sticky":false,"template":"","format":"standard","meta":[],"categories":[9],"tags":[],"_links":{"self":[{"href":"http:\/\/archiv.szolnoktv.hu\/index.php?rest_route=\/wp\/v2\/posts\/9393"}],"collection":[{"href":"http:\/\/archiv.szolnoktv.hu\/index.php?rest_route=\/wp\/v2\/posts"}],"about":[{"href":"http:\/\/archiv.szolnoktv.hu\/index.php?rest_route=\/wp\/v2\/types\/post"}],"author":[{"embeddable":true,"href":"http:\/\/archiv.szolnoktv.hu\/index.php?rest_route=\/wp\/v2\/users\/2"}],"replies":[{"embeddable":true,"href":"http:\/\/archiv.szolnoktv.hu\/index.php?rest_route=%2Fwp%2Fv2%2Fcomments&post=9393"}],"version-history":[{"count":1,"href":"http:\/\/archiv.szolnoktv.hu\/index.php?rest_route=\/wp\/v2\/posts\/9393\/revisions"}],"predecessor-version":[{"id":9422,"href":"http:\/\/archiv.szolnoktv.hu\/index.php?rest_route=\/wp\/v2\/posts\/9393\/revisions\/9422"}],"wp:attachment":[{"href":"http:\/\/archiv.szolnoktv.hu\/index.php?rest_route=%2Fwp%2Fv2%2Fmedia&parent=9393"}],"wp:term":[{"taxonomy":"category","embeddable":true,"href":"http:\/\/archiv.szolnoktv.hu\/index.php?rest_route=%2Fwp%2Fv2%2Fcategories&post=9393"},{"taxonomy":"post_tag","embeddable":true,"href":"http:\/\/archiv.szolnoktv.hu\/index.php?rest_route=%2Fwp%2Fv2%2Ftags&post=9393"}],"curies":[{"name":"wp","href":"https:\/\/api.w.org\/{rel}","templated":true}]}}