{"id":9391,"date":"2018-06-27T19:57:30","date_gmt":"2018-06-27T19:57:30","guid":{"rendered":"http:\/\/archiv.szolnoktv.hu\/?p=9391"},"modified":"2021-08-14T14:37:24","modified_gmt":"2021-08-14T14:37:24","slug":"disznovenykertet-es-szent-florian-szobrot-avattak-rakoczifalvan","status":"publish","type":"post","link":"http:\/\/archiv.szolnoktv.hu\/?p=9391","title":{"rendered":"D\u00edszn\u00f6v\u00e9nykertet \u00e9s Szent Fl\u00f3ri\u00e1n szobrot avattak R\u00e1k\u00f3czifalv\u00e1n"},"content":{"rendered":"<div class='booster-block booster-read-block'><\/div><p>A Katasztr\u00f3fav\u00e9delem K\u00f6zponti Zenekar\u00e1nak m\u0171sora vezette fel R\u00e1k\u00f3czifalva templomkertj\u00e9ben rendezett szoboravat\u00f3 \u00fcnneps\u00e9get. A leleplez\u00e9sre Szent Fl\u00f3ri\u00e1n szobra v\u00e1rt, amit Szalai Norbert n\u00e9pi iparm\u0171v\u00e9sz faragott. Szent Fl\u00f3ri\u00e1n a t\u0171zolt\u00f3k v\u00e9d\u0151szentje, aki a t\u0171zolt\u00f3 munka l\u00e9nyeg\u00e9t: az \u00e1llhatatoss\u00e1got, becs\u00fcletet \u00e9s embert\u00e1rsaink megseg\u00edt\u00e9s\u00e9t testes\u00edti meg. \u00c9lete minden ember sz\u00e1m\u00e1ra k\u00f6vetend\u0151 mint\u00e1t ny\u00fajt.<\/p>\n<p>-Nek\u00fcnk kereszt\u00e9ny embereknek ott van a h\u00e1ttere, hogy \u0151 a hit\u00e9\u00e9rt meghalt, teh\u00e1t \u0151 v\u00e9rtan\u00faja volt az egyh\u00e1zunknak \u00e9s a kett\u0151 \u00f6sszekapcsol\u00f3dik, hogy ebb\u0151l a hitb\u0151l t\u00e1pl\u00e1lkozott az \u0151 bajt\u00e1rsiass\u00e1ga, az \u0151 \u00f6nzetlens\u00e9ge \u00e9s a bajba jutottak seg\u00edt\u00e9se. Ez \u00fczenet a mi mai t\u00e1rsadalmunknak ugyan\u00fagy.&#8221; -mondta Dr. Beer Mikl\u00f3s v\u00e1ci megy\u00e9sp\u00fcsp\u00f6k.<\/p>\n<p>A szobrot Dr. K\u00e1llai M\u00e1ria orsz\u00e1ggy\u0171l\u00e9si k\u00e9pvisel\u0151 \u00e9s Dr. Hoffmann Imre a Bel\u00fcgyminiszt\u00e9rium helyettes \u00e1llamtitk\u00e1ra leplezte le, majd Beer Mikl\u00f3s megy\u00e9sp\u00fcsp\u00f6k \u00e1ldotta meg.<\/p>\n<p>-Urunk Isten\u00fcnk, add megszentel\u0151 \u00e1ld\u00e1sodat erre a Szent Fl\u00f3ri\u00e1n szoborra. Szent lelked \u00e1ltal tedd k\u00e9szs\u00e9gess\u00e9 sz\u00edv\u00fcnket.&#8221;<\/p>\n<p>A szobrot a Szent Fl\u00f3ri\u00e1n T\u0171zolt\u00f3s\u00e1g M\u00faltj\u00e1\u00e9rt Alap\u00edtv\u00e1nya \u00e1lmodta meg. R\u00e1k\u00f3czifalv\u00e1n k\u00f6zel 110 \u00e9ve m\u0171k\u00f6dik t\u0171zolt\u00f3 egyes\u00fclet, ez\u00e9rt nem v\u00e9letlen, hogy a v\u00e9d\u0151szentet \u00e1br\u00e1zol\u00f3 fafarag\u00e1st a templom mellett kapott helyet. <\/p>\n<p>Ez pedig az a k\u00f6zj\u00f3l\u00e9ti-rekre\u00e1ci\u00f3s gy\u00f3gy-\u00e9s d\u00edszn\u00f6v\u00e9nykert, amit szint\u00e9n ma adtak \u00e1t. A templom kertet a V\u00e1ci Egyh\u00e1zmegye a Bel\u00fcgyminiszt\u00e9rium t\u00e1mogat\u00e1s\u00e1val k\u00f6zfoglalkoztat\u00e1si egyedi mintaprogramj\u00e1nak keret\u00e9ben val\u00f3s\u00edtotta meg.<\/p>\n<p>-A helyi lakosoknak \u00e9s ide l\u00e1togat\u00f3 turist\u00e1knak, gyermekeknek, iskol\u00e1soknak is egy komoly \u00e9lm\u00e9nyt ny\u00fajt hiszen nagyon sokf\u00e9le f\u0171szern\u00f6v\u00e9nyt, gy\u00f3gyn\u00f6v\u00e9nyt l\u00e1thatnak itt \u00e9s term\u00e9szetesen r\u00f3zs\u00e1kat is. Itt meglehet \u00e1llni, lelehet \u00fclni \u00e9s azt gondolom, hogy er\u0151t lehet gy\u0171jteni a mindennapok munk\u00e1j\u00e1hoz. Ez volt az egyik f\u0151 c\u00e9lunk. S mint eml\u00edtettem \u00e9rt\u00e9kteremt\u0151, hasznos tev\u00e9kenys\u00e9geket t\u00e1mogat k\u00f6zfoglalkoztat\u00e1s rendszere. \u00cdgy ker\u00fclt sor ennek a k\u00f6zfoglalkoztat\u00e1si program t\u00e1mogat\u00e1s\u00e1ra is.&#8221;- mondta Dr. Hoffmann Imre a Bel\u00fcgyminiszt\u00e9rium helyettes \u00e1llamtitk\u00e1ra.<\/p>\n<p>A gy\u00f3gy- \u00e9s n\u00f6v\u00e9nykert nem csak a pihen\u00e9st \u00e9s kikapcsol\u00f3d\u00e1st seg\u00edti. A V\u00e1ci Egyh\u00e1zmegye p\u00fcsp\u00f6ke szerint ezzel a fiatalok a term\u00e9szet szeretet\u00e9re \u00e9s gondoz\u00e1s\u00e1ra is \u00f6szt\u00f6n\u00f6zhet\u0151k.<br \/>\n<br \/>\n<div style=\"width: 640px;\" class=\"wp-video\"><!--[if lt IE 9]><script>document.createElement('video');<\/script><![endif]-->\n<video class=\"wp-video-shortcode\" id=\"video-9391-1\" width=\"640\" height=\"360\" preload=\"metadata\" controls=\"controls\"><source type=\"video\/mp4\" src=\"\/spots\/hir\/hir_180627_07.mp4?_=1\" \/><a href=\"\/spots\/hir\/hir_180627_07.mp4\">\/spots\/hir\/hir_180627_07.mp4<\/a><\/video><\/div><\/p>\n","protected":false},"excerpt":{"rendered":"<p>A Katasztr\u00f3fav\u00e9delem K\u00f6zponti Zenekar\u00e1nak m\u0171sora vezette fel R\u00e1k\u00f3czifalva templomkertj\u00e9ben rendezett szoboravat\u00f3 \u00fcnneps\u00e9get. A leleplez\u00e9sre Szent Fl\u00f3ri\u00e1n szobra v\u00e1rt, amit Szalai Norbert n\u00e9pi iparm\u0171v\u00e9sz faragott. Szent Fl\u00f3ri\u00e1n a t\u0171zolt\u00f3k v\u00e9d\u0151szentje, aki a t\u0171zolt\u00f3 munka l\u00e9nyeg\u00e9t: az \u00e1llhatatoss\u00e1got, becs\u00fcletet \u00e9s embert\u00e1rsaink megseg\u00edt\u00e9s\u00e9t testes\u00edti meg. \u00c9lete minden ember sz\u00e1m\u00e1ra k\u00f6vetend\u0151 mint\u00e1t ny\u00fajt. -Nek\u00fcnk kereszt\u00e9ny embereknek ott van a [&hellip;]<\/p>\n","protected":false},"author":2,"featured_media":0,"comment_status":"closed","ping_status":"closed","sticky":false,"template":"","format":"standard","meta":[],"categories":[9],"tags":[],"_links":{"self":[{"href":"http:\/\/archiv.szolnoktv.hu\/index.php?rest_route=\/wp\/v2\/posts\/9391"}],"collection":[{"href":"http:\/\/archiv.szolnoktv.hu\/index.php?rest_route=\/wp\/v2\/posts"}],"about":[{"href":"http:\/\/archiv.szolnoktv.hu\/index.php?rest_route=\/wp\/v2\/types\/post"}],"author":[{"embeddable":true,"href":"http:\/\/archiv.szolnoktv.hu\/index.php?rest_route=\/wp\/v2\/users\/2"}],"replies":[{"embeddable":true,"href":"http:\/\/archiv.szolnoktv.hu\/index.php?rest_route=%2Fwp%2Fv2%2Fcomments&post=9391"}],"version-history":[{"count":1,"href":"http:\/\/archiv.szolnoktv.hu\/index.php?rest_route=\/wp\/v2\/posts\/9391\/revisions"}],"predecessor-version":[{"id":9424,"href":"http:\/\/archiv.szolnoktv.hu\/index.php?rest_route=\/wp\/v2\/posts\/9391\/revisions\/9424"}],"wp:attachment":[{"href":"http:\/\/archiv.szolnoktv.hu\/index.php?rest_route=%2Fwp%2Fv2%2Fmedia&parent=9391"}],"wp:term":[{"taxonomy":"category","embeddable":true,"href":"http:\/\/archiv.szolnoktv.hu\/index.php?rest_route=%2Fwp%2Fv2%2Fcategories&post=9391"},{"taxonomy":"post_tag","embeddable":true,"href":"http:\/\/archiv.szolnoktv.hu\/index.php?rest_route=%2Fwp%2Fv2%2Ftags&post=9391"}],"curies":[{"name":"wp","href":"https:\/\/api.w.org\/{rel}","templated":true}]}}