{"id":9390,"date":"2018-06-27T19:53:33","date_gmt":"2018-06-27T19:53:33","guid":{"rendered":"http:\/\/archiv.szolnoktv.hu\/?p=9390"},"modified":"2021-08-14T14:37:24","modified_gmt":"2021-08-14T14:37:24","slug":"plusz-penzeket-mozgosit-a-varos","status":"publish","type":"post","link":"http:\/\/archiv.szolnoktv.hu\/?p=9390","title":{"rendered":"Plusz p\u00e9nzeket mozg\u00f3s\u00edt a v\u00e1ros"},"content":{"rendered":"<div class='booster-block booster-read-block'><\/div><p>Febru\u00e1rban fogadta el a k\u00f6zgy\u0171l\u00e9s Szolnok aktu\u00e1lis k\u00f6lts\u00e9gvet\u00e9si rendelet\u00e9t. B\u00e1r id\u0151ar\u00e1nyosan minden \u00e1llami feladathoz kapcsol\u00f3d\u00f3 p\u00e9nzeszk\u00f6z be\u00e9rkezett, felmer\u00fcltek olyan teend\u0151k amik miatt p\u00e9nzeszk\u00f6z\u00f6k \u00e1tcsoportos\u00edt\u00e1s\u00e1ra van sz\u00fcks\u00e9g.<\/p>\n<p>&#8220;Vannak olyan speci\u00e1lis forr\u00e1s\u00e1tv\u00e9tel is p\u00e9ld\u00e1ul most kapja meg a Gy\u0151rfi Istv\u00e1n- Cak\u00f3 Elem\u00e9r \u00fat k\u00f6z\u00f6tti j\u00e1rdaszakasz fel\u00faj\u00edt\u00e1s\u00e1ra most kapjuk meg azt a kieg\u00e9sz\u00edt\u0151 forr\u00e1st amit erre nem a v\u00e1rosnak kell biztos\u00edtani- most tessz\u00fck helyre, a fejleszt\u00e9sekhez ker\u00fcl b\u00e1r a fejleszt\u00e9s m\u00e1r megval\u00f3sult.&#8221;- hangs\u00falyozta Rad\u00f3cz Zolt\u00e1n a bizotts\u00e1g eln\u00f6ke.<\/p>\n<p>Elod\u00e1zhatatlan a Rep- T\u00e1r tet\u0151szerkezet\u00e9nek fel\u00faj\u00edt\u00e1sa. A beruh\u00e1z\u00e1shoz 39 milli\u00f3 forintra van sz\u00fcks\u00e9g, ami m\u00e1r mag\u00e1ban foglalja a tet\u0151t\u00e9ri irod\u00e1k kialak\u00edt\u00e1s\u00e1t is.<\/p>\n<p>&#8220;A tavalyi \u00e9vben tervezt\u00fck, hogy megval\u00f3s\u00edtja a v\u00e1ros, a tavalyi \u00e9vben m\u00e9g ez h\u00faz\u00f3dott- \u00e1th\u00faz\u00f3dott az idei \u00e9vre, a Rep- T\u00e1r viszont nem haszn\u00e1lhatta fel ezeket az \u00f6sszegeket. most \u00fajra oda kell adni a v\u00e1rosnak.&#8221;<\/p>\n<p>A k\u00f6lts\u00e9gvet\u00e9si rendelet m\u00f3dos\u00edt\u00e1s\u00e1t vonja maga ut\u00e1n az augusztus 10- 12. k\u00f6z\u00f6tt meghirdetett kajak- kenu egyetemi vil\u00e1gbajnoks\u00e1g rendez\u00e9si k\u00f6lts\u00e9geinek el\u0151teremt\u00e9se is.<\/p>\n<p>J\u00f3l l\u00e1that\u00f3, hogy akkora rendezv\u00e9nyr\u0151l van sz\u00f3, hogy 6- 700 egyetemi- f\u0151iskolai sportol\u00f3 fog \u00e9rkezni a vil\u00e1g minden pontj\u00e1r\u00f3l. H\u00edrnevet is ad a v\u00e1rosnak, 8 milli\u00f3 forinttal t\u00e1mogatja a v\u00e1ros most els\u0151sorban ennek a rendezv\u00e9nynek a t\u00e1mogat\u00e1s\u00e1t.&#8221;<\/p>\n<p>A v\u00e1ros a M\u00c1V Sportegyes\u00fclet t\u00e1mogat\u00e1s\u00e1t is tervezi. Erre a c\u00e9lra 7 milli\u00f3 forintot sz\u00e1nnak- der\u00fcl ki a bizotts\u00e1g el\u00e9 ker\u00fclt el\u0151terjeszt\u00e9sb\u0151l.<br \/>\n<br \/>\n<div style=\"width: 640px;\" class=\"wp-video\"><!--[if lt IE 9]><script>document.createElement('video');<\/script><![endif]-->\n<video class=\"wp-video-shortcode\" id=\"video-9390-1\" width=\"640\" height=\"360\" preload=\"metadata\" controls=\"controls\"><source type=\"video\/mp4\" src=\"\/spots\/hir\/hir_180627_06.mp4?_=1\" \/><a href=\"\/spots\/hir\/hir_180627_06.mp4\">\/spots\/hir\/hir_180627_06.mp4<\/a><\/video><\/div><\/p>\n","protected":false},"excerpt":{"rendered":"<p>Febru\u00e1rban fogadta el a k\u00f6zgy\u0171l\u00e9s Szolnok aktu\u00e1lis k\u00f6lts\u00e9gvet\u00e9si rendelet\u00e9t. B\u00e1r id\u0151ar\u00e1nyosan minden \u00e1llami feladathoz kapcsol\u00f3d\u00f3 p\u00e9nzeszk\u00f6z be\u00e9rkezett, felmer\u00fcltek olyan teend\u0151k amik miatt p\u00e9nzeszk\u00f6z\u00f6k \u00e1tcsoportos\u00edt\u00e1s\u00e1ra van sz\u00fcks\u00e9g. &#8220;Vannak olyan speci\u00e1lis forr\u00e1s\u00e1tv\u00e9tel is p\u00e9ld\u00e1ul most kapja meg a Gy\u0151rfi Istv\u00e1n- Cak\u00f3 Elem\u00e9r \u00fat k\u00f6z\u00f6tti j\u00e1rdaszakasz fel\u00faj\u00edt\u00e1s\u00e1ra most kapjuk meg azt a kieg\u00e9sz\u00edt\u0151 forr\u00e1st amit erre nem a [&hellip;]<\/p>\n","protected":false},"author":2,"featured_media":0,"comment_status":"closed","ping_status":"closed","sticky":false,"template":"","format":"standard","meta":[],"categories":[9],"tags":[],"_links":{"self":[{"href":"http:\/\/archiv.szolnoktv.hu\/index.php?rest_route=\/wp\/v2\/posts\/9390"}],"collection":[{"href":"http:\/\/archiv.szolnoktv.hu\/index.php?rest_route=\/wp\/v2\/posts"}],"about":[{"href":"http:\/\/archiv.szolnoktv.hu\/index.php?rest_route=\/wp\/v2\/types\/post"}],"author":[{"embeddable":true,"href":"http:\/\/archiv.szolnoktv.hu\/index.php?rest_route=\/wp\/v2\/users\/2"}],"replies":[{"embeddable":true,"href":"http:\/\/archiv.szolnoktv.hu\/index.php?rest_route=%2Fwp%2Fv2%2Fcomments&post=9390"}],"version-history":[{"count":1,"href":"http:\/\/archiv.szolnoktv.hu\/index.php?rest_route=\/wp\/v2\/posts\/9390\/revisions"}],"predecessor-version":[{"id":9425,"href":"http:\/\/archiv.szolnoktv.hu\/index.php?rest_route=\/wp\/v2\/posts\/9390\/revisions\/9425"}],"wp:attachment":[{"href":"http:\/\/archiv.szolnoktv.hu\/index.php?rest_route=%2Fwp%2Fv2%2Fmedia&parent=9390"}],"wp:term":[{"taxonomy":"category","embeddable":true,"href":"http:\/\/archiv.szolnoktv.hu\/index.php?rest_route=%2Fwp%2Fv2%2Fcategories&post=9390"},{"taxonomy":"post_tag","embeddable":true,"href":"http:\/\/archiv.szolnoktv.hu\/index.php?rest_route=%2Fwp%2Fv2%2Ftags&post=9390"}],"curies":[{"name":"wp","href":"https:\/\/api.w.org\/{rel}","templated":true}]}}