{"id":9389,"date":"2018-06-27T19:50:33","date_gmt":"2018-06-27T19:50:33","guid":{"rendered":"http:\/\/archiv.szolnoktv.hu\/?p=9389"},"modified":"2021-08-14T14:37:24","modified_gmt":"2021-08-14T14:37:24","slug":"fejlodik-a-szolnoki-polgarorseg","status":"publish","type":"post","link":"http:\/\/archiv.szolnoktv.hu\/?p=9389","title":{"rendered":"Fejl\u0151dik a szolnoki polg\u00e1r\u0151rs\u00e9g"},"content":{"rendered":"<div class='booster-block booster-read-block'><\/div><p>Szervezett form\u00e1ban mintegy 2 \u00e9vtizede l\u00e9tezik polg\u00e1r\u0151rs\u00e9g Szolnokon. A test\u00fclet az elm\u00falt \u00e9vekben folyamatosan fejl\u0151d\u00f6tt, l\u00e9tsz\u00e1ma mellett eszk\u00f6zparkja is b\u0151v\u00fclt, illetve feladatk\u00f6reik is sz\u00e9lesedtek. <\/p>\n<p>B\u00f3di Andor eln\u00f6k, Szolnok V\u00e1rosi Polg\u00e1r\u0151r Egyes\u00fclet:<\/p>\n<p>-Nagyon nagy fejl\u0151d\u00e9sen ment\u00fcnk kereszt\u00fcl, m\u00e1r van motoros polg\u00e1r\u0151r\u00fcnk, lovas polg\u00e1r\u0151rs\u00e9g. A motorosok csin\u00e1lj\u00e1k azt a feladatot ami\u00e9rt lettek v\u00e1s\u00e1rolva: id\u0151seket l\u00e1togatunk, betegeket l\u00e1togatunk, gy\u00f3gyszert \u00edratunk nekik.&#8221; <\/p>\n<p>A szolnoki polg\u00e1r\u0151r\u00f6k 2017-ben mintegy 16.000 \u00f3r\u00e1t t\u00f6lt\u00f6ttek szolg\u00e1latban, az idei \u00e9v els\u0151 hat h\u00f3napj\u00e1ban pedig m\u00e1r \u00e1tl\u00e9pt\u00e9k a 8300 \u00f3r\u00e1t. Szolnokt\u00f3l rendszeresen kapnak t\u00e1mogat\u00e1st: ma m\u00e1r 2 aut\u00f3val, motorokkal \u00e9s lovakkal is teljes\u00edtenek szolg\u00e1latot, illetve id\u00e9n 1,7 milli\u00f3 forint v\u00e1rosi p\u00e9nzb\u0151l gazd\u00e1lkodhatnak.<\/p>\n<p>Szab\u00f3 Istv\u00e1n, alpolg\u00e1rmester:<\/p>\n<p>-Ez az \u00f6nk\u00e9ntes munka, amit a polg\u00e1r\u0151r\u00f6k tesznek, seg\u00edtenek abban, hogy a v\u00e1ros rendezv\u00e9nyei, k\u00f6zbiztons\u00e1ga, rendje, a k\u00f6rnyezete stb. rendben legyen, abban \u00f6n\u00f6knek \u00f3ri\u00e1si szerepe van.&#8221;<\/p>\n<p>A fejl\u0151d\u00e9s nem \u00e1ll meg, a tervek k\u00f6z\u00f6tt egy kishaj\u00f3 beszerz\u00e9se is szerepel, amivel a rend\u0151rs\u00e9gt\u0151l f\u00fcggetlen\u00fcl is ell\u00e1thatn\u00e1nak v\u00edzi szolg\u00e1latot, illetve a motorokat szeretn\u00e9k cukorszint- \u00e9s v\u00e9rnyom\u00e1sm\u00e9r\u0151vel, valamint defibrill\u00e1torokkal felszerelni, de ehhez adom\u00e1nyokra van m\u00e9g sz\u00fcks\u00e9g\u00fck.<br \/>\n<br \/>\n<div style=\"width: 640px;\" class=\"wp-video\"><!--[if lt IE 9]><script>document.createElement('video');<\/script><![endif]-->\n<video class=\"wp-video-shortcode\" id=\"video-9389-1\" width=\"640\" height=\"360\" preload=\"metadata\" controls=\"controls\"><source type=\"video\/mp4\" src=\"\/spots\/hir\/hir_180627_05.mp4?_=1\" \/><a href=\"\/spots\/hir\/hir_180627_05.mp4\">\/spots\/hir\/hir_180627_05.mp4<\/a><\/video><\/div><\/p>\n","protected":false},"excerpt":{"rendered":"<p>Szervezett form\u00e1ban mintegy 2 \u00e9vtizede l\u00e9tezik polg\u00e1r\u0151rs\u00e9g Szolnokon. A test\u00fclet az elm\u00falt \u00e9vekben folyamatosan fejl\u0151d\u00f6tt, l\u00e9tsz\u00e1ma mellett eszk\u00f6zparkja is b\u0151v\u00fclt, illetve feladatk\u00f6reik is sz\u00e9lesedtek. B\u00f3di Andor eln\u00f6k, Szolnok V\u00e1rosi Polg\u00e1r\u0151r Egyes\u00fclet: -Nagyon nagy fejl\u0151d\u00e9sen ment\u00fcnk kereszt\u00fcl, m\u00e1r van motoros polg\u00e1r\u0151r\u00fcnk, lovas polg\u00e1r\u0151rs\u00e9g. A motorosok csin\u00e1lj\u00e1k azt a feladatot ami\u00e9rt lettek v\u00e1s\u00e1rolva: id\u0151seket l\u00e1togatunk, betegeket l\u00e1togatunk, [&hellip;]<\/p>\n","protected":false},"author":2,"featured_media":0,"comment_status":"closed","ping_status":"closed","sticky":false,"template":"","format":"standard","meta":[],"categories":[9],"tags":[],"_links":{"self":[{"href":"http:\/\/archiv.szolnoktv.hu\/index.php?rest_route=\/wp\/v2\/posts\/9389"}],"collection":[{"href":"http:\/\/archiv.szolnoktv.hu\/index.php?rest_route=\/wp\/v2\/posts"}],"about":[{"href":"http:\/\/archiv.szolnoktv.hu\/index.php?rest_route=\/wp\/v2\/types\/post"}],"author":[{"embeddable":true,"href":"http:\/\/archiv.szolnoktv.hu\/index.php?rest_route=\/wp\/v2\/users\/2"}],"replies":[{"embeddable":true,"href":"http:\/\/archiv.szolnoktv.hu\/index.php?rest_route=%2Fwp%2Fv2%2Fcomments&post=9389"}],"version-history":[{"count":1,"href":"http:\/\/archiv.szolnoktv.hu\/index.php?rest_route=\/wp\/v2\/posts\/9389\/revisions"}],"predecessor-version":[{"id":9426,"href":"http:\/\/archiv.szolnoktv.hu\/index.php?rest_route=\/wp\/v2\/posts\/9389\/revisions\/9426"}],"wp:attachment":[{"href":"http:\/\/archiv.szolnoktv.hu\/index.php?rest_route=%2Fwp%2Fv2%2Fmedia&parent=9389"}],"wp:term":[{"taxonomy":"category","embeddable":true,"href":"http:\/\/archiv.szolnoktv.hu\/index.php?rest_route=%2Fwp%2Fv2%2Fcategories&post=9389"},{"taxonomy":"post_tag","embeddable":true,"href":"http:\/\/archiv.szolnoktv.hu\/index.php?rest_route=%2Fwp%2Fv2%2Ftags&post=9389"}],"curies":[{"name":"wp","href":"https:\/\/api.w.org\/{rel}","templated":true}]}}