{"id":9388,"date":"2018-06-27T19:48:27","date_gmt":"2018-06-27T19:48:27","guid":{"rendered":"http:\/\/archiv.szolnoktv.hu\/?p=9388"},"modified":"2021-08-14T14:37:25","modified_gmt":"2021-08-14T14:37:25","slug":"szolnoki-foglalkoztatasi-paktum-2","status":"publish","type":"post","link":"http:\/\/archiv.szolnoktv.hu\/?p=9388","title":{"rendered":"Szolnoki Foglalkoztat\u00e1si Paktum"},"content":{"rendered":"<div class='booster-block booster-read-block'><\/div><p>Munkaer\u0151hi\u00e1ny kezel\u00e9se \u00e9s a megl\u00e9v\u0151 munkat\u00e1rsak megtart\u00e1sa, ezek a f\u0151 feladatai megalakul\u00e1sa \u00f3ta a Szolnoki Foglalkoztat\u00e1si Paktumnak, melynek tagjai \u00e9vente k\u00e9tszer \u00fcl\u00e9seznek. A mai tal\u00e1lkoz\u00f3n az el\u00e9rt eredm\u00e9nyek mellett a r\u00e9sztvev\u0151k a M\u00c1V- Start Zrt. hum\u00e1n er\u0151forr\u00e1s gazd\u00e1lkod\u00e1s technik\u00e1j\u00e1t \u00e9s c\u00e9gtev\u00e9kenys\u00e9g\u00e9t is megismerhett\u00e9k. A t\u00e1rsas\u00e1g c\u00e9lja a szakk\u00e9pzett munkaer\u0151 megtal\u00e1l\u00e1sa, illetve foglalkoztat\u00e1sa, valamint a fiatalok \u00f6szt\u00f6nz\u00e9se m\u00e1r gyerekkort\u00f3l. <\/p>\n<p>-Pr\u00f3b\u00e1lunk olyan HR szakmai megold\u00e1sokat tal\u00e1lni, hogy az\u00e9rt \u00e9rezz\u00e9k is j\u00f3l magukat. Nyilv\u00e1n itt nagyon sok program van a friss diplom\u00e1sokt\u00f3l, a di\u00e1kmunk\u00e1soknak a foglalkoztat\u00e1sa. Ny\u00e1ri gyakorlatra m\u00e1r \u00fagy vessz\u00fck fel \u0151ket, hogy di\u00e1kmunka keret\u00e9ben foglalkoztatjuk. \u00d6szt\u00f6nd\u00edj programokat m\u0171k\u00f6dtet\u00fcnk, p\u00e1lyaorient\u00e1ci\u00f3s ki\u00e1ll\u00edt\u00e1sokon vesz\u00fcnk r\u00e9szt, ami m\u00e1r elkezd\u0151dik az \u00f3vod\u00e1ban.&#8221;- mondta Dr. Sz\u0151ke Lajos a M\u00c1V-Start Zrt. Hum\u00e1ner\u0151forr\u00e1s Igazgat\u00f3s\u00e1g\u00e1t\u00f3l.<\/p>\n<p>A paktumot a v\u00e1ros \u00f6nkorm\u00e1nyzata \u00e1lmodta meg, amit a megyei korm\u00e1nyhivatallal, valamint az Impulzus Egyes\u00fclettel egy\u00fctt m\u0171k\u00f6dtet. A programhoz civilszervezetek, kis-\u00e9s nagyv\u00e1llalat is csatlakoztak. A projekt seg\u00edts\u00e9g\u00e9vel eddig 277 h\u00e1tr\u00e1nyos helyzet\u0171 \u00e1ll\u00e1skeres\u0151 helyezkedett el, 16-an pedig munkaer\u0151-piaci k\u00e9pz\u00e9s keret\u00e9ben \u00faj szakm\u00e1t vagy ismereteket szerezhetnek.<\/p>\n<p>-Eur\u00f3pai Uni\u00f3s forr\u00e1sokat felhaszn\u00e1lva p\u00e1ly\u00e1zhattak az \u00f6nkorm\u00e1nyzatok, illetve megyei \u00f6nkorm\u00e1nyzatok, ilyen egy\u00fcttm\u0171k\u00f6d\u00e9s l\u00e9trehoz\u00e1s\u00e1ra. Ezeknek a programoknak az a c\u00e9lja, hogy a helyi foglalkoztat\u00e1si szintet k\u00fcl\u00f6nb\u00f6z\u0151 eszk\u00f6z\u00f6kkel, technik\u00e1kkal n\u00f6velj\u00e9k \u00e9s tulajdonk\u00e9ppen megalak\u00edts\u00e1k vagy elfogadj\u00e1k az adott t\u00e9rs\u00e9g foglalkoztat\u00e1si strat\u00e9gi\u00e1j\u00e1t. A szerepl\u0151k, akik ebben r\u00e9szt vesznek seg\u00edts\u00e9k a strat\u00e9gia megval\u00f3s\u00edt\u00e1s\u00e1t.&#8221;- mondta De\u00e1k Mikl\u00f3sn\u00e9 a Szolnoki Foglalkoztat\u00e1si Paktum szakmai vezet\u0151je. <\/p>\n<p>A projekt id\u00e9n \u00faj elemmel b\u0151v\u00fclt, melynek keret\u00e9ben febru\u00e1rban elindult a v\u00e1llalkoz\u00f3i reggeli sorozat, ahol a c\u00e9gek k\u00e9pvisel\u0151i aktu\u00e1lis, m\u0171k\u00f6d\u00e9st seg\u00edt\u0151 inform\u00e1ci\u00f3kat szerezhetnek \u00e9s kapcsolatokat \u00e9p\u00edthetnek.<br \/>\n<br \/>\n<div style=\"width: 640px;\" class=\"wp-video\"><!--[if lt IE 9]><script>document.createElement('video');<\/script><![endif]-->\n<video class=\"wp-video-shortcode\" id=\"video-9388-1\" width=\"640\" height=\"360\" preload=\"metadata\" controls=\"controls\"><source type=\"video\/mp4\" src=\"\/spots\/hir\/hir_180627_04.mp4?_=1\" \/><a href=\"\/spots\/hir\/hir_180627_04.mp4\">\/spots\/hir\/hir_180627_04.mp4<\/a><\/video><\/div><\/p>\n","protected":false},"excerpt":{"rendered":"<p>Munkaer\u0151hi\u00e1ny kezel\u00e9se \u00e9s a megl\u00e9v\u0151 munkat\u00e1rsak megtart\u00e1sa, ezek a f\u0151 feladatai megalakul\u00e1sa \u00f3ta a Szolnoki Foglalkoztat\u00e1si Paktumnak, melynek tagjai \u00e9vente k\u00e9tszer \u00fcl\u00e9seznek. A mai tal\u00e1lkoz\u00f3n az el\u00e9rt eredm\u00e9nyek mellett a r\u00e9sztvev\u0151k a M\u00c1V- Start Zrt. hum\u00e1n er\u0151forr\u00e1s gazd\u00e1lkod\u00e1s technik\u00e1j\u00e1t \u00e9s c\u00e9gtev\u00e9kenys\u00e9g\u00e9t is megismerhett\u00e9k. A t\u00e1rsas\u00e1g c\u00e9lja a szakk\u00e9pzett munkaer\u0151 megtal\u00e1l\u00e1sa, illetve foglalkoztat\u00e1sa, valamint a fiatalok [&hellip;]<\/p>\n","protected":false},"author":2,"featured_media":0,"comment_status":"closed","ping_status":"closed","sticky":false,"template":"","format":"standard","meta":[],"categories":[9],"tags":[],"_links":{"self":[{"href":"http:\/\/archiv.szolnoktv.hu\/index.php?rest_route=\/wp\/v2\/posts\/9388"}],"collection":[{"href":"http:\/\/archiv.szolnoktv.hu\/index.php?rest_route=\/wp\/v2\/posts"}],"about":[{"href":"http:\/\/archiv.szolnoktv.hu\/index.php?rest_route=\/wp\/v2\/types\/post"}],"author":[{"embeddable":true,"href":"http:\/\/archiv.szolnoktv.hu\/index.php?rest_route=\/wp\/v2\/users\/2"}],"replies":[{"embeddable":true,"href":"http:\/\/archiv.szolnoktv.hu\/index.php?rest_route=%2Fwp%2Fv2%2Fcomments&post=9388"}],"version-history":[{"count":1,"href":"http:\/\/archiv.szolnoktv.hu\/index.php?rest_route=\/wp\/v2\/posts\/9388\/revisions"}],"predecessor-version":[{"id":9427,"href":"http:\/\/archiv.szolnoktv.hu\/index.php?rest_route=\/wp\/v2\/posts\/9388\/revisions\/9427"}],"wp:attachment":[{"href":"http:\/\/archiv.szolnoktv.hu\/index.php?rest_route=%2Fwp%2Fv2%2Fmedia&parent=9388"}],"wp:term":[{"taxonomy":"category","embeddable":true,"href":"http:\/\/archiv.szolnoktv.hu\/index.php?rest_route=%2Fwp%2Fv2%2Fcategories&post=9388"},{"taxonomy":"post_tag","embeddable":true,"href":"http:\/\/archiv.szolnoktv.hu\/index.php?rest_route=%2Fwp%2Fv2%2Ftags&post=9388"}],"curies":[{"name":"wp","href":"https:\/\/api.w.org\/{rel}","templated":true}]}}