{"id":9387,"date":"2018-06-27T19:44:05","date_gmt":"2018-06-27T19:44:05","guid":{"rendered":"http:\/\/archiv.szolnoktv.hu\/?p=9387"},"modified":"2021-08-14T14:37:25","modified_gmt":"2021-08-14T14:37:25","slug":"egeszsegugyi-sport-turisztikai-es-szocialis-bizottsag-2","status":"publish","type":"post","link":"http:\/\/archiv.szolnoktv.hu\/?p=9387","title":{"rendered":"Eg\u00e9szs\u00e9g\u00fcgyi, Sport, Turisztikai \u00e9s Szoci\u00e1lis Bizotts\u00e1g"},"content":{"rendered":"<div class='booster-block booster-read-block'><\/div><p>10 \u00e9ve alap\u00edtott\u00e1k a Szolnok Megyei Es\u00e9ly K\u00f6zalap\u00edtv\u00e1nyt. A szervezet alap\u00edt\u00f3 okirata szerint szoci\u00e1lis tev\u00e9kenys\u00e9get v\u00e9gez, ezen bel\u00fcl is a h\u00e1tr\u00e1nyos helyzet\u0171 csoportok t\u00e1rsadalmi es\u00e9lyegyenl\u0151s\u00e9g\u00e9t seg\u00edti el\u0151.<\/p>\n<p>-C\u00e9lja, hogy azokat a r\u00e1szorul\u00f3kat seg\u00edtse, akik k\u00f6z\u00fczemi tartoz\u00e1st halmoztak f\u00f6l. 2017-ben 20 ilyen csal\u00e1dnak tudott seg\u00edteni az \u00f6nkorm\u00e1nyzat. Valamivel t\u00f6bb mint 2,6 milli\u00f3 forint \u00e9rt\u00e9kben.&#8221; -nyilatkozta Tasn\u00e1di Zolt\u00e1n, az Eg\u00e9szs\u00e9g\u00fcgyi, Sport, Turisztikai \u00e9s Szoci\u00e1lis Bizotts\u00e1g eln\u00f6ke.<\/p>\n<p>A folyamat egy k\u00e9rv\u00e9ny beny\u00fajt\u00e1s\u00e1val kezd\u0151dik, melyet egy k\u00f6rnyezettanulm\u00e1ny k\u00f6vet. A vizsg\u00e1lat sor\u00e1n a Hum\u00e1n Szolg\u00e1ltat\u00f3 K\u00f6zpont munkat\u00e1rsa felm\u00e9ri, hogy az adott csal\u00e1d val\u00f3ban r\u00e1szolg\u00e1l-e a az anyagi t\u00e1mogat\u00e1sra. Pozit\u00edv b\u00edr\u00e1lat eset\u00e9n a k\u00e9relmez\u0151vel szerz\u0151d\u00e9st k\u00f6tnek \u00e9s az alap\u00edtv\u00e1ny a k\u00f6z\u00fczemi tartoz\u00e1s \u00f6sszeg\u00e9nek maximum 90 sz\u00e1zal\u00e9k\u00e1t rendezi a szolg\u00e1ltat\u00f3n\u00e1l. A bizotts\u00e1gi \u00fcl\u00e9s m\u00e1sik fontos napirendi pontja az \u00f6nkorm\u00e1nyzati tulajdonban l\u00e9v\u0151 lak\u00e1sok b\u00e9rlet\u00e9r\u0151l, valamint elidegen\u00edt\u00e9s\u00e9re vonatkoz\u00f3 rendelet m\u00f3dos\u00edt\u00e1sa volt.<\/p>\n<p>-A m\u00f3dos\u00edt\u00e1s arr\u00f3l sz\u00f3l, hogy a jogosults\u00e1gi k\u00f6rt b\u0151v\u00edti l\u00e9nyeg\u00e9ben a hivatal vagy az \u00f6nkorm\u00e1nyzat, erre tesz javaslatot -ez a hat\u00e1rozati javaslat, ami arr\u00f3l sz\u00f3l, hogy most m\u00e1r ne csak a fels\u0151fok\u00fa v\u00e9gzetts\u00e9ggel rendelkez\u0151 szolnoki fiataloknak seg\u00edtsen az \u00f6nkorm\u00e1nyzat, hanem a k\u00f6z\u00e9pfok\u00fa v\u00e9gzetts\u00e9ggel rendelkez\u0151 szolnoki fiatalok sz\u00e1m\u00e1ra is seg\u00edtsen az els\u0151 lak\u00e1shoz jut\u00e1shoz, az \u00f6nkorm\u00e1nyzati lak\u00e1shoz.&#8221; -nyilatkozta Tasn\u00e1di Zolt\u00e1n, az Eg\u00e9szs\u00e9g\u00fcgyi, Sport, Turisztikai \u00e9s Szoci\u00e1lis Bizotts\u00e1g eln\u00f6ke.<\/p>\n<p>A megyesz\u00e9khely \u00f6nkorm\u00e1nyzata 2009 janu\u00e1rj\u00e1ban ind\u00edtotta \u00fatj\u00e1ra a Szolnok Hazav\u00e1r programot. Ennek keret\u00e9ben szolnoki k\u00f6t\u0151d\u00e9s\u0171, szolnoki sz\u00e9khely\u0171 vagy fi\u00f3kteleppel rendelkez\u0151 munk\u00e1ltat\u00f3n\u00e1l, munkaszerz\u0151d\u00e9s alapj\u00e1n munkaviszonyban \u00e1ll\u00f3, 30. \u00e9let\u00e9v\u00fcket m\u00e9g be nem t\u00f6lt\u00f6tt fiatalok ig\u00e9nyelhetnek garzonlak\u00e1sokat. Azok, akik a krit\u00e9riumoknak megfelelnek \u00e9s \u00e9lni szeretn\u00e9nek a lehet\u0151s\u00e9ggel: regisztr\u00e1lniuk kell a Szolnok Hazav\u00e1r programban. Ezt a Hum\u00e1n Igazgat\u00f3s\u00e1gok Szoci\u00e1lis T\u00e1mogat\u00e1sok oszt\u00e1ly\u00e1n egy hivatalos dokumentum kit\u00f6lt\u00e9s\u00e9vel, valamint az info.szolnok.hu oldalon, elektronikus \u00faton is megtehetik.<br \/>\n<br \/>\n<div style=\"width: 640px;\" class=\"wp-video\"><!--[if lt IE 9]><script>document.createElement('video');<\/script><![endif]-->\n<video class=\"wp-video-shortcode\" id=\"video-9387-1\" width=\"640\" height=\"360\" preload=\"metadata\" controls=\"controls\"><source type=\"video\/mp4\" src=\"\/spots\/hir\/hir_180627_03.mp4?_=1\" \/><a href=\"\/spots\/hir\/hir_180627_03.mp4\">\/spots\/hir\/hir_180627_03.mp4<\/a><\/video><\/div><\/p>\n","protected":false},"excerpt":{"rendered":"<p>10 \u00e9ve alap\u00edtott\u00e1k a Szolnok Megyei Es\u00e9ly K\u00f6zalap\u00edtv\u00e1nyt. A szervezet alap\u00edt\u00f3 okirata szerint szoci\u00e1lis tev\u00e9kenys\u00e9get v\u00e9gez, ezen bel\u00fcl is a h\u00e1tr\u00e1nyos helyzet\u0171 csoportok t\u00e1rsadalmi es\u00e9lyegyenl\u0151s\u00e9g\u00e9t seg\u00edti el\u0151. -C\u00e9lja, hogy azokat a r\u00e1szorul\u00f3kat seg\u00edtse, akik k\u00f6z\u00fczemi tartoz\u00e1st halmoztak f\u00f6l. 2017-ben 20 ilyen csal\u00e1dnak tudott seg\u00edteni az \u00f6nkorm\u00e1nyzat. Valamivel t\u00f6bb mint 2,6 milli\u00f3 forint \u00e9rt\u00e9kben.&#8221; -nyilatkozta Tasn\u00e1di [&hellip;]<\/p>\n","protected":false},"author":2,"featured_media":0,"comment_status":"closed","ping_status":"closed","sticky":false,"template":"","format":"standard","meta":[],"categories":[9],"tags":[],"_links":{"self":[{"href":"http:\/\/archiv.szolnoktv.hu\/index.php?rest_route=\/wp\/v2\/posts\/9387"}],"collection":[{"href":"http:\/\/archiv.szolnoktv.hu\/index.php?rest_route=\/wp\/v2\/posts"}],"about":[{"href":"http:\/\/archiv.szolnoktv.hu\/index.php?rest_route=\/wp\/v2\/types\/post"}],"author":[{"embeddable":true,"href":"http:\/\/archiv.szolnoktv.hu\/index.php?rest_route=\/wp\/v2\/users\/2"}],"replies":[{"embeddable":true,"href":"http:\/\/archiv.szolnoktv.hu\/index.php?rest_route=%2Fwp%2Fv2%2Fcomments&post=9387"}],"version-history":[{"count":1,"href":"http:\/\/archiv.szolnoktv.hu\/index.php?rest_route=\/wp\/v2\/posts\/9387\/revisions"}],"predecessor-version":[{"id":9428,"href":"http:\/\/archiv.szolnoktv.hu\/index.php?rest_route=\/wp\/v2\/posts\/9387\/revisions\/9428"}],"wp:attachment":[{"href":"http:\/\/archiv.szolnoktv.hu\/index.php?rest_route=%2Fwp%2Fv2%2Fmedia&parent=9387"}],"wp:term":[{"taxonomy":"category","embeddable":true,"href":"http:\/\/archiv.szolnoktv.hu\/index.php?rest_route=%2Fwp%2Fv2%2Fcategories&post=9387"},{"taxonomy":"post_tag","embeddable":true,"href":"http:\/\/archiv.szolnoktv.hu\/index.php?rest_route=%2Fwp%2Fv2%2Ftags&post=9387"}],"curies":[{"name":"wp","href":"https:\/\/api.w.org\/{rel}","templated":true}]}}