{"id":9386,"date":"2018-06-27T19:41:44","date_gmt":"2018-06-27T19:41:44","guid":{"rendered":"http:\/\/archiv.szolnoktv.hu\/?p=9386"},"modified":"2021-08-14T14:37:25","modified_gmt":"2021-08-14T14:37:25","slug":"augusztus-1-tol-lehet-megujitani-a-szinhazberleteket","status":"publish","type":"post","link":"http:\/\/archiv.szolnoktv.hu\/?p=9386","title":{"rendered":"Augusztus 1-t\u0151l lehet meg\u00faj\u00edtani a sz\u00ednh\u00e1zb\u00e9rleteket"},"content":{"rendered":"<div class='booster-block booster-read-block'><\/div><p>Folyamatosan \u00e9rkeznek a sz\u00ednh\u00e1zkedvel\u0151 szolnokiak a Kossuth t\u00e9ri jegyirod\u00e1ba \u00e9s telefonon is sokan \u00e9rdekl\u0151dnek b\u00e9rleteik fel\u0151l. Megtudtuk: az eddigi m\u00e1jus, j\u00fanius helyett id\u00e9n  augusztus elsej\u00e9t\u0151l \u00faj\u00edthatj\u00e1k meg azokat.  <br \/> A jegyiroda egy\u00e9bk\u00e9nt j\u00faliusban z\u00e1rva is tart majd. <\/p>\n<p> Nagy Istv\u00e1nn\u00e9 :<\/p>\n<p>-&#8220;Az el\u0151z\u0151 \u00e9vekhez k\u00e9pest m\u00e1r ebben az id\u0151ben bev\u00e1ltottuk az el\u0151z\u0151 \u00e9vad  b\u00e9rleteit \u00e9s nem szerettem volna ha elszalasztom, vagy id\u0151ben kics\u00faszok az id\u0151b\u0151l. Erre j\u00e1rtam \u00e9s bekukkantottam. &#8211;<\/p>\n<p>Tizen\u00e9ve rendszeres b\u00e9rletese a Szigligeti Sz\u00ednh\u00e1znak,  nagyon v\u00e1rja m\u00e1r az \u00faj \u00e9vad el\u0151ad\u00e1sait b\u00e1rhol is \u00e1ll\u00edtj\u00e1k sz\u00ednpadra \u0151ket-mondta el. A sz\u00ednh\u00e1z az elm\u00falt \u00e9vadban 105 ezer n\u00e9z\u0151t vonzott, t\u00f6bbs\u00e9g\u00fck \u00e1lland\u00f3 b\u00e9rletes. B\u00e1r legt\u00f6bben v\u00e1rhat\u00f3an meg\u00faj\u00edtj\u00e1k majd b\u00e9rleteiket, a visszamondottakat szeptember elej\u00e9n \u00e9rt\u00e9kes\u00edtik majd.<br \/>\n<br \/>\n<div style=\"width: 640px;\" class=\"wp-video\"><!--[if lt IE 9]><script>document.createElement('video');<\/script><![endif]-->\n<video class=\"wp-video-shortcode\" id=\"video-9386-1\" width=\"640\" height=\"360\" preload=\"metadata\" controls=\"controls\"><source type=\"video\/mp4\" src=\"\/spots\/hir\/hir_180627_02.mp4?_=1\" \/><a href=\"\/spots\/hir\/hir_180627_02.mp4\">\/spots\/hir\/hir_180627_02.mp4<\/a><\/video><\/div><\/p>\n","protected":false},"excerpt":{"rendered":"<p>Folyamatosan \u00e9rkeznek a sz\u00ednh\u00e1zkedvel\u0151 szolnokiak a Kossuth t\u00e9ri jegyirod\u00e1ba \u00e9s telefonon is sokan \u00e9rdekl\u0151dnek b\u00e9rleteik fel\u0151l. Megtudtuk: az eddigi m\u00e1jus, j\u00fanius helyett id\u00e9n augusztus elsej\u00e9t\u0151l \u00faj\u00edthatj\u00e1k meg azokat. A jegyiroda egy\u00e9bk\u00e9nt j\u00faliusban z\u00e1rva is tart majd. Nagy Istv\u00e1nn\u00e9 : -&#8220;Az el\u0151z\u0151 \u00e9vekhez k\u00e9pest m\u00e1r ebben az id\u0151ben bev\u00e1ltottuk az el\u0151z\u0151 \u00e9vad b\u00e9rleteit \u00e9s nem szerettem [&hellip;]<\/p>\n","protected":false},"author":2,"featured_media":0,"comment_status":"closed","ping_status":"closed","sticky":false,"template":"","format":"standard","meta":[],"categories":[9],"tags":[],"_links":{"self":[{"href":"http:\/\/archiv.szolnoktv.hu\/index.php?rest_route=\/wp\/v2\/posts\/9386"}],"collection":[{"href":"http:\/\/archiv.szolnoktv.hu\/index.php?rest_route=\/wp\/v2\/posts"}],"about":[{"href":"http:\/\/archiv.szolnoktv.hu\/index.php?rest_route=\/wp\/v2\/types\/post"}],"author":[{"embeddable":true,"href":"http:\/\/archiv.szolnoktv.hu\/index.php?rest_route=\/wp\/v2\/users\/2"}],"replies":[{"embeddable":true,"href":"http:\/\/archiv.szolnoktv.hu\/index.php?rest_route=%2Fwp%2Fv2%2Fcomments&post=9386"}],"version-history":[{"count":1,"href":"http:\/\/archiv.szolnoktv.hu\/index.php?rest_route=\/wp\/v2\/posts\/9386\/revisions"}],"predecessor-version":[{"id":9429,"href":"http:\/\/archiv.szolnoktv.hu\/index.php?rest_route=\/wp\/v2\/posts\/9386\/revisions\/9429"}],"wp:attachment":[{"href":"http:\/\/archiv.szolnoktv.hu\/index.php?rest_route=%2Fwp%2Fv2%2Fmedia&parent=9386"}],"wp:term":[{"taxonomy":"category","embeddable":true,"href":"http:\/\/archiv.szolnoktv.hu\/index.php?rest_route=%2Fwp%2Fv2%2Fcategories&post=9386"},{"taxonomy":"post_tag","embeddable":true,"href":"http:\/\/archiv.szolnoktv.hu\/index.php?rest_route=%2Fwp%2Fv2%2Ftags&post=9386"}],"curies":[{"name":"wp","href":"https:\/\/api.w.org\/{rel}","templated":true}]}}