{"id":9385,"date":"2018-06-27T19:35:36","date_gmt":"2018-06-27T19:35:36","guid":{"rendered":"http:\/\/archiv.szolnoktv.hu\/?p=9385"},"modified":"2021-08-14T14:37:25","modified_gmt":"2021-08-14T14:37:25","slug":"technikusi-oklevelek-atadasa","status":"publish","type":"post","link":"http:\/\/archiv.szolnoktv.hu\/?p=9385","title":{"rendered":"Technikusi oklevelek \u00e1tad\u00e1sa"},"content":{"rendered":"<div class='booster-block booster-read-block'><\/div><p>Szinte biztos az elhelyezked\u00e9s\u00fck azoknak a technikusoknak akik a Szolnoki M\u0171szaki Szakk\u00e9pz\u00e9si Centrum tagint\u00e9zm\u00e9nyeiben v\u00e9geztek. Kedden este 21 -f\u00e9le szakm\u00e1ban vizsg\u00e1zott fiatal vehette \u00e1t oklevel\u00e9t. <\/p>\n<p> Bodor Csaba: <\/p>\n<p>-&#8220;\u00c9n a k\u00f6z\u00fati k\u00f6zleked\u00e9s \u00fczemvitel szakot v\u00e1lasztottam, az\u00e9rt mert szerintem ennek van j\u00f6v\u0151je Szolnokon is \u00e9s a k\u00f6rnyez\u0151 v\u00e1rosokban is. Egy\u00e9bk\u00e9nt is szeretem ezt a szakm\u00e1t \u00e9s \u00fagy \u00e9rzem, hogy el tudok majd benne helyezkedni. &#8211;<\/p>\n<p>Szab\u00f3 Lajos: <\/p>\n<p>-&#8220;Sz\u00e1momra az\u00e9rt bizonyult ez j\u00f3 d\u00f6nt\u00e9snek, \u00e9s az\u00e9rt szeretem ezt tanulni, mert ezzel a szakm\u00e1val b\u00e1rhol el lehet helyezkedni \u00e9s relat\u00edve kev\u00e9s vegy\u00e9sztechnikus van \u00e9s ez\u00e1ltal <br \/>nem kell att\u00f3l f\u00e9lnem, hogy ne lesz munk\u00e1m, mert keresik az embert \u00e9s mindenf\u00e9lek\u00e9ppen tud az ember munk\u00e1t keresni. A szakmai el\u0151menetel is j\u00f3, mert b\u00e1rhov\u00e1 megy az ember nagyon sokat tud tanulni. Valamint  a kezd\u0151 fizet\u00e9sek is nagyon j\u00f3k, nagyon meg\u00e9ri az embernek, hogyha elmegy dolgozni. &#8211;<\/p>\n<p> A v\u00e1ros az iskol\u00e1it saj\u00e1t gyermek\u00e9nek tekinti-emelte ki k\u00f6sz\u00f6nt\u0151j\u00e9ben Szolnok alpolg\u00e1rmestere. A v\u00e1rosfejleszt\u00e9s folyamatos, jelenleg is t\u00f6bb mint 70 projekt fut. Ennek jelent\u0151s r\u00e9sze az iskol\u00e1kban zajlik- tette hozz\u00e1. Az int\u00e9zm\u00e9nyeben olyan szakm\u00e1kat oktatnak, melyek ir\u00e1nt nagy a kereslet ma a  munkaer\u0151piacon. <\/p>\n<p>Szab\u00f3 Istv\u00e1n alpolg\u00e1rmester, Szolnok : <\/p>\n<p>-&#8220;Minden ipari \u00e9s szolg\u00e1ltat\u00f3 c\u00e9g k\u00e9pzett munkaer\u0151t keres. Ez egy hatalmas kih\u00edv\u00e1s az iskolarendszernek \u00e9s \u00f3ri\u00e1si lehet\u0151s\u00e9g a fiataloknak, hogy v\u00e1logathatnak a jobbn\u00e1l jobb lehet\u0151s\u00e9gek k\u00f6z\u00f6tt. &#8211;<\/p>\n<p>Az elm\u00falt \u00e9vekben nemcsak szakm\u00e1t tanultak a fiatalok, hanem szem\u00e9lyis\u00e9g\u00fck is fejl\u0151d\u00f6tt. Feln\u0151ttek lettek. <\/p>\n<p> Kiss Ferenc szakmai f\u0151igazgat\u00f3- helyettes Szolnoki M\u0171szaki Szakk\u00e9pz\u00e9si Szakk\u00e9pz\u00e9si Centrum : <\/p>\n<p>-&#8220;\u00d6t, hat, illetve 7 f\u00e1rads\u00e1gos \u00e9v \u00e1ll m\u00f6g\u00f6ttetek. Tal\u00e1n a legszebb \u00e9vek voltak ezek. Az els\u0151 c\u00e9lhoz sikerek \u00e9s kudarcok \u00e1r\u00e1n vezetett az \u00fat. Rem\u00e9lem , hogy az elm\u00e9leti \u00e9s gyakorlati \u00f3r\u00e1kon r\u00e1\u00e9rezt\u00fcnk az alkot\u00e1s \u00f6r\u00f6m\u00e9re tanult szakm\u00e1tok sz\u00e9ps\u00e9geire. &#8211;<\/p>\n<p>A szakmai tanulm\u00e1nyi versenyeken \u00f6nbecs\u00fcl\u00e9sre is szert tettek a di\u00e1kok- mondta. Okleveleket 21 szakm\u00e1ban, egyebek mellett g\u00e9pgy\u00e1rt\u00e1s technol\u00f3giai technikus, dekorat\u0151r, k\u00f6rnyezetv\u00e9delmi , automatikai, v\u00edz\u00fcgyi technikus,  magas\u00e9p\u00edt\u0151, vegy\u00e9sz,  faipari \u00e9s logisztikai szakir\u00e1nyon kaptak a di\u00e1kok.<br \/>\n<br \/>\n<div style=\"width: 640px;\" class=\"wp-video\"><!--[if lt IE 9]><script>document.createElement('video');<\/script><![endif]-->\n<video class=\"wp-video-shortcode\" id=\"video-9385-1\" width=\"640\" height=\"360\" preload=\"metadata\" controls=\"controls\"><source type=\"video\/mp4\" src=\"\/spots\/hir\/hir_180627_01.mp4?_=1\" \/><a href=\"\/spots\/hir\/hir_180627_01.mp4\">\/spots\/hir\/hir_180627_01.mp4<\/a><\/video><\/div><\/p>\n","protected":false},"excerpt":{"rendered":"<p>Szinte biztos az elhelyezked\u00e9s\u00fck azoknak a technikusoknak akik a Szolnoki M\u0171szaki Szakk\u00e9pz\u00e9si Centrum tagint\u00e9zm\u00e9nyeiben v\u00e9geztek. Kedden este 21 -f\u00e9le szakm\u00e1ban vizsg\u00e1zott fiatal vehette \u00e1t oklevel\u00e9t. Bodor Csaba: -&#8220;\u00c9n a k\u00f6z\u00fati k\u00f6zleked\u00e9s \u00fczemvitel szakot v\u00e1lasztottam, az\u00e9rt mert szerintem ennek van j\u00f6v\u0151je Szolnokon is \u00e9s a k\u00f6rnyez\u0151 v\u00e1rosokban is. Egy\u00e9bk\u00e9nt is szeretem ezt a szakm\u00e1t \u00e9s \u00fagy [&hellip;]<\/p>\n","protected":false},"author":2,"featured_media":0,"comment_status":"closed","ping_status":"closed","sticky":false,"template":"","format":"standard","meta":[],"categories":[9],"tags":[],"_links":{"self":[{"href":"http:\/\/archiv.szolnoktv.hu\/index.php?rest_route=\/wp\/v2\/posts\/9385"}],"collection":[{"href":"http:\/\/archiv.szolnoktv.hu\/index.php?rest_route=\/wp\/v2\/posts"}],"about":[{"href":"http:\/\/archiv.szolnoktv.hu\/index.php?rest_route=\/wp\/v2\/types\/post"}],"author":[{"embeddable":true,"href":"http:\/\/archiv.szolnoktv.hu\/index.php?rest_route=\/wp\/v2\/users\/2"}],"replies":[{"embeddable":true,"href":"http:\/\/archiv.szolnoktv.hu\/index.php?rest_route=%2Fwp%2Fv2%2Fcomments&post=9385"}],"version-history":[{"count":1,"href":"http:\/\/archiv.szolnoktv.hu\/index.php?rest_route=\/wp\/v2\/posts\/9385\/revisions"}],"predecessor-version":[{"id":9430,"href":"http:\/\/archiv.szolnoktv.hu\/index.php?rest_route=\/wp\/v2\/posts\/9385\/revisions\/9430"}],"wp:attachment":[{"href":"http:\/\/archiv.szolnoktv.hu\/index.php?rest_route=%2Fwp%2Fv2%2Fmedia&parent=9385"}],"wp:term":[{"taxonomy":"category","embeddable":true,"href":"http:\/\/archiv.szolnoktv.hu\/index.php?rest_route=%2Fwp%2Fv2%2Fcategories&post=9385"},{"taxonomy":"post_tag","embeddable":true,"href":"http:\/\/archiv.szolnoktv.hu\/index.php?rest_route=%2Fwp%2Fv2%2Ftags&post=9385"}],"curies":[{"name":"wp","href":"https:\/\/api.w.org\/{rel}","templated":true}]}}