{"id":9384,"date":"2018-06-26T19:29:41","date_gmt":"2018-06-26T19:29:41","guid":{"rendered":"http:\/\/archiv.szolnoktv.hu\/?p=9384"},"modified":"2021-08-14T14:37:25","modified_gmt":"2021-08-14T14:37:25","slug":"egyuttmukodes-a-diakokkal-oktatasi-bizottsag","status":"publish","type":"post","link":"http:\/\/archiv.szolnoktv.hu\/?p=9384","title":{"rendered":"Egy\u00fcttm\u0171k\u00f6d\u00e9s a di\u00e1kokkal-oktat\u00e1si bizotts\u00e1g"},"content":{"rendered":"<div class='booster-block booster-read-block'><\/div><p>A Szolnok V\u00e1rosi \u00d3vod\u00e1k  \u00e9s a Szolnok Telev\u00edzi\u00f3 igazgat\u00f3j\u00e1nak megb\u00edz\u00e1s\u00e1r\u00f3l v\u00e9lem\u00e9nyeztek el\u0151terjeszt\u00e9st az oktat\u00e1si  bizotts\u00e1g tagjai. Mindk\u00e9t vezet\u0151t magas szakmai sz\u00ednvonalon v\u00e9gzett munk\u00e1ja ok\u00e1n  m\u00e9lt\u00f3nak tal\u00e1lta a bizotts\u00e1g a bet\u00f6lt\u00f6tt poz\u00edci\u00f3 meghosszabb\u00edt\u00e1s\u00e1ra. A bizotts\u00e1g tagjai ezen t\u00fal v\u00e9lem\u00e9nyezt\u00e9k  a V\u00e1rosi Gyermektan\u00e1cs \u00e9s a Szolnok V\u00e1rosi Di\u00e1kok Tan\u00e1csa 2017-18-as tan\u00e9vben v\u00e9gzett munk\u00e1j\u00e1t is. <\/p>\n<p> Falusi Vajk  Zsolt eln\u00f6k  elmondta: <\/p>\n<p>-&#8220;A di\u00e1ktan\u00e1cs egyik legfontosabb eredm\u00e9nye, hogy hozz\u00e1j\u00e1rulnak ahhoz, hogy a szolnoki sz\u00f3rakoz\u00f3helyek biztons\u00e1gosak legyenek. A v\u00e1rosban fut egy olyan biztons\u00e1gos sz\u00f3rakoz\u00f3helyekr\u0151l sz\u00f3l\u00f3 program amelynek a c\u00e9lja, hogy minden szolnoki fiatal biztons\u00e1gban \u00e9s sz\u00ednvonalasan tudjon sz\u00f3rakozni a v\u00e1rosban. Az egyik ilyen eredm\u00e9ny amit kiemeln\u00e9k \u00e9ppen ez\u00e9rt a biztons\u00e1gos sz\u00f3rakoz\u00f3hely program, melyet a v\u00e1rosi di\u00e1ktan\u00e1cs rendszeresen ellen\u0151riz, rendszeresen form\u00e1l \u00e9s rendszeresen v\u00e9lem\u00e9nyt alkot ezzel kapcsolatban. &#8211;<\/p>\n<p> A di\u00e1kok a v\u00e1ros turisztikai vonzerej\u00e9t n\u00f6vel\u0151 projektekben is akt\u00edvak voltak. Ilyen  volt a Szolnok felirat\u00fa Selfie pont, mely nagy n\u00e9pszer\u0171s\u00e9gnek \u00f6rvend. A bizotts\u00e1g t\u00e1rgyalt a Csal\u00e1dbar\u00e1t Szolnok program megval\u00f3sul\u00e1s\u00e1r\u00f3l is. <\/p>\n<p>&#8220;Fontosnak tal\u00e1ltuk azt, hogy a k\u00fcl\u00f6nb\u00f6z\u0151 szigetk\u00e9nt m\u0171k\u00f6d\u0151 szigeteket,programelemeket gondolkod\u00e1sm\u00f3dokat egy egys\u00e9ges el\u0151terjeszt\u00e9sben , egy Csal\u00e1dbar\u00e1t Szolnok programban val\u00f3s\u00edtsuk meg. Ezt a munk\u00e1t elkezdt\u00fck. Bele foglaltunk olyan elemeket, mint az \u00fajsz\u00fcl\u00f6ttek t\u00e1mogat\u00e1sa, a fiatal h\u00e1zasok t\u00e1mogat\u00e1sa, vagy a 18 \u00e9vess\u00e9 v\u00e1l\u00f3 fiatalok t\u00e1mogat\u00e1sa \u00e9s most egy ilyen el\u0151terjeszt\u00e9st fogunk megvitetni. Hogy hol kell m\u00e9g er\u0151s\u00edteni \u00e9s m\u00f3dos\u00edtanunk!&#8221; folytatta Falusi Vajk.  <\/p>\n<p>Mivel ez egy id\u0151szakos anyag, az \u00e9v h\u00e1tral\u00e9v\u0151 \u00e9sz\u00e9ben is v\u00e1ltoztathat\u00f3, m\u00f3dos\u00edthat\u00f3 a nagyobb eredm\u00e9nyess\u00e9g \u00e9rdek\u00e9ben- tette hozz\u00e1 a bizotts\u00e1g eln\u00f6ke. <\/p>\n<div style=\"width: 640px;\" class=\"wp-video\"><!--[if lt IE 9]><script>document.createElement('video');<\/script><![endif]-->\n<video class=\"wp-video-shortcode\" id=\"video-9384-1\" width=\"640\" height=\"360\" preload=\"metadata\" controls=\"controls\"><source type=\"video\/mp4\" src=\"\/spots\/hir\/hir_180626_07.mp4?_=1\" \/><a href=\"\/spots\/hir\/hir_180626_07.mp4\">\/spots\/hir\/hir_180626_07.mp4<\/a><\/video><\/div>\n","protected":false},"excerpt":{"rendered":"<p>A Szolnok V\u00e1rosi \u00d3vod\u00e1k \u00e9s a Szolnok Telev\u00edzi\u00f3 igazgat\u00f3j\u00e1nak megb\u00edz\u00e1s\u00e1r\u00f3l v\u00e9lem\u00e9nyeztek el\u0151terjeszt\u00e9st az oktat\u00e1si bizotts\u00e1g tagjai. Mindk\u00e9t vezet\u0151t magas szakmai sz\u00ednvonalon v\u00e9gzett munk\u00e1ja ok\u00e1n m\u00e9lt\u00f3nak tal\u00e1lta a bizotts\u00e1g a bet\u00f6lt\u00f6tt poz\u00edci\u00f3 meghosszabb\u00edt\u00e1s\u00e1ra. A bizotts\u00e1g tagjai ezen t\u00fal v\u00e9lem\u00e9nyezt\u00e9k a V\u00e1rosi Gyermektan\u00e1cs \u00e9s a Szolnok V\u00e1rosi Di\u00e1kok Tan\u00e1csa 2017-18-as tan\u00e9vben v\u00e9gzett munk\u00e1j\u00e1t is. Falusi Vajk Zsolt [&hellip;]<\/p>\n","protected":false},"author":2,"featured_media":0,"comment_status":"closed","ping_status":"closed","sticky":false,"template":"","format":"standard","meta":[],"categories":[9],"tags":[],"_links":{"self":[{"href":"http:\/\/archiv.szolnoktv.hu\/index.php?rest_route=\/wp\/v2\/posts\/9384"}],"collection":[{"href":"http:\/\/archiv.szolnoktv.hu\/index.php?rest_route=\/wp\/v2\/posts"}],"about":[{"href":"http:\/\/archiv.szolnoktv.hu\/index.php?rest_route=\/wp\/v2\/types\/post"}],"author":[{"embeddable":true,"href":"http:\/\/archiv.szolnoktv.hu\/index.php?rest_route=\/wp\/v2\/users\/2"}],"replies":[{"embeddable":true,"href":"http:\/\/archiv.szolnoktv.hu\/index.php?rest_route=%2Fwp%2Fv2%2Fcomments&post=9384"}],"version-history":[{"count":1,"href":"http:\/\/archiv.szolnoktv.hu\/index.php?rest_route=\/wp\/v2\/posts\/9384\/revisions"}],"predecessor-version":[{"id":9431,"href":"http:\/\/archiv.szolnoktv.hu\/index.php?rest_route=\/wp\/v2\/posts\/9384\/revisions\/9431"}],"wp:attachment":[{"href":"http:\/\/archiv.szolnoktv.hu\/index.php?rest_route=%2Fwp%2Fv2%2Fmedia&parent=9384"}],"wp:term":[{"taxonomy":"category","embeddable":true,"href":"http:\/\/archiv.szolnoktv.hu\/index.php?rest_route=%2Fwp%2Fv2%2Fcategories&post=9384"},{"taxonomy":"post_tag","embeddable":true,"href":"http:\/\/archiv.szolnoktv.hu\/index.php?rest_route=%2Fwp%2Fv2%2Ftags&post=9384"}],"curies":[{"name":"wp","href":"https:\/\/api.w.org\/{rel}","templated":true}]}}