{"id":9383,"date":"2018-06-26T19:27:14","date_gmt":"2018-06-26T19:27:14","guid":{"rendered":"http:\/\/archiv.szolnoktv.hu\/?p=9383"},"modified":"2021-08-14T14:37:26","modified_gmt":"2021-08-14T14:37:26","slug":"indul-a-zagyva-hid-felujitas","status":"publish","type":"post","link":"http:\/\/archiv.szolnoktv.hu\/?p=9383","title":{"rendered":"Indul a Zagyva-h\u00edd fel\u00faj\u00edt\u00e1s"},"content":{"rendered":"<div class='booster-block booster-read-block'><\/div><p>Ma m\u00e9g a megszokott m\u00f3don k\u00f6zlekedhettek az aut\u00f3sok, biciklisek \u00e9s gyalogosok a Zagyva-h\u00eddon. Azonban holnapt\u00f3l f\u00e9lp\u00e1ly\u00e1s \u00fatz\u00e1r mellett megkezd\u0151dik a h\u00edd rekonstrukci\u00f3ja, ami a Tallinn v\u00e1rosr\u00e9szt \u00e9rint\u0151 a t\u00f6bb mint 2,6 milli\u00e1rd forintnyi rehabilit\u00e1ci\u00f3s program els\u0151 etapja. <br \/>Munk\u00e1sokat \u00e9s el\u0151k\u00e9sz\u00fcleteket m\u00e1r ma is lehetett l\u00e1tni a h\u00edd alatt. D\u00e9lel\u0151tt m\u00e9g csak a tart\u00f3 pill\u00e9rekn\u00e9l kezd\u0151d\u00f6tt meg a munka, ami szerd\u00e1t\u00f3l m\u00e1r a h\u00eddon folytat\u00f3dik.<\/p>\n<p>-Az \u00e9szaki oldal fel\u0151l a Zagyva Cukr\u00e1szda ir\u00e1ny\u00e1b\u00f3l t\u00f6rt\u00e9nik meg a ker\u00e9kp\u00e1r \u00fat aszfaltburkolat\u00e1nak bont\u00e1sa. Holnap reggel 9 \u00f3r\u00e1t\u00f3l kezdi meg f\u00e9lp\u00e1ly\u00e1s \u00fatz\u00e1rral a kivitelez\u0151 a munk\u00e1latokat.&#8221;- mondta Baranyin\u00e9 S\u00e1rk\u00f6zi Erika a polg\u00e1rmesteri hivatal fejleszt\u00e9si igazgat\u00f3ja.<\/p>\n<p>Az \u00f6nkorm\u00e1nyzat c\u00e9lja, hogy a beruh\u00e1z\u00e1s ideje alatt a gyalogosok \u00e9s biciklisek folyamatosan haszn\u00e1lhass\u00e1k a fel\u00faj\u00edt\u00e1s alatt l\u00e9v\u0151 hidat. <\/p>\n<p>-Nagyon figyel\u00fcnk arra, hogy a forgalom min\u00e9l folyamatosabban tudjon haladni jelz\u0151\u0151r \u00e9s forgalom ir\u00e1ny\u00edt\u00e1s lesz cs\u00facsid\u0151ben \u00e9s munkaid\u0151ben egyar\u00e1nt ut\u00e1na pedig jelz\u0151l\u00e1mp\u00e1s ir\u00e1ny\u00edt\u00e1ssal tudnak \u00e1thaladni a h\u00eddon.&#8221;- tette hozz\u00e1 Baranyin\u00e9 S\u00e1rk\u00f6zi Erika.<\/p>\n<p>A jelz\u0151\u0151r\u00f6k az \u00fatz\u00e1r alatt reggel 7 \u00e9s d\u00e9lut\u00e1n 17 \u00f3ra k\u00f6z\u00f6tt ir\u00e1ny\u00edtj\u00e1k a forgalmat, ezt k\u00f6vet\u0151en kezd\u0151dik meg a jelz\u0151l\u00e1mp\u00e1k \u00fczemel\u00e9se. A f\u00e9lp\u00e1ly\u00e1s lez\u00e1r\u00e1st j\u00falius 15. ut\u00e1n szeptember 15-ig teljes h\u00eddz\u00e1r k\u00f6veti. A fel\u00faj\u00edt\u00e1s v\u00e9g\u00e9ig az aut\u00f3sok, biciklisek \u00e9s gyalogosok a Ny\u00e1ri L\u0151rinc-h\u00eddon akad\u00e1lytalanul k\u00f6zlekedhetnek.<br \/>\n<br \/>\n<div style=\"width: 640px;\" class=\"wp-video\"><!--[if lt IE 9]><script>document.createElement('video');<\/script><![endif]-->\n<video class=\"wp-video-shortcode\" id=\"video-9383-1\" width=\"640\" height=\"360\" preload=\"metadata\" controls=\"controls\"><source type=\"video\/mp4\" src=\"\/spots\/hir\/hir_180626_06.mp4?_=1\" \/><a href=\"\/spots\/hir\/hir_180626_06.mp4\">\/spots\/hir\/hir_180626_06.mp4<\/a><\/video><\/div><\/p>\n","protected":false},"excerpt":{"rendered":"<p>Ma m\u00e9g a megszokott m\u00f3don k\u00f6zlekedhettek az aut\u00f3sok, biciklisek \u00e9s gyalogosok a Zagyva-h\u00eddon. Azonban holnapt\u00f3l f\u00e9lp\u00e1ly\u00e1s \u00fatz\u00e1r mellett megkezd\u0151dik a h\u00edd rekonstrukci\u00f3ja, ami a Tallinn v\u00e1rosr\u00e9szt \u00e9rint\u0151 a t\u00f6bb mint 2,6 milli\u00e1rd forintnyi rehabilit\u00e1ci\u00f3s program els\u0151 etapja. Munk\u00e1sokat \u00e9s el\u0151k\u00e9sz\u00fcleteket m\u00e1r ma is lehetett l\u00e1tni a h\u00edd alatt. D\u00e9lel\u0151tt m\u00e9g csak a tart\u00f3 pill\u00e9rekn\u00e9l kezd\u0151d\u00f6tt [&hellip;]<\/p>\n","protected":false},"author":2,"featured_media":0,"comment_status":"closed","ping_status":"closed","sticky":false,"template":"","format":"standard","meta":[],"categories":[9],"tags":[],"_links":{"self":[{"href":"http:\/\/archiv.szolnoktv.hu\/index.php?rest_route=\/wp\/v2\/posts\/9383"}],"collection":[{"href":"http:\/\/archiv.szolnoktv.hu\/index.php?rest_route=\/wp\/v2\/posts"}],"about":[{"href":"http:\/\/archiv.szolnoktv.hu\/index.php?rest_route=\/wp\/v2\/types\/post"}],"author":[{"embeddable":true,"href":"http:\/\/archiv.szolnoktv.hu\/index.php?rest_route=\/wp\/v2\/users\/2"}],"replies":[{"embeddable":true,"href":"http:\/\/archiv.szolnoktv.hu\/index.php?rest_route=%2Fwp%2Fv2%2Fcomments&post=9383"}],"version-history":[{"count":1,"href":"http:\/\/archiv.szolnoktv.hu\/index.php?rest_route=\/wp\/v2\/posts\/9383\/revisions"}],"predecessor-version":[{"id":9432,"href":"http:\/\/archiv.szolnoktv.hu\/index.php?rest_route=\/wp\/v2\/posts\/9383\/revisions\/9432"}],"wp:attachment":[{"href":"http:\/\/archiv.szolnoktv.hu\/index.php?rest_route=%2Fwp%2Fv2%2Fmedia&parent=9383"}],"wp:term":[{"taxonomy":"category","embeddable":true,"href":"http:\/\/archiv.szolnoktv.hu\/index.php?rest_route=%2Fwp%2Fv2%2Fcategories&post=9383"},{"taxonomy":"post_tag","embeddable":true,"href":"http:\/\/archiv.szolnoktv.hu\/index.php?rest_route=%2Fwp%2Fv2%2Ftags&post=9383"}],"curies":[{"name":"wp","href":"https:\/\/api.w.org\/{rel}","templated":true}]}}