{"id":9379,"date":"2018-06-26T16:41:19","date_gmt":"2018-06-26T16:41:19","guid":{"rendered":"http:\/\/archiv.szolnoktv.hu\/?p=9379"},"modified":"2021-08-14T14:37:27","modified_gmt":"2021-08-14T14:37:27","slug":"ulesezett-a-varosfejlesztesi-bizottsag-5","status":"publish","type":"post","link":"http:\/\/archiv.szolnoktv.hu\/?p=9379","title":{"rendered":"\u00dcl\u00e9sezett a v\u00e1rosfejleszt\u00e9si bizotts\u00e1g"},"content":{"rendered":"<div class='booster-block booster-read-block'><\/div><p>R\u00e9gi ny\u00edl\u00e1sz\u00e1r\u00f3k, h\u0151szigetel\u00e9s n\u00e9lk\u00fcli falak. \u00cdgy n\u00e9z ki jelenleg k\u00edv\u00fclr\u0151l az Aranyi S\u00e1ndor \u00dati B\u00f6lcs\u0151de. Az int\u00e9zm\u00e9nyben azonban hamarosan fel\u00faj\u00edt\u00e1s kezd\u0151dik, melynek keret\u00e9ben ny\u00edl\u00e1sz\u00e1r\u00f3 csere, h\u0151-\u00e9s tet\u0151szigetel\u00e9s, illetve napelemek felszerel\u00e9se val\u00f3sul meg. A rekonstrukci\u00f3val az \u00f6nkorm\u00e1nyzat c\u00e9lja a f\u00e9r\u0151helyek n\u00f6vel\u00e9se is. <\/p>\n<p>-Az energetikai fel\u00faj\u00edt\u00e1s mellett egy l\u00e9tsz\u00e1mb\u0151v\u00edt\u00e9st is hoz, mintegy 209 f\u0151 lesz a b\u00f6lcs\u0151de befogad\u00f3 k\u00e9pess\u00e9ge ez egy 48 milli\u00f3 forintos 100%-ban \u00e1llamilag t\u00e1mogatott fel\u00faj\u00edt\u00e1s lesz, ezzel szeretn\u00e9nk kinn a Sz\u00e9chenyin a f\u00e9r\u0151helyeket b\u0151v\u00edteni.&#8221;- mondta Moln\u00e1r Iv\u00e1n a v\u00e1rosfejleszt\u00e9si bizotts\u00e1g eln\u00f6ke.<\/p>\n<p> Kamer\u00e1val megfigyelt ter\u00fclet!A v\u00e1ros sz\u00e1mos pontj\u00e1n tal\u00e1lkozhatnak hasonl\u00f3 felh\u00edv\u00e1sokkal a j\u00e1r\u00f3kel\u0151k. Szolnokon 10 \u00e9ve \u00fczemel t\u00e9rfigyel\u0151 rendszer, melynek m\u0171k\u00f6d\u00e9si tapasztalatair\u00f3l is besz\u00e1molt a v\u00e1rosfejleszt\u00e9si bizotts\u00e1g. A rendszer k\u00f6zpontja a v\u00e1rosi rend\u0151rkapit\u00e1nys\u00e1g, ahol 85 mozgathat\u00f3 \u00e9s zoomolhat\u00f3 kamer\u00e1t ir\u00e1ny\u00edtanak, valamint figyelnek. <\/p>\n<p>-Szok\u00e1s szerint minden \u00e9vben megn\u00e9zz\u00fck a m\u0171k\u00f6d\u00e9s\u00e9t, id\u00e9n is megt\u00f6rt\u00e9nt. Az els\u0151 5 h\u00f3napban mintegy 38 k\u00f6zleked\u00e9s rend\u00e9szeti elj\u00e1r\u00e1s indult ezekbe, de emellett balesetekn\u00e9l \u00e9s k\u00fcl\u00f6nb\u00f6z\u0151 b\u0171ncselekm\u00e9nyekn\u00e9l is nagy seg\u00edts\u00e9get ny\u00fajt mert visszakereshet\u0151 \u00e9s bizony\u00edt\u00e9kk\u00e9nt csatolhat\u00f3.&#8221;- tette hozz\u00e1 Moln\u00e1r Iv\u00e1n.<\/p>\n<p>A kamer\u00e1knak k\u00f6sz\u00f6nhet\u0151en az elm\u00falt \u00e9vekben az illeg\u00e1lis hullad\u00e9klerak\u00e1s is cs\u00f6kkent a v\u00e1rosban, illetve vannak olyan ter\u00fcletek, ahol teljesen meg is sz\u0171nt. A 2008 \u00f3ta m\u0171k\u00f6d\u0151 rendszer kamer\u00e1it a hat\u00e9konys\u00e1g miatt rendszeresen ellen\u0151rzik \u00e9s cser\u00e9lik. <\/p>\n<div style=\"width: 640px;\" class=\"wp-video\"><!--[if lt IE 9]><script>document.createElement('video');<\/script><![endif]-->\n<video class=\"wp-video-shortcode\" id=\"video-9379-1\" width=\"640\" height=\"360\" preload=\"metadata\" controls=\"controls\"><source type=\"video\/mp4\" src=\"\/spots\/hir\/hir_180626_02.mp4?_=1\" \/><a href=\"\/spots\/hir\/hir_180626_02.mp4\">\/spots\/hir\/hir_180626_02.mp4<\/a><\/video><\/div>\n","protected":false},"excerpt":{"rendered":"<p>R\u00e9gi ny\u00edl\u00e1sz\u00e1r\u00f3k, h\u0151szigetel\u00e9s n\u00e9lk\u00fcli falak. \u00cdgy n\u00e9z ki jelenleg k\u00edv\u00fclr\u0151l az Aranyi S\u00e1ndor \u00dati B\u00f6lcs\u0151de. Az int\u00e9zm\u00e9nyben azonban hamarosan fel\u00faj\u00edt\u00e1s kezd\u0151dik, melynek keret\u00e9ben ny\u00edl\u00e1sz\u00e1r\u00f3 csere, h\u0151-\u00e9s tet\u0151szigetel\u00e9s, illetve napelemek felszerel\u00e9se val\u00f3sul meg. A rekonstrukci\u00f3val az \u00f6nkorm\u00e1nyzat c\u00e9lja a f\u00e9r\u0151helyek n\u00f6vel\u00e9se is. -Az energetikai fel\u00faj\u00edt\u00e1s mellett egy l\u00e9tsz\u00e1mb\u0151v\u00edt\u00e9st is hoz, mintegy 209 f\u0151 lesz a b\u00f6lcs\u0151de [&hellip;]<\/p>\n","protected":false},"author":2,"featured_media":0,"comment_status":"closed","ping_status":"closed","sticky":false,"template":"","format":"standard","meta":[],"categories":[9],"tags":[],"_links":{"self":[{"href":"http:\/\/archiv.szolnoktv.hu\/index.php?rest_route=\/wp\/v2\/posts\/9379"}],"collection":[{"href":"http:\/\/archiv.szolnoktv.hu\/index.php?rest_route=\/wp\/v2\/posts"}],"about":[{"href":"http:\/\/archiv.szolnoktv.hu\/index.php?rest_route=\/wp\/v2\/types\/post"}],"author":[{"embeddable":true,"href":"http:\/\/archiv.szolnoktv.hu\/index.php?rest_route=\/wp\/v2\/users\/2"}],"replies":[{"embeddable":true,"href":"http:\/\/archiv.szolnoktv.hu\/index.php?rest_route=%2Fwp%2Fv2%2Fcomments&post=9379"}],"version-history":[{"count":1,"href":"http:\/\/archiv.szolnoktv.hu\/index.php?rest_route=\/wp\/v2\/posts\/9379\/revisions"}],"predecessor-version":[{"id":9436,"href":"http:\/\/archiv.szolnoktv.hu\/index.php?rest_route=\/wp\/v2\/posts\/9379\/revisions\/9436"}],"wp:attachment":[{"href":"http:\/\/archiv.szolnoktv.hu\/index.php?rest_route=%2Fwp%2Fv2%2Fmedia&parent=9379"}],"wp:term":[{"taxonomy":"category","embeddable":true,"href":"http:\/\/archiv.szolnoktv.hu\/index.php?rest_route=%2Fwp%2Fv2%2Fcategories&post=9379"},{"taxonomy":"post_tag","embeddable":true,"href":"http:\/\/archiv.szolnoktv.hu\/index.php?rest_route=%2Fwp%2Fv2%2Ftags&post=9379"}],"curies":[{"name":"wp","href":"https:\/\/api.w.org\/{rel}","templated":true}]}}