{"id":9378,"date":"2018-06-26T16:37:04","date_gmt":"2018-06-26T16:37:04","guid":{"rendered":"http:\/\/archiv.szolnoktv.hu\/?p=9378"},"modified":"2021-08-14T14:37:27","modified_gmt":"2021-08-14T14:37:27","slug":"julius-elsejetol-mar-buntetnek-a-parlagfuert","status":"publish","type":"post","link":"http:\/\/archiv.szolnoktv.hu\/?p=9378","title":{"rendered":"J\u00falius elsej\u00e9t\u0151l m\u00e1r b\u00fcntetnek a parlagf\u0171\u00e9rt"},"content":{"rendered":"<div class='booster-block booster-read-block'><\/div><p>&#8216;<\/p>\n<p>A m\u00e1r bimb\u00f3z\u00f3 parlagf\u00fcvet mutatja Holl\u00f3 L\u00e1szl\u00f3. A j\u00e1r\u00e1si hivatal f\u0151oszt\u00e1lyvezet\u0151je azt mondja, a t\u00f6bbi n\u00f6v\u00e9nyhez hasonl\u00f3an a k\u00f6telez\u0151en irtand\u00f3 allerg\u00e9n n\u00f6v\u00e9ny vir\u00e1gz\u00e1sa a szokottn\u00e1l mintegy k\u00e9t h\u00e9ttel-, j\u00falius elej\u00e9n, de legk\u00e9s\u0151bb k\u00f6zep\u00e9n elkezd\u0151dhet. J\u00falius elsej\u00e9t\u0151l az ellen\u0151rz\u00e9sek is elkezd\u0151dnek, amelyek azt vizsg\u00e1lj\u00e1k, hogy a n\u00f6v\u00e9nyeket lev\u00e1gt\u00e1k-e a ter\u00fclettulajdonosok.<\/p>\n<p>-A j\u00e1r\u00e1si f\u00f6ldhivatalok gazd\u00e1szai v\u00e9gzik a helysz\u00edni ellen\u0151rz\u00e9st. Az id\u00e9n a tavalyin\u00e1l sokkal fokozottabb ellen\u0151rz\u00e9sekre sz\u00e1m\u00edthatunk, nagy az elv\u00e1r\u00e1s a parlagf\u0171-mentes\u00edt\u00e9s kapcs\u00e1n.&#8221;  &#8211;   mondta Holl\u00f3 L\u00e1szl\u00f3 f\u0151oszt\u00e1lyvezet\u0151<\/p>\n<p>A fokozott ellen\u0151rz\u00e9st az indokolja, hogy a statisztik\u00e1k szerint Magyarorsz\u00e1gon minden 5., de ink\u00e1bb negyedik ember szenved parlagf\u0171 allergi\u00e1ban. A f\u00f6ldhivatal munkat\u00e1rsai els\u0151sorban a k\u00fclter\u00fcleteken fekv\u0151 sz\u00e1nt\u00f3kat \u00e9s erd\u0151ket ellen\u0151rzik majd, ahol azt vizsg\u00e1lj\u00e1k, hogy a parlagf\u0171 irt\u00e1s megkezd\u0151d\u00f6tt-e \u00e9s a tulajdonos folyamatosan mentes\u00edti-e a ter\u00fcletet. <\/p>\n<p>Holl\u00f3 L\u00e1szl\u00f3 kiemelte: -Ahol a parlagf\u0171 bimb\u00f3s \u00e1llapot\u00fa, vagy ne adj&#038;#8217<br \/><\/p>\n","protected":false},"excerpt":{"rendered":"<p>&#8216; A m\u00e1r bimb\u00f3z\u00f3 parlagf\u00fcvet mutatja Holl\u00f3 L\u00e1szl\u00f3. A j\u00e1r\u00e1si hivatal f\u0151oszt\u00e1lyvezet\u0151je azt mondja, a t\u00f6bbi n\u00f6v\u00e9nyhez hasonl\u00f3an a k\u00f6telez\u0151en irtand\u00f3 allerg\u00e9n n\u00f6v\u00e9ny vir\u00e1gz\u00e1sa a szokottn\u00e1l mintegy k\u00e9t h\u00e9ttel-, j\u00falius elej\u00e9n, de legk\u00e9s\u0151bb k\u00f6zep\u00e9n elkezd\u0151dhet. J\u00falius elsej\u00e9t\u0151l az ellen\u0151rz\u00e9sek is elkezd\u0151dnek, amelyek azt vizsg\u00e1lj\u00e1k, hogy a n\u00f6v\u00e9nyeket lev\u00e1gt\u00e1k-e a ter\u00fclettulajdonosok. -A j\u00e1r\u00e1si f\u00f6ldhivatalok gazd\u00e1szai v\u00e9gzik [&hellip;]<\/p>\n","protected":false},"author":2,"featured_media":0,"comment_status":"closed","ping_status":"closed","sticky":false,"template":"","format":"standard","meta":[],"categories":[9],"tags":[],"_links":{"self":[{"href":"http:\/\/archiv.szolnoktv.hu\/index.php?rest_route=\/wp\/v2\/posts\/9378"}],"collection":[{"href":"http:\/\/archiv.szolnoktv.hu\/index.php?rest_route=\/wp\/v2\/posts"}],"about":[{"href":"http:\/\/archiv.szolnoktv.hu\/index.php?rest_route=\/wp\/v2\/types\/post"}],"author":[{"embeddable":true,"href":"http:\/\/archiv.szolnoktv.hu\/index.php?rest_route=\/wp\/v2\/users\/2"}],"replies":[{"embeddable":true,"href":"http:\/\/archiv.szolnoktv.hu\/index.php?rest_route=%2Fwp%2Fv2%2Fcomments&post=9378"}],"version-history":[{"count":1,"href":"http:\/\/archiv.szolnoktv.hu\/index.php?rest_route=\/wp\/v2\/posts\/9378\/revisions"}],"predecessor-version":[{"id":9437,"href":"http:\/\/archiv.szolnoktv.hu\/index.php?rest_route=\/wp\/v2\/posts\/9378\/revisions\/9437"}],"wp:attachment":[{"href":"http:\/\/archiv.szolnoktv.hu\/index.php?rest_route=%2Fwp%2Fv2%2Fmedia&parent=9378"}],"wp:term":[{"taxonomy":"category","embeddable":true,"href":"http:\/\/archiv.szolnoktv.hu\/index.php?rest_route=%2Fwp%2Fv2%2Fcategories&post=9378"},{"taxonomy":"post_tag","embeddable":true,"href":"http:\/\/archiv.szolnoktv.hu\/index.php?rest_route=%2Fwp%2Fv2%2Ftags&post=9378"}],"curies":[{"name":"wp","href":"https:\/\/api.w.org\/{rel}","templated":true}]}}