{"id":9377,"date":"2018-06-25T18:36:03","date_gmt":"2018-06-25T18:36:03","guid":{"rendered":"http:\/\/archiv.szolnoktv.hu\/?p=9377"},"modified":"2021-08-14T14:37:27","modified_gmt":"2021-08-14T14:37:27","slug":"dr-berko-attila-kormanymegbizott","status":"publish","type":"post","link":"http:\/\/archiv.szolnoktv.hu\/?p=9377","title":{"rendered":"Dr. Berk\u00f3 Attila korm\u00e1nymegb\u00edzott"},"content":{"rendered":"<div class='booster-block booster-read-block'><\/div><p>A p\u00e9nteki Magyar K\u00f6zl\u00f6nyben olvashat\u00f3 a megyei korm\u00e1nymegb\u00edzottak n\u00e9vsora. Az elm\u00falt id\u0151szakhoz k\u00e9pest egy \u00faj n\u00e9v szerepel a list\u00e1n, a szolnoki Dr. Berk\u00f3 Attil\u00e1\u00e9. Orb\u00e1n Viktor minisztereln\u00f6k \u0151t nevezte ki a JNSZ Megyei Korm\u00e1nyhivatalt vezet\u0151 korm\u00e1nymegb\u00edzott\u00e1. <br \/>Ma m\u00e9g a korm\u00e1nyhivatal f\u0151igazgat\u00f3jak\u00e9nt tev\u00e9kenykedik, kedden m\u00e1r  \u00e1tveszi kinevez\u00e9s\u00e9t a Parlamentben. <\/p>\n<p>Dr. Berk\u00f3 Attila  megyei korm\u00e1nymegb\u00edzott<\/p>\n<p>-&#8220;Nagyon friss az inform\u00e1ci\u00f3, egy \u00f3r\u00e1ja kaptam a h\u00edrt, hogy holnap lesz a kinevez\u00e9si okm\u00e1nyok \u00e1tad\u00e1sa, illetve az esk\u00fct\u00e9tel a Parlament vad\u00e1szterm\u00e9ben, ahov\u00e1 rokonokat \u00e9s csal\u00e1dtagokat is lehet vinni. A feles\u00e9gemet viszem \u00e9s felk\u00e9rtem polg\u00e1rmester urat, hogy legyen sz\u00edves k\u00e9pviselje velem egy\u00fctt a megy\u00e9t ebben a nagyon \u00fcnnep\u00e9lyes pillanatban. &#8211;<\/p>\n<p>A korm\u00e1nyhivatalok feladata, hogy seg\u00edtse a v\u00e1llalkoz\u00e1sok, \u00e1llampolg\u00e1rok, beruh\u00e1z\u00e1sok fejl\u0151d\u00e9s\u00e9t. Ebben t\u00f6bb mint 1500-an tev\u00e9kenykednek, hiszen a  megye m\u00e1sodik legnagyobb foglalkoztat\u00f3ja a Korm\u00e1nyhivatal. <\/p>\n<p>&#8220;A  szakmai munka nagym\u00e9rt\u00e9kben f\u00fcgg att\u00f3l, hogy a minisztereln\u00f6ks\u00e9g milyen ir\u00e1nyt szab ki a korm\u00e1nyhivataloknak. \u00c9n azt gondolom, hogy azok az orsz\u00e1gos korm\u00e1nyzati c\u00e9lok, ezen bel\u00fcl a biztons\u00e1g, a csal\u00e1dok t\u00e1mogat\u00e1sa, a v\u00e1llalkoz\u00e1sok er\u0151s\u00edt\u00e9se nem t\u00e9rhet el a korm\u00e1nyhivatal m\u0171k\u00f6d\u00e9s\u00e9t\u0151l sem. Ezen az \u00faton kell tov\u00e1bb haladnunk, illetve egy \u00fcgycsoport \u00e1tvizsg\u00e1l\u00e1son kell \u00e1tesn\u00fcnk a k\u00f6vetkez\u0151 id\u0151szakban&#8221; tette hozz\u00e1 Dr. Berk\u00f3 Attila korm\u00e1nymegb\u00edzott. <\/p>\n<p>Ebben az \u00e9vben a  csal\u00e1dokra f\u00f3kusz\u00e1lnak, \u00e9s sz\u00e9les\u00edten\u00e9k az elektronikus k\u00f6zigazgat\u00e1st ig\u00e9nybe vev\u0151k  k\u00f6r\u00e9t is- tette hozz\u00e1 Dr. Berk\u00f3 Attila.<\/p>\n<div style=\"width: 640px;\" class=\"wp-video\"><!--[if lt IE 9]><script>document.createElement('video');<\/script><![endif]-->\n<video class=\"wp-video-shortcode\" id=\"video-9377-1\" width=\"640\" height=\"360\" preload=\"metadata\" controls=\"controls\"><source type=\"video\/mp4\" src=\"\/spots\/hir\/hir_180625_05.mp4?_=1\" \/><a href=\"\/spots\/hir\/hir_180625_05.mp4\">\/spots\/hir\/hir_180625_05.mp4<\/a><\/video><\/div>\n","protected":false},"excerpt":{"rendered":"<p>A p\u00e9nteki Magyar K\u00f6zl\u00f6nyben olvashat\u00f3 a megyei korm\u00e1nymegb\u00edzottak n\u00e9vsora. Az elm\u00falt id\u0151szakhoz k\u00e9pest egy \u00faj n\u00e9v szerepel a list\u00e1n, a szolnoki Dr. Berk\u00f3 Attil\u00e1\u00e9. Orb\u00e1n Viktor minisztereln\u00f6k \u0151t nevezte ki a JNSZ Megyei Korm\u00e1nyhivatalt vezet\u0151 korm\u00e1nymegb\u00edzott\u00e1. Ma m\u00e9g a korm\u00e1nyhivatal f\u0151igazgat\u00f3jak\u00e9nt tev\u00e9kenykedik, kedden m\u00e1r \u00e1tveszi kinevez\u00e9s\u00e9t a Parlamentben. Dr. Berk\u00f3 Attila megyei korm\u00e1nymegb\u00edzott -&#8220;Nagyon friss [&hellip;]<\/p>\n","protected":false},"author":2,"featured_media":0,"comment_status":"closed","ping_status":"closed","sticky":false,"template":"","format":"standard","meta":[],"categories":[9],"tags":[],"_links":{"self":[{"href":"http:\/\/archiv.szolnoktv.hu\/index.php?rest_route=\/wp\/v2\/posts\/9377"}],"collection":[{"href":"http:\/\/archiv.szolnoktv.hu\/index.php?rest_route=\/wp\/v2\/posts"}],"about":[{"href":"http:\/\/archiv.szolnoktv.hu\/index.php?rest_route=\/wp\/v2\/types\/post"}],"author":[{"embeddable":true,"href":"http:\/\/archiv.szolnoktv.hu\/index.php?rest_route=\/wp\/v2\/users\/2"}],"replies":[{"embeddable":true,"href":"http:\/\/archiv.szolnoktv.hu\/index.php?rest_route=%2Fwp%2Fv2%2Fcomments&post=9377"}],"version-history":[{"count":1,"href":"http:\/\/archiv.szolnoktv.hu\/index.php?rest_route=\/wp\/v2\/posts\/9377\/revisions"}],"predecessor-version":[{"id":9438,"href":"http:\/\/archiv.szolnoktv.hu\/index.php?rest_route=\/wp\/v2\/posts\/9377\/revisions\/9438"}],"wp:attachment":[{"href":"http:\/\/archiv.szolnoktv.hu\/index.php?rest_route=%2Fwp%2Fv2%2Fmedia&parent=9377"}],"wp:term":[{"taxonomy":"category","embeddable":true,"href":"http:\/\/archiv.szolnoktv.hu\/index.php?rest_route=%2Fwp%2Fv2%2Fcategories&post=9377"},{"taxonomy":"post_tag","embeddable":true,"href":"http:\/\/archiv.szolnoktv.hu\/index.php?rest_route=%2Fwp%2Fv2%2Ftags&post=9377"}],"curies":[{"name":"wp","href":"https:\/\/api.w.org\/{rel}","templated":true}]}}