{"id":9376,"date":"2018-06-25T18:17:56","date_gmt":"2018-06-25T18:17:56","guid":{"rendered":"http:\/\/archiv.szolnoktv.hu\/?p=9376"},"modified":"2021-08-14T14:37:27","modified_gmt":"2021-08-14T14:37:27","slug":"delig-zarva-a-szervizut","status":"publish","type":"post","link":"http:\/\/archiv.szolnoktv.hu\/?p=9376","title":{"rendered":"D\u00e9lig z\u00e1rva a szerv\u00edz\u00fat"},"content":{"rendered":"<div class='booster-block booster-read-block'><\/div><p>Ma d\u00e9lben m\u00e1r zavartalan volt a forgalom a kritikus \u00fatszakaszokon is. <br \/>Reggel azonban nem  volt egyszer\u0171 bejutni a v\u00e1rosba a R\u00e1k\u00f3czifalv\u00e1r\u00f3l, Szandasz\u0151l\u0151sr\u0151l \u00e9rkez\u0151knek, de akik ker\u00fcltek volna a Szent Istv\u00e1n H\u00edd fel\u00e9, \u0151k is lassabban \u00e9rtek c\u00e9lba. 40-50 percre n\u0151 az \u00e9jjel 8-10 perces menetid\u0151 a dug\u00f3 miatt. <br \/>Folytat\u00f3dnak  ugyanis a 4. sz\u00e1m\u00fa Budapest &#8211; Debrecen &#8211; Z\u00e1hony els\u0151rend\u0171 f\u0151\u00fat Szolnok elker\u00fcl\u0151 szakasz\u00e1nak burkolatfel\u00faj\u00edt\u00e1si munk\u00e1latai . Ezen a h\u00e9ten a  Szent Istv\u00e1n Tisza-h\u00eddon v\u00e9geznek burkolatcser\u00e9t, jav\u00edtj\u00e1k a  dilat\u00e1ci\u00f3s szerkezetet \u00e9s egy\u00e9b h\u00eddszerkezeti elemeket. <br \/>Szolnok Megyei Jog\u00fa V\u00e1ros \u00d6nkorm\u00e1nyzat\u00e1t\u00f3l azt is megtudtuk, hogy vas\u00e1rnap este m\u00f3dos\u00edtott\u00e1k az Aldi fel\u00e9 vezet\u0151 szerviz\u00fatra hajt\u00e1s idej\u00e9t. Ezt sokan tapasztalt\u00e1k is  ma d\u00e9lel\u0151tt. <br \/>A  szervizutat ugyanis rend\u0151r\u00f6k \u00e1llt\u00e1k el. Mert ahogyan a vas\u00e1rnap este m\u00f3dos\u00edtott t\u00e1bl\u00e1n l\u00e1tszik is, reggel 6 \u00f3r\u00e1t\u00f3l d\u00e9lig nem mehetnek erre az aut\u00f3sok \u00e9s nem lehet erre ker\u00fclni.  <br \/>A forgalmat egy\u00e9bk\u00e9nt rend\u0151r\u00f6k seg\u00edtik a kritikus id\u0151szakokban. <br \/>Nyilv\u00e1n az is gyors\u00edtan\u00e1 a halad\u00e1st ha a reggelente v\u00e1ros fel\u0151l \u00e9rkez\u0151k, az -egy innen- egy onnan &#8221; cipz\u00e1r elv szerint ugyan\u00fagy beengedn\u00e9k a Szandasz\u0151l\u0151s fel\u0151l \u00e9rkez\u0151ket a k\u00f6rforgalomba, ahogyan azt \u0151k teszik a Holt-Tisza fel\u0151l \u00e9rkez\u0151kkel. <br \/>Az utasok m\u00e9r\u00e9se szerint aut\u00f3busszal p\u00e9nteken 1 \u00f3ra, ma reggel 40 perc alatt lehetett bejutni a v\u00e1rosba Szandasz\u0151l\u0151sr\u0151l. <br \/>T\u00fcrelemre m\u00e1shol is sz\u00fcks\u00e9g van.  A Th\u00f6k\u00f6ly \u00fati fel\u00fclj\u00e1r\u00f3n\u00e1l a Sz\u00e9chenyi k\u00f6r\u00fati k\u00f6rforgalom \u00e9s a Z\u00f6ldfa utca k\u00f6z\u00f6tt m\u00e1t\u00f3l j\u00falius 15-ig cser\u00e9lik az aszfalt kop\u00f3- \u00e9s k\u00f6t\u0151r\u00e9teg\u00e9t, \u00e9s \u00faj padk\u00e1t is \u00e9p\u00edtenek. A munkav\u00e9gz\u00e9s id\u0151tartama alatt szakaszosan \u00fatsz\u0171k\u00fclet \u00e9s f\u00e9lp\u00e1ly\u00e1s lez\u00e1r\u00e1s lesz \u00e9rv\u00e9nyben. A v\u00e1ltakoz\u00f3 ir\u00e1ny\u00fa forgalmat jelz\u0151\u0151r\u00f6k ir\u00e1ny\u00edtj\u00e1k. <br \/>Az Ady Endre \u00faton  a p\u00e9nteki cs\u0151t\u00f6r\u00e9s miatt m\u00e9g sz\u00e1m\u00edtani kell forgalomkorl\u00e1toz\u00e1sra. Ez\u00e9rt, a v\u00e1rosb\u00f3l kimen\u0151 forgalom gyors\u00edt\u00e1sa \u00e9rdek\u00e9ben  &#8211;   a munk\u00e1latok v\u00e9g\u00e9ig a Tisza-h\u00edd fel\u00e9 \u00e1t lehet hajtani a Kossuth t\u00e9ren. <\/p>\n<div style=\"width: 640px;\" class=\"wp-video\"><!--[if lt IE 9]><script>document.createElement('video');<\/script><![endif]-->\n<video class=\"wp-video-shortcode\" id=\"video-9376-1\" width=\"640\" height=\"360\" preload=\"metadata\" controls=\"controls\"><source type=\"video\/mp4\" src=\"\/spots\/hir\/hir_180625_06.mp4?_=1\" \/><a href=\"\/spots\/hir\/hir_180625_06.mp4\">\/spots\/hir\/hir_180625_06.mp4<\/a><\/video><\/div>\n","protected":false},"excerpt":{"rendered":"<p>Ma d\u00e9lben m\u00e1r zavartalan volt a forgalom a kritikus \u00fatszakaszokon is. Reggel azonban nem volt egyszer\u0171 bejutni a v\u00e1rosba a R\u00e1k\u00f3czifalv\u00e1r\u00f3l, Szandasz\u0151l\u0151sr\u0151l \u00e9rkez\u0151knek, de akik ker\u00fcltek volna a Szent Istv\u00e1n H\u00edd fel\u00e9, \u0151k is lassabban \u00e9rtek c\u00e9lba. 40-50 percre n\u0151 az \u00e9jjel 8-10 perces menetid\u0151 a dug\u00f3 miatt. Folytat\u00f3dnak ugyanis a 4. sz\u00e1m\u00fa Budapest &#8211; [&hellip;]<\/p>\n","protected":false},"author":2,"featured_media":0,"comment_status":"closed","ping_status":"closed","sticky":false,"template":"","format":"standard","meta":[],"categories":[9],"tags":[],"_links":{"self":[{"href":"http:\/\/archiv.szolnoktv.hu\/index.php?rest_route=\/wp\/v2\/posts\/9376"}],"collection":[{"href":"http:\/\/archiv.szolnoktv.hu\/index.php?rest_route=\/wp\/v2\/posts"}],"about":[{"href":"http:\/\/archiv.szolnoktv.hu\/index.php?rest_route=\/wp\/v2\/types\/post"}],"author":[{"embeddable":true,"href":"http:\/\/archiv.szolnoktv.hu\/index.php?rest_route=\/wp\/v2\/users\/2"}],"replies":[{"embeddable":true,"href":"http:\/\/archiv.szolnoktv.hu\/index.php?rest_route=%2Fwp%2Fv2%2Fcomments&post=9376"}],"version-history":[{"count":1,"href":"http:\/\/archiv.szolnoktv.hu\/index.php?rest_route=\/wp\/v2\/posts\/9376\/revisions"}],"predecessor-version":[{"id":9439,"href":"http:\/\/archiv.szolnoktv.hu\/index.php?rest_route=\/wp\/v2\/posts\/9376\/revisions\/9439"}],"wp:attachment":[{"href":"http:\/\/archiv.szolnoktv.hu\/index.php?rest_route=%2Fwp%2Fv2%2Fmedia&parent=9376"}],"wp:term":[{"taxonomy":"category","embeddable":true,"href":"http:\/\/archiv.szolnoktv.hu\/index.php?rest_route=%2Fwp%2Fv2%2Fcategories&post=9376"},{"taxonomy":"post_tag","embeddable":true,"href":"http:\/\/archiv.szolnoktv.hu\/index.php?rest_route=%2Fwp%2Fv2%2Ftags&post=9376"}],"curies":[{"name":"wp","href":"https:\/\/api.w.org\/{rel}","templated":true}]}}