{"id":9375,"date":"2018-06-25T18:15:28","date_gmt":"2018-06-25T18:15:28","guid":{"rendered":"http:\/\/archiv.szolnoktv.hu\/?p=9375"},"modified":"2021-08-14T14:37:27","modified_gmt":"2021-08-14T14:37:27","slug":"ulesezett-az-aratasi-koordinacios-bizottsag","status":"publish","type":"post","link":"http:\/\/archiv.szolnoktv.hu\/?p=9375","title":{"rendered":"\u00dcl\u00e9sezett az arat\u00e1si koordin\u00e1ci\u00f3s bizotts\u00e1g"},"content":{"rendered":"<div class='booster-block booster-read-block'><\/div><p>Az igazi t\u00e9l ez\u00fattal elker\u00fclte t\u00e9rs\u00e9g\u00fcnket, ami a n\u00f6v\u00e9nykult\u00far\u00e1kban is \u00e9reztette hat\u00e1s\u00e1t. Febru\u00e1rban \u00e9s m\u00e1rciusban a sok\u00e9ves \u00e1tlagn\u00e1l j\u00f3val t\u00f6bb csapad\u00e9k hullott, \u00e1m az \u00e1prilis \u00e9s a m\u00e1jus sz\u00e1razabb volt a megszokottn\u00e1l, hangs\u00falyozta  Hubai Imre Csaba a Nemzeti Agr\u00e1rgazdas\u00e1gi kamara megyei eln\u00f6ke.<\/p>\n<p>&#8220;\u00c9ghajlatv\u00e1ltoz\u00e1s k\u00f6vetkezt\u00e9ben egy h\u00f3nappal k\u00e9s\u0151bb lett tavasz \u00e9s egy h\u00f3nappal kor\u00e1bban t\u00f6rt\u00e9nik a betakar\u00edt\u00e1s. Kiemeln\u00e9m a szam\u00f3ca, a cseresznye, a meggy, a repce, a gabonaf\u00e9l\u00e9k betakar\u00edt\u00e1s\u00e1t, hiszen m\u00e9g P\u00e9ter P\u00e1l napja el\u0151tt megkezd\u0151d\u00f6tt a betakar\u00edt\u00e1s. Sz\u0171k k\u00e9t h\u00e9ttel a m\u00e1skori optim\u00e1lis id\u0151h\u00f6z k\u00e9pest.&#8221;<\/p>\n<p> A betakar\u00edt\u00e1s jelen \u00e1ll\u00e1s\u00e1b\u00f3l m\u00e1r viszonylag pontos k\u00f6vetkeztet\u00e9sek vonhat\u00f3k le.<\/p>\n<p>&#8220;Az eddigi eredm\u00e9nyek alapj\u00e1n az \u0151szi \u00e1rpa term\u00e9s\u00e1tlaga 4.5 tonna per hekt\u00e1r, az \u0151szi b\u00faz\u00e1\u00e9 k\u00f6r\u00fclbel\u00fcl ennyi-, vagy valamivel t\u00f6bb lesz. Ez magyarul azt jelenti, hogy k\u00f6r\u00fclbel\u00fcl egy 5%- kal fog kevesebb teremni mint m\u00e1s \u00e9vekben ezekb\u0151l a term\u00e9nyekb\u0151l. De annyi stressz amennyi ezeket a n\u00f6v\u00e9nyeket \u00e9rte, ahhoz k\u00e9pest ez egy j\u00f3 term\u00e9snek sz\u00e1m\u00edt.&#8221;<\/p>\n<p>Az aktu\u00e1lis mez\u0151gazdas\u00e1gi munk\u00e1kkal j\u00e1r\u00f3 k\u00f6zleked\u00e9si tudnival\u00f3k kapcs\u00e1n a rend\u0151rs\u00e9g a falugazd\u00e1szokon kereszt\u00fcl keresi fel az \u00e9rintetteket. Tudtuk meg D\u00e1vid M\u00f3nika r. \u0151rnagyt\u00f3l.<\/p>\n<p>&#8220;A megyei balesetmegel\u0151z\u00e9si bizotts\u00e1g k\u00e9sz\u00edtett egy ilyen kis palk\u00e1t szer\u0171 kis k\u00f6zlem\u00e9nyt amivel a legfontosabb k\u00f6zleked\u00e9si szab\u00e1lyokra f\u00f6lh\u00edvja a gazd\u00e1knak a figyelm\u00e9t akik ugye a k\u00f6z\u00fati k\u00f6zleked\u00e9sben r\u00e9szt vesznek.&#8221;<\/p>\n<p>A megy\u00e9ben mintegy 800 korszer\u0171 komb\u00e1jn seg\u00edti a gazd\u00e1lkod\u00f3k munk\u00e1j\u00e1t. \u00c1m nem mindegy, hogy milyen \u00e1llapotban vannak a berendez\u00e9sek.<\/p>\n<p>&#8220;A g\u00e9pellen\u0151rz\u00e9sek JNSz Megy\u00e9ben folyamatosak. P\u00e9ld\u00e1ul csak a szolnoki kirendelts\u00e9gen eddig 14 val\u00f3sult meg minden k\u00fcl\u00f6n\u00f6sebb hi\u00e1nyoss\u00e1g, vagy probl\u00e9ma n\u00e9lk\u00fcl.&#8221;- mondta N\u00e9meth \u00c1d\u00e1m megyei katasztr\u00f3fav\u00e9delmi sz\u00f3viv\u0151.<\/p>\n<p>Aktu\u00e1lis k\u00e9rd\u00e9s a parlagf\u0171 gy\u00e9r\u00edt\u00e9s is. A f\u00f6ldhaszn\u00e1l\u00f3knak j\u00fanius v\u00e9g\u00e9ig kell f\u00f6ldj\u00fckr\u0151l elt\u00e1vol\u00edtani az allerg\u00e9n n\u00f6v\u00e9nyeket.<\/p>\n<p>&#8220;\u00c9s amennyiben egy adott helyen a fenol\u00f3giai \u00e1llapot\u00fa parlagf\u00fcvet tal\u00e1lnak, k\u00f6telez\u0151en el kell, hogy induljon az elj\u00e1r\u00e1s ami k\u00f6telez\u0151en kiszaband\u00f3 b\u00edrs\u00e1ggal j\u00e1r.&#8221;- hangs\u00falyozta Holl\u00f3 L\u00e1szl\u00f3 agr\u00e1r\u00fcgyi f\u0151oszt\u00e1lyvezet\u0151.<\/p>\n<p>Az Arat\u00e1si Koordin\u00e1ci\u00f3s Bizotts\u00e1g \u00fcl\u00e9s\u00e9t megel\u0151z\u0151 sajt\u00f3t\u00e1j\u00e9koztat\u00f3n elhangzott- a megy\u00e9ben t\u00f6bb mint 2 milli\u00f3 tonna t\u00e1rol\u00f3kapacit\u00e1s \u00e1ll rendelkez\u00e9sre. A gabonasil\u00f3k pedig tov\u00e1bbi, mintegy 260 ezer tonna gabona t\u00e1rol\u00e1s\u00e1ra alkalmasak.<\/p>\n<div style=\"width: 640px;\" class=\"wp-video\"><!--[if lt IE 9]><script>document.createElement('video');<\/script><![endif]-->\n<video class=\"wp-video-shortcode\" id=\"video-9375-1\" width=\"640\" height=\"360\" preload=\"metadata\" controls=\"controls\"><source type=\"video\/mp4\" src=\"\/spots\/hir\/hir_180625_08.mp4?_=1\" \/><a href=\"\/spots\/hir\/hir_180625_08.mp4\">\/spots\/hir\/hir_180625_08.mp4<\/a><\/video><\/div>\n","protected":false},"excerpt":{"rendered":"<p>Az igazi t\u00e9l ez\u00fattal elker\u00fclte t\u00e9rs\u00e9g\u00fcnket, ami a n\u00f6v\u00e9nykult\u00far\u00e1kban is \u00e9reztette hat\u00e1s\u00e1t. Febru\u00e1rban \u00e9s m\u00e1rciusban a sok\u00e9ves \u00e1tlagn\u00e1l j\u00f3val t\u00f6bb csapad\u00e9k hullott, \u00e1m az \u00e1prilis \u00e9s a m\u00e1jus sz\u00e1razabb volt a megszokottn\u00e1l, hangs\u00falyozta Hubai Imre Csaba a Nemzeti Agr\u00e1rgazdas\u00e1gi kamara megyei eln\u00f6ke. &#8220;\u00c9ghajlatv\u00e1ltoz\u00e1s k\u00f6vetkezt\u00e9ben egy h\u00f3nappal k\u00e9s\u0151bb lett tavasz \u00e9s egy h\u00f3nappal kor\u00e1bban t\u00f6rt\u00e9nik a [&hellip;]<\/p>\n","protected":false},"author":2,"featured_media":0,"comment_status":"closed","ping_status":"closed","sticky":false,"template":"","format":"standard","meta":[],"categories":[9],"tags":[],"_links":{"self":[{"href":"http:\/\/archiv.szolnoktv.hu\/index.php?rest_route=\/wp\/v2\/posts\/9375"}],"collection":[{"href":"http:\/\/archiv.szolnoktv.hu\/index.php?rest_route=\/wp\/v2\/posts"}],"about":[{"href":"http:\/\/archiv.szolnoktv.hu\/index.php?rest_route=\/wp\/v2\/types\/post"}],"author":[{"embeddable":true,"href":"http:\/\/archiv.szolnoktv.hu\/index.php?rest_route=\/wp\/v2\/users\/2"}],"replies":[{"embeddable":true,"href":"http:\/\/archiv.szolnoktv.hu\/index.php?rest_route=%2Fwp%2Fv2%2Fcomments&post=9375"}],"version-history":[{"count":1,"href":"http:\/\/archiv.szolnoktv.hu\/index.php?rest_route=\/wp\/v2\/posts\/9375\/revisions"}],"predecessor-version":[{"id":9440,"href":"http:\/\/archiv.szolnoktv.hu\/index.php?rest_route=\/wp\/v2\/posts\/9375\/revisions\/9440"}],"wp:attachment":[{"href":"http:\/\/archiv.szolnoktv.hu\/index.php?rest_route=%2Fwp%2Fv2%2Fmedia&parent=9375"}],"wp:term":[{"taxonomy":"category","embeddable":true,"href":"http:\/\/archiv.szolnoktv.hu\/index.php?rest_route=%2Fwp%2Fv2%2Fcategories&post=9375"},{"taxonomy":"post_tag","embeddable":true,"href":"http:\/\/archiv.szolnoktv.hu\/index.php?rest_route=%2Fwp%2Fv2%2Ftags&post=9375"}],"curies":[{"name":"wp","href":"https:\/\/api.w.org\/{rel}","templated":true}]}}