{"id":9374,"date":"2018-06-25T16:31:09","date_gmt":"2018-06-25T16:31:09","guid":{"rendered":"http:\/\/archiv.szolnoktv.hu\/?p=9374"},"modified":"2021-08-14T14:37:27","modified_gmt":"2021-08-14T14:37:27","slug":"ulesezett-a-penzugyi-bizottsag-3","status":"publish","type":"post","link":"http:\/\/archiv.szolnoktv.hu\/?p=9374","title":{"rendered":"\u00dcl\u00e9sezett a p\u00e9nz\u00fcgyi bizotts\u00e1g"},"content":{"rendered":"<div class='booster-block booster-read-block'><\/div><p>T\u00f6redezett \u00e9s megs\u00fcllyedt burkolaton k\u00f6zlekedhetnek azok a gyalogosok, akik a Szeg\u0151 G\u00e1bor \u00c1ltal\u00e1nos Iskola el\u0151tt haladnak el. Az int\u00e9zm\u00e9ny fel\u00faj\u00edt\u00e1s\u00e1val p\u00e1rhuzamosan a k\u00f6rny\u00e9k j\u00e1rda rekonstrukci\u00f3ja is megkezd\u0151dik. Ez m\u00e1r a J\u00f3zsef Attila \u00fat, ahol ebben az \u00e9vben parkol\u00f3 \u00e9p\u00edt\u00e9se kezd\u0151dik meg. A v\u00e1ros t\u00f6bb pontj\u00e1ra kiterjed\u0151 \u00fat, j\u00e1rda \u00e9s k\u00f6zleked\u00e9sbiztons\u00e1g infrastruktur\u00e1lis fejleszt\u00e9s 50 milli\u00f3 forintb\u00f3l val\u00f3sul meg. <\/p>\n<p>-A k\u00f6zleked\u00e9sbiztons\u00e1gi infrastruktur\u00e1lis fejleszt\u00e9ssel kapcs\u00e1n egy ker\u00e9kp\u00e1ros \u00e1tvezet\u00e9s kialak\u00edt\u00e1s\u00e1ra ker\u00fcl sor a V\u00f6r\u00f6smez\u0171- Kert\u00e9sz \u00fat \u00e9s G\u00e1t\u0151r \u00fat csom\u00f3pontban, parkol\u00f3k fognak \u00e9p\u00fclni a J\u00f3zsef Attila \u00fat 25. sz\u00e1m alatti \u00e9p\u00fcletn\u00e9l, illetve nagyon r\u00e9gi k\u00e9r\u00e9se az ott lak\u00f3knak egy gyalog\u00e1tkel\u0151hely l\u00e9tes\u00edt\u00e9se a Kert\u00e9sz utc\u00e1ba a Sportrept\u00e9r el\u0151tt.&#8221;- mondta Bagdi S\u00e1ndorn\u00e9 a P\u00e9nz\u00fcgyi Bizotts\u00e1g eln\u00f6ke.<\/p>\n<p>A p\u00e9nz\u00fcgyi bizotts\u00e1g \u00fcl\u00e9s\u00e9n a Szigligeti Sz\u00ednh\u00e1z teljes k\u00f6r\u0171 fel\u00faj\u00edt\u00e1s\u00e1nak r\u00e9szleteit is megvitatta. Az \u00e9p\u00fclet szerkezeti \u00e9s sz\u00ednpad technol\u00f3giai fejleszt\u00e9se k\u00f6zel 4,6 milli\u00e1rd forintb\u00f3l val\u00f3sul meg. A rekonstrukci\u00f3 a sz\u00ednh\u00e1z k\u00f6rny\u00e9k\u00e9t is \u00e9rinti, amir\u0151l a bizotts\u00e1g eln\u00f6ke sz\u00e1molt be.<\/p>\n<p>-A fel\u00faj\u00edt\u00e1s kapcs\u00e1n ig\u00e9ny mutatkozik arra, hogy a sz\u00ednh\u00e1z k\u00f6rny\u00e9k\u00e9n parkol\u00f3k l\u00e9tes\u00fcljenek. A mai bizotts\u00e1gi \u00fcl\u00e9sen t\u00e1rgyaltunk arr\u00f3l, hogy tervek szerint egy m\u00e9ly gar\u00e1zs \u00e9p\u00fclne a Szigligeti Sz\u00ednh\u00e1z k\u00f6rny\u00e9k\u00e9n. Ennek terveztet\u00e9s\u00e9re egy 40 milli\u00f3 forint+ \u00c1F\u00c1-s k\u00f6lts\u00e9get t\u00e1rgyaltunk \u00e9s hagytunk j\u00f3v\u00e1 a mai \u00fcl\u00e9sen.&#8221;- tette hozz\u00e1 Bagdi S\u00e1ndorn\u00e9.&#8221;<\/p>\n<p>A fel\u00faj\u00edt\u00e1s a t\u00e1rsulat k\u00f6lt\u00f6z\u00e9se ut\u00e1n, \u0151sszel indul \u00e9s az el\u0151zetes tervek szerint 2019. szeptember\u00e9ig tart. A t\u00e1rsulat bemutat\u00f3inak a rekonstrukci\u00f3 v\u00e9g\u00e9ig az Aba-Nov\u00e1k Ag\u00f3ra Kultur\u00e1lis K\u00f6zpont \u00e9s Sz\u00edn-M\u0171-Hely ad otthont.<br \/>\n<br \/>\n<div style=\"width: 640px;\" class=\"wp-video\"><!--[if lt IE 9]><script>document.createElement('video');<\/script><![endif]-->\n<video class=\"wp-video-shortcode\" id=\"video-9374-1\" width=\"640\" height=\"360\" preload=\"metadata\" controls=\"controls\"><source type=\"video\/mp4\" src=\"\/spots\/hir\/hir_180625_04.mp4?_=1\" \/><a href=\"\/spots\/hir\/hir_180625_04.mp4\">\/spots\/hir\/hir_180625_04.mp4<\/a><\/video><\/div><\/p>\n","protected":false},"excerpt":{"rendered":"<p>T\u00f6redezett \u00e9s megs\u00fcllyedt burkolaton k\u00f6zlekedhetnek azok a gyalogosok, akik a Szeg\u0151 G\u00e1bor \u00c1ltal\u00e1nos Iskola el\u0151tt haladnak el. Az int\u00e9zm\u00e9ny fel\u00faj\u00edt\u00e1s\u00e1val p\u00e1rhuzamosan a k\u00f6rny\u00e9k j\u00e1rda rekonstrukci\u00f3ja is megkezd\u0151dik. Ez m\u00e1r a J\u00f3zsef Attila \u00fat, ahol ebben az \u00e9vben parkol\u00f3 \u00e9p\u00edt\u00e9se kezd\u0151dik meg. A v\u00e1ros t\u00f6bb pontj\u00e1ra kiterjed\u0151 \u00fat, j\u00e1rda \u00e9s k\u00f6zleked\u00e9sbiztons\u00e1g infrastruktur\u00e1lis fejleszt\u00e9s 50 milli\u00f3 forintb\u00f3l [&hellip;]<\/p>\n","protected":false},"author":2,"featured_media":0,"comment_status":"closed","ping_status":"closed","sticky":false,"template":"","format":"standard","meta":[],"categories":[9],"tags":[],"_links":{"self":[{"href":"http:\/\/archiv.szolnoktv.hu\/index.php?rest_route=\/wp\/v2\/posts\/9374"}],"collection":[{"href":"http:\/\/archiv.szolnoktv.hu\/index.php?rest_route=\/wp\/v2\/posts"}],"about":[{"href":"http:\/\/archiv.szolnoktv.hu\/index.php?rest_route=\/wp\/v2\/types\/post"}],"author":[{"embeddable":true,"href":"http:\/\/archiv.szolnoktv.hu\/index.php?rest_route=\/wp\/v2\/users\/2"}],"replies":[{"embeddable":true,"href":"http:\/\/archiv.szolnoktv.hu\/index.php?rest_route=%2Fwp%2Fv2%2Fcomments&post=9374"}],"version-history":[{"count":1,"href":"http:\/\/archiv.szolnoktv.hu\/index.php?rest_route=\/wp\/v2\/posts\/9374\/revisions"}],"predecessor-version":[{"id":9441,"href":"http:\/\/archiv.szolnoktv.hu\/index.php?rest_route=\/wp\/v2\/posts\/9374\/revisions\/9441"}],"wp:attachment":[{"href":"http:\/\/archiv.szolnoktv.hu\/index.php?rest_route=%2Fwp%2Fv2%2Fmedia&parent=9374"}],"wp:term":[{"taxonomy":"category","embeddable":true,"href":"http:\/\/archiv.szolnoktv.hu\/index.php?rest_route=%2Fwp%2Fv2%2Fcategories&post=9374"},{"taxonomy":"post_tag","embeddable":true,"href":"http:\/\/archiv.szolnoktv.hu\/index.php?rest_route=%2Fwp%2Fv2%2Ftags&post=9374"}],"curies":[{"name":"wp","href":"https:\/\/api.w.org\/{rel}","templated":true}]}}