{"id":9372,"date":"2018-06-25T16:02:23","date_gmt":"2018-06-25T16:02:23","guid":{"rendered":"http:\/\/archiv.szolnoktv.hu\/?p=9372"},"modified":"2021-08-14T14:37:28","modified_gmt":"2021-08-14T14:37:28","slug":"tiszavirag-fesztival-ertekelo","status":"publish","type":"post","link":"http:\/\/archiv.szolnoktv.hu\/?p=9372","title":{"rendered":"Tiszavir\u00e1g fesztiv\u00e1l \u00e9rt\u00e9kel\u0151"},"content":{"rendered":"<div class='booster-block booster-read-block'><\/div><p>A foly\u00f3parti s\u00e9t\u00e1ny \u00e1rnyas f\u00e1i k\u00f6z\u00f6tt a sz\u00ednpadon a jazzes-soul-t j\u00e1tsz\u00f3 Shaibo egy\u00fcttes is zen\u00e9lt a fesztiv\u00e1l utols\u00f3 napj\u00e1n. Picivel arr\u00e9bb, a k\u00e9zm\u0171ves v\u00e1s\u00e1rban pedig B\u00e1nfi Mikl\u00f3s, a v\u00e1ros b\u00e1rzongorist\u00e1ja sz\u00f3rakoztatta a kil\u00e1togat\u00f3kat: ottj\u00e1rtunkkor \u00e9ppen Clayderman dallamaival.<\/p>\n<p>A Tiszavir\u00e1g Fesztiv\u00e1l saj\u00e1toss\u00e1ga, hogy a zenei soksz\u00edn\u0171s\u00e9g \u00e9s a gasztron\u00f3miai \u00e9lm\u00e9nyek adta hangulat k\u00f6zelebb hozza egym\u00e1shoz az ismeretleneket \u00e9s \u00fajra \u00f6ssze a r\u00e9g nem l\u00e1tott bar\u00e1tokat. So\u00f3s D\u00e1vid ugyan \u00edgy v\u00e9lekedik err\u0151l.<\/p>\n<p>-T\u00e9nyleg, sokan vagyunk \u00e9s ha min\u00e9l t\u00f6bben vagyunk, ann\u00e1l jobban tudjuk \u00e9rezni magunkat  &#8211;   \u00e9n ennek a h\u00edve vagyok. Itt vannak a bar\u00e1taim, j\u00f3 a zene, j\u00f3 \u00e9telek vannak, finom italok \u00e9s igaz\u00e1b\u00f3l szerintem az a l\u00e9nyege ennek az eg\u00e9sznek, hogy \u00f6sszekov\u00e1csolja az embereket, j\u00f3l \u00e9rezz\u00fck magunkat.&#8221;<\/p>\n<p>-Ugye b\u00e1r minden \u00e9vben ki szoktunk j\u00f6nni, egy\u00e9bk\u00e9nt Szolnokon \u00e9l\u00fcnk, teh\u00e1t szerintem ez Szolnokon a legn\u00edv\u00f3sabb fesztiv\u00e1l. Ami k\u00fcl\u00f6n\u00f6sen tetszik az, hogy nagyon ig\u00e9nyes vil\u00e1gzenei fell\u00e9p\u0151k vannak, meg  &#8211;   ami most szerintem k\u00fcl\u00f6n\u00f6sen j\u00f3- az az, hogy a szolnoki zen\u00e9szek is meg tudj\u00e1k v\u00e9gre mutatni magukat.&#8221; -mondta Sz\u0171cs G\u00e1bor, aki saj\u00e1t zenekar\u00e1val is fell\u00e9pett a fesztiv\u00e1lon.<\/p>\n<p>A rendezv\u00e9ny \u00f6tletgazd\u00e1ja \u00e9s f\u0151szervez\u0151je Kov\u00e1cs \u00c1kos elmondta  &#8211;   a Ny\u00e1ri Sz\u00ednh\u00e1z el\u0151ad\u00e1sain telt h\u00e1z volt, illetve a zenekarokat illet\u0151en is pozit\u00edv visszajelz\u00e9seket kaptak.<\/p>\n<p>-Az a zenei v\u00e1laszt\u00e1s, amit mi meghat\u00e1roztunk: hogy nem a m\u00e9dia sorb\u00e9li celebeket fogjuk megh\u00edvni, hanem t\u00e9nyleg olyan  &#8211;   egyesek sz\u00e1m\u00e1ra ismeretlen, de kiv\u00e1l\u00f3 zenekarokat- \u00e9s t\u00f6bb tucat ilyen k\u00e9r\u00e9s j\u00f6tt a h\u00e9ten, hogy : hol tal\u00e1lod ezeket a zenekarokat, annyira j\u00f3. \u00dagy, hogy ezt itt megtartjuk, illetve h\u00e1t pr\u00f3b\u00e1ljuk ezt a mili\u0151t, ezt a hangulatot a k\u00f6vetkez\u0151 \u00e9vekbe is \u00e1tvinni, hiszen nagyon tetszik az embereknek. \u00dagy, hogy egyel\u0151re el\u00e9gedett vagyok, m\u00e9g az id\u0151j\u00e1r\u00e1ssal is.&#8221;<\/p>\n<p>A Tiszavir\u00e1g Fesztiv\u00e1l id\u00e9n is bizony\u00edtotta: k\u00e9pes minden gener\u00e1ci\u00f3t megsz\u00f3l\u00edtani. A k\u00f6ztereket k\u00f6r\u00fcl\u00f6lel\u0151, t\u00f6bbsz\u00e1z \u00e9ves gesztenyef\u00e1k \u00e1rny\u00e9k\u00e1ban, otthonosan, kultur\u00e1ltan t\u00f6bb, mint 45 ezer ember sz\u00f3rakozott.<\/p>\n<div style=\"width: 640px;\" class=\"wp-video\"><!--[if lt IE 9]><script>document.createElement('video');<\/script><![endif]-->\n<video class=\"wp-video-shortcode\" id=\"video-9372-1\" width=\"640\" height=\"360\" preload=\"metadata\" controls=\"controls\"><source type=\"video\/mp4\" src=\"\/spots\/hir\/hir_180625_03.mp4?_=1\" \/><a href=\"\/spots\/hir\/hir_180625_03.mp4\">\/spots\/hir\/hir_180625_03.mp4<\/a><\/video><\/div>\n","protected":false},"excerpt":{"rendered":"<p>A foly\u00f3parti s\u00e9t\u00e1ny \u00e1rnyas f\u00e1i k\u00f6z\u00f6tt a sz\u00ednpadon a jazzes-soul-t j\u00e1tsz\u00f3 Shaibo egy\u00fcttes is zen\u00e9lt a fesztiv\u00e1l utols\u00f3 napj\u00e1n. Picivel arr\u00e9bb, a k\u00e9zm\u0171ves v\u00e1s\u00e1rban pedig B\u00e1nfi Mikl\u00f3s, a v\u00e1ros b\u00e1rzongorist\u00e1ja sz\u00f3rakoztatta a kil\u00e1togat\u00f3kat: ottj\u00e1rtunkkor \u00e9ppen Clayderman dallamaival. A Tiszavir\u00e1g Fesztiv\u00e1l saj\u00e1toss\u00e1ga, hogy a zenei soksz\u00edn\u0171s\u00e9g \u00e9s a gasztron\u00f3miai \u00e9lm\u00e9nyek adta hangulat k\u00f6zelebb hozza egym\u00e1shoz az [&hellip;]<\/p>\n","protected":false},"author":2,"featured_media":0,"comment_status":"closed","ping_status":"closed","sticky":false,"template":"","format":"standard","meta":[],"categories":[9],"tags":[],"_links":{"self":[{"href":"http:\/\/archiv.szolnoktv.hu\/index.php?rest_route=\/wp\/v2\/posts\/9372"}],"collection":[{"href":"http:\/\/archiv.szolnoktv.hu\/index.php?rest_route=\/wp\/v2\/posts"}],"about":[{"href":"http:\/\/archiv.szolnoktv.hu\/index.php?rest_route=\/wp\/v2\/types\/post"}],"author":[{"embeddable":true,"href":"http:\/\/archiv.szolnoktv.hu\/index.php?rest_route=\/wp\/v2\/users\/2"}],"replies":[{"embeddable":true,"href":"http:\/\/archiv.szolnoktv.hu\/index.php?rest_route=%2Fwp%2Fv2%2Fcomments&post=9372"}],"version-history":[{"count":1,"href":"http:\/\/archiv.szolnoktv.hu\/index.php?rest_route=\/wp\/v2\/posts\/9372\/revisions"}],"predecessor-version":[{"id":9443,"href":"http:\/\/archiv.szolnoktv.hu\/index.php?rest_route=\/wp\/v2\/posts\/9372\/revisions\/9443"}],"wp:attachment":[{"href":"http:\/\/archiv.szolnoktv.hu\/index.php?rest_route=%2Fwp%2Fv2%2Fmedia&parent=9372"}],"wp:term":[{"taxonomy":"category","embeddable":true,"href":"http:\/\/archiv.szolnoktv.hu\/index.php?rest_route=%2Fwp%2Fv2%2Fcategories&post=9372"},{"taxonomy":"post_tag","embeddable":true,"href":"http:\/\/archiv.szolnoktv.hu\/index.php?rest_route=%2Fwp%2Fv2%2Ftags&post=9372"}],"curies":[{"name":"wp","href":"https:\/\/api.w.org\/{rel}","templated":true}]}}