{"id":9371,"date":"2018-06-25T16:00:13","date_gmt":"2018-06-25T16:00:13","guid":{"rendered":"http:\/\/archiv.szolnoktv.hu\/?p=9371"},"modified":"2021-08-14T14:37:28","modified_gmt":"2021-08-14T14:37:28","slug":"muzeumok-ejszakaja-2","status":"publish","type":"post","link":"http:\/\/archiv.szolnoktv.hu\/?p=9371","title":{"rendered":"M\u00fazeumok \u00e9jszak\u00e1ja"},"content":{"rendered":"<div class='booster-block booster-read-block'><\/div><p>2018 a csal\u00e1dok \u00e9ve, id\u00e9n \u0151k ker\u00fcltek f\u00f3kuszba a M\u00fazeumok \u00c9jszak\u00e1j\u00e1n. A k\u00fcl\u00f6nf\u00e9le kultur\u00e1lis programok tartalmas id\u0151t\u00f6lt\u00e9st k\u00edn\u00e1ltak, imm\u00e1ron t\u00f6bb mint m\u00e1sf\u00e9l \u00e9vtizede. Szombat d\u00e9lut\u00e1n 4 \u00f3r\u00e1t\u00f3l R\u00e1k\u00f3czifalv\u00e1n a Macihad Macim\u00fazeum \u00e9s \u00c9den Mad\u00e1rpark els\u0151 sorban a gyerekeket v\u00e1rta.<\/p>\n<p>Val\u00e9rt, a legu\u00e1nt \u00e9s m\u00e1s h\u00fcll\u0151ket is megsimogathattak a gyerekek a Macim\u00fazeumban. Ugyanakkor az Aranycsapatot \u00e9s Latab\u00e1r K\u00e1lm\u00e1nt megid\u00e9z\u0151 macikat is megn\u00e9zhett\u00e9k, de D\u00e9ryn\u00e9 \u00f3r\u00e1j\u00e1t, 19 sz\u00e1zadi zenedobozt \u00e9s m\u00e9g sok m\u00e1st is l\u00e1thatnak, azok, akik igazi r\u00e9gis\u00e9gekre voltak k\u00edv\u00e1ncsiak.<\/p>\n<p>A Macim\u00fazeum munkat\u00e1rsai szombat \u00e9jjel az \u00e9rt\u00e9kes \u00e9s jelent\u0151s m\u0171t\u00e1rgyak \u00e1llapotmeg\u0151rz\u00e9s\u00e9vel foglalatoskodtak.<\/p>\n<p>-Most gyerek kocsikat k\u00e9sz\u00edt\u00fcnk. H\u00e1t, az id\u0151sebbek azok 120-130 \u00e9vesek, ez meg itt egy art deco, ami 1. \u00e9s 2. vil\u00e1gh\u00e1bor\u00fa k\u00f6z\u00f6tti. Ezt is megmutatom, hogy kell restaur\u00e1lni.&#8221; -nyilatkozta Bal\u00e1zs Antal, a B.A.P. Macihad Macim\u00fazeum \u00e9s \u00c9den Mad\u00e1rpark munkat\u00e1rsa.<\/p>\n<p>Felfedez\u0151 csoport gy\u00fclekezett szombat este 6 \u00f3rakor a M\u0171v\u00e9sztelepen. Ennek oka, hogy a leend\u0151 fel\u00faj\u00edt\u00e1st megel\u0151zi egy r\u00e9g\u00e9szeti felt\u00e1r\u00e1s, a szakemberek pedig rengeteg \u00e9rdekes t\u00e1rgyra bukkantak. Ezeket a Damjanich M\u00fazeum r\u00e9g\u00e9sze Dr. Kert\u00e9sz R\u00f3bert mutatta be.<\/p>\n<p>-A v\u00e1r ter\u00fclet\u00e9n v\u00e9gz\u00fcnk \u00e1sat\u00e1sokat, m\u00e1r lassan k\u00e9t h\u00f3napja \u00e9s vannak eredm\u00e9nyek. Felt\u00e1rt \u00e9p\u00fcleteket, t\u00f6r\u00f6k kori, 16. sz\u00e1zadi, 18. sz\u00e1zadi \u00e9p\u00fcleteket fogunk bemutatni, illet\u0151leg r\u00e9g\u00e9szeti leleteket, amiket tal\u00e1ltunk.&#8221;<\/p>\n<p>A h\u00e9tk\u00f6znapokban is nagy az \u00e9rdekl\u0151d\u00e9s az \u00e1sat\u00e1s ir\u00e1nt. P\u00e9nteken a r\u00e9g\u00e9szek egy \u00e1gy\u00fagoly\u00f3-dep\u00f3t tal\u00e1ltak: t\u00f6bb mint 40 darab, 15-17 kilogrammos, nagy m\u00e9ret\u0171 \u00e1gy\u00fagoly\u00f3kat siker\u00fclt felt\u00e1rniuk.<\/p>\n<p>K\u00f6zben a RepT\u00e1rban Puma-sz\u00e1zadjelv\u00e9nyeket rajzoltak a gyerekek, de zsebl\u00e1mp\u00e1s t\u00e1rlatvezet\u00e9ssel \u00e9s k\u00fcl\u00f6nleges, \u00e9jjeli d\u00edszkivil\u00e1g\u00edt\u00e1ssal is k\u00e9sz\u00fcltek a szervez\u0151k. A m\u00fazeum programjai t\u00f6bb mint 2.000 l\u00e1togat\u00f3t vonzottak.<\/p>\n<p>-\u00c9s ami igaz\u00e1n k\u00fcl\u00f6nleges: megnyitottuk a MIG 24-es harci helikoptert, ami m\u00f6g\u00f6ttem l\u00e1that\u00f3 \u00e9s a deszantt\u00e9rbe besz\u00e1llhatnak a l\u00e1togat\u00f3k, illetve a pil\u00f3taf\u00fcl\u00e9kbe is be lehet kukkantani.&#8221; -nyilatkozta Marsi Gabriella, a RepT\u00e1r Szolnoki Rep\u00fcl\u0151m\u00fazeum marketing igazgat\u00f3ja.<\/p>\n<p>A M\u00fazeumok \u00c9jszak\u00e1ja egyed\u00fcl\u00e1ll\u00f3 esem\u00e9ny, amely a muzeol\u00f3gusok, m\u00fazeumi dolgoz\u00f3k t\u00f6bb h\u00f3napos munk\u00e1j\u00e1val, valamint m\u00e1s kultur\u00e1lis int\u00e9zm\u00e9nyek \u00e9s civil szervezetek \u00f6sszefog\u00e1s\u00e1val val\u00f3sulhatott meg. Az esem\u00e9ny c\u00e9lja, hogy a csal\u00e1d \u00e9s a kult\u00fara egy\u00fcttes, k\u00f6z\u00f6ss\u00e9gteremt\u0151 ereje m\u00e9g er\u0151sebb legyen.<\/p>\n<div style=\"width: 640px;\" class=\"wp-video\"><!--[if lt IE 9]><script>document.createElement('video');<\/script><![endif]-->\n<video class=\"wp-video-shortcode\" id=\"video-9371-1\" width=\"640\" height=\"360\" preload=\"metadata\" controls=\"controls\"><source type=\"video\/mp4\" src=\"\/spots\/hir\/hir_180625_02.mp4?_=1\" \/><a href=\"\/spots\/hir\/hir_180625_02.mp4\">\/spots\/hir\/hir_180625_02.mp4<\/a><\/video><\/div>\n","protected":false},"excerpt":{"rendered":"<p>2018 a csal\u00e1dok \u00e9ve, id\u00e9n \u0151k ker\u00fcltek f\u00f3kuszba a M\u00fazeumok \u00c9jszak\u00e1j\u00e1n. A k\u00fcl\u00f6nf\u00e9le kultur\u00e1lis programok tartalmas id\u0151t\u00f6lt\u00e9st k\u00edn\u00e1ltak, imm\u00e1ron t\u00f6bb mint m\u00e1sf\u00e9l \u00e9vtizede. Szombat d\u00e9lut\u00e1n 4 \u00f3r\u00e1t\u00f3l R\u00e1k\u00f3czifalv\u00e1n a Macihad Macim\u00fazeum \u00e9s \u00c9den Mad\u00e1rpark els\u0151 sorban a gyerekeket v\u00e1rta. Val\u00e9rt, a legu\u00e1nt \u00e9s m\u00e1s h\u00fcll\u0151ket is megsimogathattak a gyerekek a Macim\u00fazeumban. Ugyanakkor az Aranycsapatot \u00e9s [&hellip;]<\/p>\n","protected":false},"author":2,"featured_media":0,"comment_status":"closed","ping_status":"closed","sticky":false,"template":"","format":"standard","meta":[],"categories":[9],"tags":[],"_links":{"self":[{"href":"http:\/\/archiv.szolnoktv.hu\/index.php?rest_route=\/wp\/v2\/posts\/9371"}],"collection":[{"href":"http:\/\/archiv.szolnoktv.hu\/index.php?rest_route=\/wp\/v2\/posts"}],"about":[{"href":"http:\/\/archiv.szolnoktv.hu\/index.php?rest_route=\/wp\/v2\/types\/post"}],"author":[{"embeddable":true,"href":"http:\/\/archiv.szolnoktv.hu\/index.php?rest_route=\/wp\/v2\/users\/2"}],"replies":[{"embeddable":true,"href":"http:\/\/archiv.szolnoktv.hu\/index.php?rest_route=%2Fwp%2Fv2%2Fcomments&post=9371"}],"version-history":[{"count":1,"href":"http:\/\/archiv.szolnoktv.hu\/index.php?rest_route=\/wp\/v2\/posts\/9371\/revisions"}],"predecessor-version":[{"id":9444,"href":"http:\/\/archiv.szolnoktv.hu\/index.php?rest_route=\/wp\/v2\/posts\/9371\/revisions\/9444"}],"wp:attachment":[{"href":"http:\/\/archiv.szolnoktv.hu\/index.php?rest_route=%2Fwp%2Fv2%2Fmedia&parent=9371"}],"wp:term":[{"taxonomy":"category","embeddable":true,"href":"http:\/\/archiv.szolnoktv.hu\/index.php?rest_route=%2Fwp%2Fv2%2Fcategories&post=9371"},{"taxonomy":"post_tag","embeddable":true,"href":"http:\/\/archiv.szolnoktv.hu\/index.php?rest_route=%2Fwp%2Fv2%2Ftags&post=9371"}],"curies":[{"name":"wp","href":"https:\/\/api.w.org\/{rel}","templated":true}]}}