{"id":9370,"date":"2018-06-22T16:40:06","date_gmt":"2018-06-22T16:40:06","guid":{"rendered":"http:\/\/archiv.szolnoktv.hu\/?p=9370"},"modified":"2021-08-14T14:37:28","modified_gmt":"2021-08-14T14:37:28","slug":"jubileumi-evadra-keszul-a-bartok-korus","status":"publish","type":"post","link":"http:\/\/archiv.szolnoktv.hu\/?p=9370","title":{"rendered":"Jubileumi \u00e9vadra k\u00e9sz\u00fcl a Bart\u00f3k K\u00f3rus"},"content":{"rendered":"<div class='booster-block booster-read-block'><\/div><p>A Szolnoki Bart\u00f3k B\u00e9la Kamarak\u00f3rus sorrendben 49. \u00e9vada b\u0151velkedett az esem\u00e9nyekben. A t\u00f6bb tucatnyi fell\u00e9p\u00e9s k\u00f6z\u00fcl azonban h\u00e1rom hangs\u00falyos program k\u00fcl\u00f6n is eml\u00edt\u00e9st \u00e9rdemel. Az egyik a kort\u00e1rs koncertek lebonyol\u00edt\u00e1sa, a m\u00e1sik a n\u00e9met Confido Vokale zenekar- \u00e9s k\u00f3russal val\u00f3 k\u00f6z\u00f6s munk\u00e1lkod\u00e1s. <\/p>\n<p>&#8220;Majd a Semmelweis oper\u00e1nak a hat hetes pr\u00f3baid\u0151szaka \u00e9s az azt k\u00f6vet\u0151 Miskolci Operafesztiv\u00e1lon val\u00f3 \u0151sbemutat\u00f3ja ami \u00f3ri\u00e1si sikert hozott a k\u00f3rusnak. \u00d3ri\u00e1si munka ut\u00e1n term\u00e9szetesen, de \u00f3ri\u00e1si siker.&#8221;- mondja  Moln\u00e1r \u00c9va m\u0171v\u00e9szeti vezet\u0151, karnagy.<\/p>\n<p>A Bart\u00f3k B\u00e9la Kamarak\u00f3rust 1969- janu\u00e1rj\u00e1ban alap\u00edtotta a Szolnok V\u00e1rosi tan\u00e1cs. A j\u00f6v\u0151re esed\u00e9kes 50 \u00e9ves jubileumi program nyit\u00e1ny\u00e1t janu\u00e1r 22- \u00e9re tervezik. A Magyar Kult\u00fara Napj\u00e1n startol\u00f3 &#8220;50 \u00e9v, 50 partner&#8221; \u00f6sszesen 20 h\u00f3napig tart majd.<\/p>\n<p>&#8220;Ami nagyon- nagyon sz\u00e9les spektrumot \u00f6lel f\u00f6l az oper\u00e1t\u00f3l- az orat\u00f3rikus koncertekig, az ifj\u00fas\u00e1gi koncertekig, a rengeteg \u0151sbemutat\u00f3ig, a nagyzenekaros koncertig mindenf\u00e9le szinten meg fog a k\u00f3rus mutatkozni \u00fajra \u00e9s \u00fajra \u00e9s h\u00e1t nagyon- nagyon sok jeles felk\u00e9r\u00e9st kaptunk m\u00e1r ez \u00fcgyben \u00e9s nyilv\u00e1n a saj\u00e1t programjaink is ebbe a sorba fognak be\u00e1llni.&#8221;<\/p>\n<div style=\"width: 640px;\" class=\"wp-video\"><!--[if lt IE 9]><script>document.createElement('video');<\/script><![endif]-->\n<video class=\"wp-video-shortcode\" id=\"video-9370-1\" width=\"640\" height=\"360\" preload=\"metadata\" controls=\"controls\"><source type=\"video\/mp4\" src=\"\/spots\/hir\/hir_180622_06.mp4?_=1\" \/><a href=\"\/spots\/hir\/hir_180622_06.mp4\">\/spots\/hir\/hir_180622_06.mp4<\/a><\/video><\/div>\n","protected":false},"excerpt":{"rendered":"<p>A Szolnoki Bart\u00f3k B\u00e9la Kamarak\u00f3rus sorrendben 49. \u00e9vada b\u0151velkedett az esem\u00e9nyekben. A t\u00f6bb tucatnyi fell\u00e9p\u00e9s k\u00f6z\u00fcl azonban h\u00e1rom hangs\u00falyos program k\u00fcl\u00f6n is eml\u00edt\u00e9st \u00e9rdemel. Az egyik a kort\u00e1rs koncertek lebonyol\u00edt\u00e1sa, a m\u00e1sik a n\u00e9met Confido Vokale zenekar- \u00e9s k\u00f3russal val\u00f3 k\u00f6z\u00f6s munk\u00e1lkod\u00e1s. &#8220;Majd a Semmelweis oper\u00e1nak a hat hetes pr\u00f3baid\u0151szaka \u00e9s az azt k\u00f6vet\u0151 Miskolci [&hellip;]<\/p>\n","protected":false},"author":2,"featured_media":0,"comment_status":"closed","ping_status":"closed","sticky":false,"template":"","format":"standard","meta":[],"categories":[9],"tags":[],"_links":{"self":[{"href":"http:\/\/archiv.szolnoktv.hu\/index.php?rest_route=\/wp\/v2\/posts\/9370"}],"collection":[{"href":"http:\/\/archiv.szolnoktv.hu\/index.php?rest_route=\/wp\/v2\/posts"}],"about":[{"href":"http:\/\/archiv.szolnoktv.hu\/index.php?rest_route=\/wp\/v2\/types\/post"}],"author":[{"embeddable":true,"href":"http:\/\/archiv.szolnoktv.hu\/index.php?rest_route=\/wp\/v2\/users\/2"}],"replies":[{"embeddable":true,"href":"http:\/\/archiv.szolnoktv.hu\/index.php?rest_route=%2Fwp%2Fv2%2Fcomments&post=9370"}],"version-history":[{"count":1,"href":"http:\/\/archiv.szolnoktv.hu\/index.php?rest_route=\/wp\/v2\/posts\/9370\/revisions"}],"predecessor-version":[{"id":9445,"href":"http:\/\/archiv.szolnoktv.hu\/index.php?rest_route=\/wp\/v2\/posts\/9370\/revisions\/9445"}],"wp:attachment":[{"href":"http:\/\/archiv.szolnoktv.hu\/index.php?rest_route=%2Fwp%2Fv2%2Fmedia&parent=9370"}],"wp:term":[{"taxonomy":"category","embeddable":true,"href":"http:\/\/archiv.szolnoktv.hu\/index.php?rest_route=%2Fwp%2Fv2%2Fcategories&post=9370"},{"taxonomy":"post_tag","embeddable":true,"href":"http:\/\/archiv.szolnoktv.hu\/index.php?rest_route=%2Fwp%2Fv2%2Ftags&post=9370"}],"curies":[{"name":"wp","href":"https:\/\/api.w.org\/{rel}","templated":true}]}}