{"id":9369,"date":"2018-06-22T16:11:09","date_gmt":"2018-06-22T16:11:09","guid":{"rendered":"http:\/\/archiv.szolnoktv.hu\/?p=9369"},"modified":"2021-08-14T14:37:28","modified_gmt":"2021-08-14T14:37:28","slug":"fenyunnepet-rendeztek-a-pest-megyei-gomban","status":"publish","type":"post","link":"http:\/\/archiv.szolnoktv.hu\/?p=9369","title":{"rendered":"F\u00e9ny\u00fcnnepet rendeztek a Pest megyei Gomb\u00e1n"},"content":{"rendered":"<div class='booster-block booster-read-block'><\/div><p>N\u00e9p\u00fcnk nom\u00e1d m\u00faltj\u00e1t \u00e9s hitvil\u00e1g\u00e1t egyszerre eleven\u00edtette meg a 24 jurt\u00e1b\u00f3l alkotott szakr\u00e1lis k\u00f6r Gomba hat\u00e1r\u00e1ban.<\/p>\n<p>&#8220;A szertart\u00e1s \u00e9s mag\u00e1nak a szernek a kialak\u00edt\u00e1sa az egy 2600 \u00e9ves hun mint\u00e1ra maga a szert\u00e9rnek is az elnevez\u00e9se a &#8220;hun szert\u00e9r&#8221;. Teh\u00e1t ezel\u0151tt 2600 \u00e9vvel vagy m\u00e9g egy kicsit kor\u00e1bban 24 hun t\u00f6rzs egyes\u00fclt a s\u00e1rga foly\u00f3 kanyarulat\u00e1n\u00e1l Ordosn\u00e1l- ez\u00e9rt van itt 24 jurta \u00e9s 24 nemzets\u00e9gf\u0151.&#8221;- mondta T\u00f3th Tibor szervez\u0151<\/p>\n<p>A megid\u00e9zett kor legfontosabb fegyvere az \u00edj, melynek haszn\u00e1lat\u00e1ba M\u00f3nus J\u00f3zsef- a &#8220;farkas&#8221; avatta be a r\u00e9sztvev\u0151ket..<\/p>\n<p>&#8220;A magyar harcosra a legjellemz\u0151bb a m\u00faltban az \u00edja volt. Teh\u00e1t hi\u00e1ba voltak szably\u00e1k az oldalunkon, vagy l\u00e1ndzsa, vagy d\u00e1rda a kez\u00fcnk \u00fcgy\u00e9ben, mi \u00edjjal akartuk, a t\u00e1voltart\u00e1s eszk\u00f6z\u00e9vel akartuk legy\u0151zni az ellenfeleinket. Egy olyan \u00edj van amivel t\u00f6bb sz\u00e1z \u00e9vvel ezel\u0151tt is harcoaink haszn\u00e1lhatt\u00e1k ezt. Egy olyan eszk\u00f6z ami a magyars\u00e1gra, a magyar harcm\u0171v\u00e9szetre a legjellemz\u0151bb tal\u00e1n.&#8221;<\/p>\n<p>A visszacsap\u00f3 \u00edjjal M\u00f3nus J\u00f3zsef 2012- ben K\u00edn\u00e1ban 653 m\u00e9teres vil\u00e1grekordot \u00e1ll\u00edtott f\u00f6l. A fegyver mellett a s\u00f3lyom a magyars\u00e1g m\u00e1sik \u0151si jelk\u00e9pe.<\/p>\n<p>&#8220;Az \u0151sis\u00e9g\u00fcnkben a szakralit\u00e1s eg\u00e9sz egyszer\u0171en sz\u00f3ba sem j\u00f6het a s\u00f3lymok n\u00e9lk\u00fcl. A s\u00f3lyom az \u00e9g \u00e9s f\u00f6ld \u00f6sszek\u00f6t\u0151je, az istennel kapcsolatot teremt\u0151 l\u00e9ny.&#8221;- tudtuk meg  Balogh Bendeg\u00fazt\u00f3l, a cs\u00f3kak\u0151i hunok nemzets\u00e9gf\u0151j\u00e9t\u0151l<\/p>\n<p>A m\u00faltban gy\u00f6kerez\u0151 hitvil\u00e1g az \u00e9let ritmus\u00e1t is meghat\u00e1rozta. Hangs\u00falyozta Dar\u00f3czi Zolt\u00e1n nemzets\u00e9gf\u0151. <\/p>\n<p>&#8220;\u00d5seink \u00e9let\u00e9t \u00e1thatotta a term\u00e9szettel val\u00f3 egy\u00fctt\u00e9l\u00e9s. \u00dagynevezett \u00fcnnepk\u00f6reink voltak \u00e9s vannak. Az egyik ilyen legnagyobb \u00fcnnep\u00fcnk a ny\u00e1ri napfordul\u00f3 idej\u00e9re es\u0151 f\u00e9ny\u00fcnnep.&#8221;<\/p>\n<p>A 14. als\u00f3farkasdi f\u00e9ny\u00fcnnep 5 napos programj\u00e1n csaknem k\u00e9tezer \u00e9rdekl\u0151d\u0151 \u00e9s hagyom\u00e1ny\u0151rz\u0151 vett r\u00e9szt a Pest megyei Gomb\u00e1n. <\/p>\n<div style=\"width: 640px;\" class=\"wp-video\"><!--[if lt IE 9]><script>document.createElement('video');<\/script><![endif]-->\n<video class=\"wp-video-shortcode\" id=\"video-9369-1\" width=\"640\" height=\"360\" preload=\"metadata\" controls=\"controls\"><source type=\"video\/mp4\" src=\"\/spots\/hir\/hir_180622_04.mp4?_=1\" \/><a href=\"\/spots\/hir\/hir_180622_04.mp4\">\/spots\/hir\/hir_180622_04.mp4<\/a><\/video><\/div>\n","protected":false},"excerpt":{"rendered":"<p>N\u00e9p\u00fcnk nom\u00e1d m\u00faltj\u00e1t \u00e9s hitvil\u00e1g\u00e1t egyszerre eleven\u00edtette meg a 24 jurt\u00e1b\u00f3l alkotott szakr\u00e1lis k\u00f6r Gomba hat\u00e1r\u00e1ban. &#8220;A szertart\u00e1s \u00e9s mag\u00e1nak a szernek a kialak\u00edt\u00e1sa az egy 2600 \u00e9ves hun mint\u00e1ra maga a szert\u00e9rnek is az elnevez\u00e9se a &#8220;hun szert\u00e9r&#8221;. Teh\u00e1t ezel\u0151tt 2600 \u00e9vvel vagy m\u00e9g egy kicsit kor\u00e1bban 24 hun t\u00f6rzs egyes\u00fclt a s\u00e1rga foly\u00f3 [&hellip;]<\/p>\n","protected":false},"author":2,"featured_media":0,"comment_status":"closed","ping_status":"closed","sticky":false,"template":"","format":"standard","meta":[],"categories":[9],"tags":[],"_links":{"self":[{"href":"http:\/\/archiv.szolnoktv.hu\/index.php?rest_route=\/wp\/v2\/posts\/9369"}],"collection":[{"href":"http:\/\/archiv.szolnoktv.hu\/index.php?rest_route=\/wp\/v2\/posts"}],"about":[{"href":"http:\/\/archiv.szolnoktv.hu\/index.php?rest_route=\/wp\/v2\/types\/post"}],"author":[{"embeddable":true,"href":"http:\/\/archiv.szolnoktv.hu\/index.php?rest_route=\/wp\/v2\/users\/2"}],"replies":[{"embeddable":true,"href":"http:\/\/archiv.szolnoktv.hu\/index.php?rest_route=%2Fwp%2Fv2%2Fcomments&post=9369"}],"version-history":[{"count":1,"href":"http:\/\/archiv.szolnoktv.hu\/index.php?rest_route=\/wp\/v2\/posts\/9369\/revisions"}],"predecessor-version":[{"id":9446,"href":"http:\/\/archiv.szolnoktv.hu\/index.php?rest_route=\/wp\/v2\/posts\/9369\/revisions\/9446"}],"wp:attachment":[{"href":"http:\/\/archiv.szolnoktv.hu\/index.php?rest_route=%2Fwp%2Fv2%2Fmedia&parent=9369"}],"wp:term":[{"taxonomy":"category","embeddable":true,"href":"http:\/\/archiv.szolnoktv.hu\/index.php?rest_route=%2Fwp%2Fv2%2Fcategories&post=9369"},{"taxonomy":"post_tag","embeddable":true,"href":"http:\/\/archiv.szolnoktv.hu\/index.php?rest_route=%2Fwp%2Fv2%2Ftags&post=9369"}],"curies":[{"name":"wp","href":"https:\/\/api.w.org\/{rel}","templated":true}]}}