{"id":9367,"date":"2018-06-22T15:13:26","date_gmt":"2018-06-22T15:13:26","guid":{"rendered":"http:\/\/archiv.szolnoktv.hu\/?p=9367"},"modified":"2021-08-14T14:37:29","modified_gmt":"2021-08-14T14:37:29","slug":"a-tavalyinal-is-alacsonyabb-lehet-a-bodza-felvasarlasi-ara","status":"publish","type":"post","link":"http:\/\/archiv.szolnoktv.hu\/?p=9367","title":{"rendered":"A tavalyin\u00e1l is alacsonyabb lehet a bodza felv\u00e1s\u00e1rl\u00e1si \u00e1ra<br>"},"content":{"rendered":"<div class='booster-block booster-read-block'><\/div><p>M\u00e1r bogy\u00f3sok a bodza f\u00fcrtjei \u00e9s 2 h\u00f3nap m\u00falva k\u00f6vetkezik a sz\u00fcret. Bod\u00e1cs Istv\u00e1n mintegy 15 \u00e9ve 4800 bodzat\u0151vel 9 hekt\u00e1ron gazd\u00e1lkodik R\u00e1k\u00f3czifalv\u00e1n. Azt mondja, az idei term\u00e9s jobb lehet a tavalyin\u00e1l.<\/p>\n<p>-Az idei \u00e9v \u00fagy n\u00e9z ki, hogy j\u00f3 k\u00f6zepes term\u00e9s l\u00e1tszik jelen pillanatban. Ez k\u00f6sz\u00f6nhet\u0151 egyr\u00e9szt a tavaszi csapad\u00e9knak, viszonylag kedvez\u0151 id\u0151j\u00e1r\u00e1snak, b\u00e1r most a meleg az egy kicsit megszor\u00edtotta a bodz\u00e1t. \u00dagy n\u00e9z ki, hogy jelenleg a csapad\u00e9kosabb id\u0151j\u00e1r\u00e1s el\u0151re haladt\u00e1val jobb term\u00e9s mutatkozik, mint a tavalyi \u00e1tlag.&#8221;  &#8211;   mondta Bod\u00e1cs Istv\u00e1n \u0151stermel\u0151<\/p>\n<p>4-5 \u00e9ve a biobodza felv\u00e1s\u00e1rl\u00e1si \u00e1ra kil\u00f3nk\u00e9nt el\u00e9rte a 220-230 forintot, viszont 2017-ben \u00e1tlagosan m\u00e1r csak 160-at adtak \u00e9rte, amely szeptemberre enn\u00e9l is lejjebb ment. A termel\u0151k abban b\u00edznak, hogy id\u00e9n a biobodza felv\u00e1s\u00e1rl\u00e1si \u00e1ra el\u00e9ri legal\u00e1bb a tavalyi 160 forintos szintet. <\/p>\n<p>A folyamatosan cs\u00f6kken\u0151 \u00e1raknak t\u00f6bb oka van: A bodza \u00e1ra nagyban f\u00fcgg a t\u00f6bbi term\u00e9szetes \u00e9telsz\u00ednez\u00e9k \u00e1r\u00e1t\u00f3l, illetve a mint a legnagyobb eur\u00f3pai termel\u0151nek Lengyelorsz\u00e1gnak is komoly befoly\u00e1sa van a r\u00e1. Emellett haz\u00e1nkban t\u00falk\u00edn\u00e1lat alakult ki, amelynek a t\u00f6bbi k\u00f6z\u00f6tt az az oka, hogy a sz\u0151l\u0151termel\u0151k egy r\u00e9sze ma m\u00e1r bodz\u00e1t termeszt \u00e9s a piac tel\u00edt\u0151d\u00f6tt. <\/p>\n<p>-T\u00f6bb ezer hekt\u00e1r bodz\u00e1t telep\u00edtettek 3-4 \u00e9vvel ezel\u0151tt, \u00e9s a bodza 3 \u00e9v ut\u00e1n fordul term\u0151re, ez okozza els\u0151sorban a t\u00faltermel\u00e9st, ak\u00e1r kommersz, ak\u00e1r biobodz\u00e1t n\u00e9z\u00fcnk, hogy nagyon sok termel\u0151, \u00faj gazd\u00e1lkod\u00f3 l\u00e9p be a bodza elad\u00e1sba.&#8221;  &#8211;   mondta Bod\u00e1cs Istv\u00e1n \u0151stermel\u0151<\/p>\n<p>A folyamatosan cs\u00f6kken\u0151 \u00e1rak \u00e9s kereslet v\u00e1rhat\u00f3an n\u00e9h\u00e1ny \u00e9ven bel\u00fcl visszaszor\u00edtja majd a t\u00faltermel\u00e9st, viszont ez els\u0151sorban a r\u00e9gebbi \u00fcltetv\u00e9nyek gazd\u00e1it \u00e9rintheti, mert a frissen telep\u00edtett 3-4 \u00e9ves n\u00f6v\u00e9nyek v\u00e1rhat\u00f3an m\u00e9g t\u00f6bb mint 10 \u00e9vig teremni fognak. <\/p>\n<div style=\"width: 640px;\" class=\"wp-video\"><!--[if lt IE 9]><script>document.createElement('video');<\/script><![endif]-->\n<video class=\"wp-video-shortcode\" id=\"video-9367-1\" width=\"640\" height=\"360\" preload=\"metadata\" controls=\"controls\"><source type=\"video\/mp4\" src=\"\/spots\/hir\/hir_180622_03.mp4?_=1\" \/><a href=\"\/spots\/hir\/hir_180622_03.mp4\">\/spots\/hir\/hir_180622_03.mp4<\/a><\/video><\/div>\n","protected":false},"excerpt":{"rendered":"<p>M\u00e1r bogy\u00f3sok a bodza f\u00fcrtjei \u00e9s 2 h\u00f3nap m\u00falva k\u00f6vetkezik a sz\u00fcret. Bod\u00e1cs Istv\u00e1n mintegy 15 \u00e9ve 4800 bodzat\u0151vel 9 hekt\u00e1ron gazd\u00e1lkodik R\u00e1k\u00f3czifalv\u00e1n. Azt mondja, az idei term\u00e9s jobb lehet a tavalyin\u00e1l. -Az idei \u00e9v \u00fagy n\u00e9z ki, hogy j\u00f3 k\u00f6zepes term\u00e9s l\u00e1tszik jelen pillanatban. Ez k\u00f6sz\u00f6nhet\u0151 egyr\u00e9szt a tavaszi csapad\u00e9knak, viszonylag kedvez\u0151 id\u0151j\u00e1r\u00e1snak, b\u00e1r [&hellip;]<\/p>\n","protected":false},"author":2,"featured_media":0,"comment_status":"closed","ping_status":"closed","sticky":false,"template":"","format":"standard","meta":[],"categories":[9],"tags":[],"_links":{"self":[{"href":"http:\/\/archiv.szolnoktv.hu\/index.php?rest_route=\/wp\/v2\/posts\/9367"}],"collection":[{"href":"http:\/\/archiv.szolnoktv.hu\/index.php?rest_route=\/wp\/v2\/posts"}],"about":[{"href":"http:\/\/archiv.szolnoktv.hu\/index.php?rest_route=\/wp\/v2\/types\/post"}],"author":[{"embeddable":true,"href":"http:\/\/archiv.szolnoktv.hu\/index.php?rest_route=\/wp\/v2\/users\/2"}],"replies":[{"embeddable":true,"href":"http:\/\/archiv.szolnoktv.hu\/index.php?rest_route=%2Fwp%2Fv2%2Fcomments&post=9367"}],"version-history":[{"count":1,"href":"http:\/\/archiv.szolnoktv.hu\/index.php?rest_route=\/wp\/v2\/posts\/9367\/revisions"}],"predecessor-version":[{"id":9448,"href":"http:\/\/archiv.szolnoktv.hu\/index.php?rest_route=\/wp\/v2\/posts\/9367\/revisions\/9448"}],"wp:attachment":[{"href":"http:\/\/archiv.szolnoktv.hu\/index.php?rest_route=%2Fwp%2Fv2%2Fmedia&parent=9367"}],"wp:term":[{"taxonomy":"category","embeddable":true,"href":"http:\/\/archiv.szolnoktv.hu\/index.php?rest_route=%2Fwp%2Fv2%2Fcategories&post=9367"},{"taxonomy":"post_tag","embeddable":true,"href":"http:\/\/archiv.szolnoktv.hu\/index.php?rest_route=%2Fwp%2Fv2%2Ftags&post=9367"}],"curies":[{"name":"wp","href":"https:\/\/api.w.org\/{rel}","templated":true}]}}