{"id":9366,"date":"2018-06-22T15:01:31","date_gmt":"2018-06-22T15:01:31","guid":{"rendered":"http:\/\/archiv.szolnoktv.hu\/?p=9366"},"modified":"2021-08-14T14:37:29","modified_gmt":"2021-08-14T14:37:29","slug":"125-eve-szuletett-schnitta-samuel","status":"publish","type":"post","link":"http:\/\/archiv.szolnoktv.hu\/?p=9366","title":{"rendered":"125 \u00e9ve sz\u00fcletett Schnitta S\u00e1muel"},"content":{"rendered":"<div class='booster-block booster-read-block'><\/div><p>125 \u00e9ve, 1893. j\u00fanius 21-\u00e9n sz\u00fcletett a pinc\u00e9r \u00e9s felszolg\u00e1l\u00f3 szakma tan\u00edt\u00f3mestere, Schnitta S\u00e1muel. Az \u0151 eml\u00e9ke el\u0151tt tisztelegve gy\u0171ltek \u00f6ssze Budapesten a szakma k\u00e9pvisel\u0151i. A r\u00f3la elnevezett egyes\u00fclet \u00e9vek \u00f3ta \u00e1polja a Schnitta hagyom\u00e1nyt \u00e9s viszi tov\u00e1bb azt a szakmai \u00f6r\u00f6ks\u00e9get, melyet a nagy el\u0151d alapozott meg. \u00d5 volt az -hangzott el a konferenci\u00e1n- aki \u00fajat alkotott, kinek szakmai al\u00e1zata \u00e9s tud\u00e1sa p\u00e9lda\u00e9rt\u00e9k\u0171.<br \/>&#8220;Szakm\u00e1ja cs\u00facsa az 1958-as br\u00fcsszeli vil\u00e1gki\u00e1ll\u00edt\u00e1s megteremt\u00e9se volt, ott mutatt\u00e1k be a B\u00e9lsz\u00edn Budapestet, a R\u00e1k\u00f3czi t\u00far\u00f3st. A belga kir\u00e1ly is kit\u00fcntette.&#8221; -mondta T\u00d6R\u00d6K ISTV\u00c1N J\u00c1NOS a Schintta S\u00e1muel Magyar \u00c9ttermi Kult\u00far\u00e1\u00e9rt Egyes\u00fclet eln\u00f6ke.<br \/>A Schnitta S\u00e1muel Magyar \u00c9ttermi Kult\u00far\u00e1\u00e9rt Egyes\u00fclet nem csak a n\u00e9vad\u00f3 s\u00edrj\u00e1t \u00e9s eml\u00e9k\u00e9t \u00e1polja, orsz\u00e1gos szakmai versenyeket is szervez, tank\u00f6nyvet \u00e9s oktat\u00f3filmet adott ki, mely egys\u00e9ges\u00edtheti a hazai pinc\u00e9rk\u00e9pz\u00e9st. Mesk\u00e1l Tibor egykori tan\u00edtv\u00e1ny m\u00e9g \u0151rzi az eredeti tank\u00f6nyvet, melyb\u0151l &#8220;Schnitta b\u00e1csi&#8221; tan\u00edtotta.<br \/>&#8220;Nagyon neh\u00e9z k\u00f6r\u00fclm\u00e9nyek k\u00f6z\u00f6tt oktatott, \u00f3ri\u00e1si szaktekint\u00e9ly volt, \u00e9s itt van a kezemben az az els\u0151 tank\u00f6nyv, melyet Schnitta S\u00e1muel k\u00e9sz\u00edtett.&#8221; -mes\u00e9lte MESK\u00c1L TIBOR.<br \/>A j\u00f3l k\u00e9pzett pinc\u00e9r-ut\u00e1np\u00f3tl\u00e1s egyre nehezebb feladat -hangzott el a konferenci\u00e1n. A frissen v\u00e9gzett fiatalok legt\u00f6bbje k\u00fclf\u00f6ld\u00f6n v\u00e1llal munk\u00e1t. A kamar\u00e1k ez\u00e9rt is t\u00e1mogatj\u00e1k versenyekkel \u00e9s k\u00e9pz\u00e9sekkel az egyes\u00fclet munk\u00e1j\u00e1t.<br \/>&#8220;Term\u00e9szetesen \u00e9n azon vagyok, hogy e tekintetben rendelkez\u00e9sre bocs\u00e1ssuk azokat a szakembereket, akik elengedhetetlenek ahhoz, hogy ne csak m\u00faltja, j\u00f6v\u0151je is legyen ennek a mesters\u00e9gnek. Ehhez \u00e1t kell adni a szakmai tud\u00e1st.&#8221; -mondta SZIR\u00c1KI ANDR\u00c1S, a JNSZ Megyei Kereskedelmi \u00e9s Iparkamara eln\u00f6ke.<br \/>A tal\u00e1lkoz\u00f3n r\u00e9szt vett Schnitta S\u00e1muel testv\u00e9r\u00e9nek unok\u00e1ja is.<br \/>&#8220;\u00c9n annak \u00f6r\u00fcl\u00f6k, hogy \u0151 ilyen nyomot hagyott, hogy 50 \u00e9vvel a hal\u00e1la ut\u00e1n ilyen \u00fcnneps\u00e9get rendeznek, a szakmai munk\u00e1ja \u00e9s pedag\u00f3giai munk\u00e1ja megfogta az embereket.&#8221; -mondta SCHNITTA ANDREA.<br \/>Az egyes\u00fclet hosszabb t\u00e1v\u00fa tervei k\u00f6zt szerepel egy esetleges akkredit\u00e1lt k\u00e9pz\u00e9s beind\u00edt\u00e1sa \u00e9s az orsz\u00e1gos szakmai versenyek folytat\u00e1sa is. A k\u00f6vetkez\u0151 megm\u00e9rettet\u00e9snek, 2019-ben Szolnok ad majd helyet.<br \/>\n<br \/>\n<div style=\"width: 640px;\" class=\"wp-video\"><!--[if lt IE 9]><script>document.createElement('video');<\/script><![endif]-->\n<video class=\"wp-video-shortcode\" id=\"video-9366-1\" width=\"640\" height=\"360\" preload=\"metadata\" controls=\"controls\"><source type=\"video\/mp4\" src=\"\/spots\/hir\/hir_180622_02.mp4?_=1\" \/><a href=\"\/spots\/hir\/hir_180622_02.mp4\">\/spots\/hir\/hir_180622_02.mp4<\/a><\/video><\/div><\/p>\n","protected":false},"excerpt":{"rendered":"<p>125 \u00e9ve, 1893. j\u00fanius 21-\u00e9n sz\u00fcletett a pinc\u00e9r \u00e9s felszolg\u00e1l\u00f3 szakma tan\u00edt\u00f3mestere, Schnitta S\u00e1muel. Az \u0151 eml\u00e9ke el\u0151tt tisztelegve gy\u0171ltek \u00f6ssze Budapesten a szakma k\u00e9pvisel\u0151i. A r\u00f3la elnevezett egyes\u00fclet \u00e9vek \u00f3ta \u00e1polja a Schnitta hagyom\u00e1nyt \u00e9s viszi tov\u00e1bb azt a szakmai \u00f6r\u00f6ks\u00e9get, melyet a nagy el\u0151d alapozott meg. \u00d5 volt az -hangzott el a konferenci\u00e1n- [&hellip;]<\/p>\n","protected":false},"author":2,"featured_media":0,"comment_status":"closed","ping_status":"closed","sticky":false,"template":"","format":"standard","meta":[],"categories":[9],"tags":[],"_links":{"self":[{"href":"http:\/\/archiv.szolnoktv.hu\/index.php?rest_route=\/wp\/v2\/posts\/9366"}],"collection":[{"href":"http:\/\/archiv.szolnoktv.hu\/index.php?rest_route=\/wp\/v2\/posts"}],"about":[{"href":"http:\/\/archiv.szolnoktv.hu\/index.php?rest_route=\/wp\/v2\/types\/post"}],"author":[{"embeddable":true,"href":"http:\/\/archiv.szolnoktv.hu\/index.php?rest_route=\/wp\/v2\/users\/2"}],"replies":[{"embeddable":true,"href":"http:\/\/archiv.szolnoktv.hu\/index.php?rest_route=%2Fwp%2Fv2%2Fcomments&post=9366"}],"version-history":[{"count":1,"href":"http:\/\/archiv.szolnoktv.hu\/index.php?rest_route=\/wp\/v2\/posts\/9366\/revisions"}],"predecessor-version":[{"id":9449,"href":"http:\/\/archiv.szolnoktv.hu\/index.php?rest_route=\/wp\/v2\/posts\/9366\/revisions\/9449"}],"wp:attachment":[{"href":"http:\/\/archiv.szolnoktv.hu\/index.php?rest_route=%2Fwp%2Fv2%2Fmedia&parent=9366"}],"wp:term":[{"taxonomy":"category","embeddable":true,"href":"http:\/\/archiv.szolnoktv.hu\/index.php?rest_route=%2Fwp%2Fv2%2Fcategories&post=9366"},{"taxonomy":"post_tag","embeddable":true,"href":"http:\/\/archiv.szolnoktv.hu\/index.php?rest_route=%2Fwp%2Fv2%2Ftags&post=9366"}],"curies":[{"name":"wp","href":"https:\/\/api.w.org\/{rel}","templated":true}]}}