{"id":9365,"date":"2018-06-22T14:32:24","date_gmt":"2018-06-22T14:32:24","guid":{"rendered":"http:\/\/archiv.szolnoktv.hu\/?p=9365"},"modified":"2021-08-14T14:37:29","modified_gmt":"2021-08-14T14:37:29","slug":"becsben-mutatkozott-be-szolnok","status":"publish","type":"post","link":"http:\/\/archiv.szolnoktv.hu\/?p=9365","title":{"rendered":"B\u00e9csben mutatkozott be Szolnok"},"content":{"rendered":"<div class='booster-block booster-read-block'><\/div><p>\u00c9p\u00fcletek, nevezetess\u00e9gek, jelk\u00e9p, rendezv\u00e9nyek. A Szolnokot bemutat\u00f3 prezent\u00e1ci\u00f3b\u00f3l a klubtagok megismerhett\u00e9k a v\u00e1rost, megtudhatt\u00e1k \u00e9s l\u00e1thatt\u00e1k, hogy mennyit v\u00e1ltozott az elm\u00falt \u00e9vek alatt a Tisza-parti megyesz\u00e9khely. A bemutat\u00f3b\u00f3l nem maradhatott ki a v\u00e1ros oktat\u00e1si, kultur\u00e1lis \u00e9s sport\u00e9lete sem valamint fontos szerepet kapott a gazdas\u00e1g alakul\u00e1sa.<\/p>\n<p>-K\u00f6vetkez\u0151 l\u00e9p\u00e9s\u00fcnk az, hogy megh\u00edvjuk a b\u00e9csieket egy szolnoki l\u00e1togat\u00e1sra \u00e9s bemutatjuk a term\u00e9szetben a val\u00f3s\u00e1gban a Szolnokon \u00e9l\u0151 embereknek a mindennapj\u00e1t \u00e9s a szolnoki nevezetess\u00e9geket a Rept\u00e1r k\u00fcl\u00f6n is nagyon tetszett, valamennyien b\u00fcszk\u00e9k lehet\u00fcnk r\u00e1.&#8221;  &#8211;   mondta Szab\u00f3 Istv\u00e1n alpolg\u00e1rmester (Fidesz-KDNP), Szolnok.<\/p>\n<p>A Klub Pann\u00f3nia 1992-ben alakult. Jelenleg 70 tagja van, melynek nagyj\u00e1b\u00f3l 70% osztr\u00e1k a t\u00f6bbi magyar. A v\u00e1rosismertet\u0151 rendezv\u00e9nysorozat kilencedik \u00e1llom\u00e1s\u00e1n mutatkozott be Szolnok.<\/p>\n<p>-Minden \u00e9veben megh\u00edvunk egy magyarorsz\u00e1gi jelent\u0151s v\u00e1ros, hogy bemutass\u00e1k magukat \u00e9s p\u00e1r h\u00f3napra r\u00e1 megy\u00fcnk l\u00e1togatni. M\u00e1r most hallottam n\u00e9h\u00e1ny tagunkt\u00f3l, hogy nagyon szeretn\u00e9nek elj\u00f6nni Szolnokra, mert sok sz\u00e9pet lehet l\u00e1tni \u00e9s ennek m\u00e1r most \u00f6r\u00fcl\u00f6k.&#8221;  &#8211;   mondta Radda Marika eln\u00f6k, Club Pann\u00f3nia.<\/p>\n<p>Az idegenforgalom ter\u00e9n akt\u00edvv\u00e1 v\u00e1lt Szolnok, a k\u00fcld\u00f6tts\u00e9g azzal a c\u00e9llal is l\u00e1togatott az osztr\u00e1k f\u0151v\u00e1rosba, hogy prezent\u00e1ci\u00f3j\u00e1val elnyerje a b\u00e9csi magyarok tetsz\u00e9s\u00e9t, \u00e9s min\u00e9l t\u00f6bben l\u00e1togassanak el a Tisza f\u0151v\u00e1ros\u00e1ba.<\/p>\n<div style=\"width: 640px;\" class=\"wp-video\"><!--[if lt IE 9]><script>document.createElement('video');<\/script><![endif]-->\n<video class=\"wp-video-shortcode\" id=\"video-9365-1\" width=\"640\" height=\"360\" preload=\"metadata\" controls=\"controls\"><source type=\"video\/mp4\" src=\"\/spots\/hir\/hir_180622_01.mp4?_=1\" \/><a href=\"\/spots\/hir\/hir_180622_01.mp4\">\/spots\/hir\/hir_180622_01.mp4<\/a><\/video><\/div>\n","protected":false},"excerpt":{"rendered":"<p>\u00c9p\u00fcletek, nevezetess\u00e9gek, jelk\u00e9p, rendezv\u00e9nyek. A Szolnokot bemutat\u00f3 prezent\u00e1ci\u00f3b\u00f3l a klubtagok megismerhett\u00e9k a v\u00e1rost, megtudhatt\u00e1k \u00e9s l\u00e1thatt\u00e1k, hogy mennyit v\u00e1ltozott az elm\u00falt \u00e9vek alatt a Tisza-parti megyesz\u00e9khely. A bemutat\u00f3b\u00f3l nem maradhatott ki a v\u00e1ros oktat\u00e1si, kultur\u00e1lis \u00e9s sport\u00e9lete sem valamint fontos szerepet kapott a gazdas\u00e1g alakul\u00e1sa. -K\u00f6vetkez\u0151 l\u00e9p\u00e9s\u00fcnk az, hogy megh\u00edvjuk a b\u00e9csieket egy szolnoki l\u00e1togat\u00e1sra [&hellip;]<\/p>\n","protected":false},"author":2,"featured_media":0,"comment_status":"closed","ping_status":"closed","sticky":false,"template":"","format":"standard","meta":[],"categories":[9],"tags":[],"_links":{"self":[{"href":"http:\/\/archiv.szolnoktv.hu\/index.php?rest_route=\/wp\/v2\/posts\/9365"}],"collection":[{"href":"http:\/\/archiv.szolnoktv.hu\/index.php?rest_route=\/wp\/v2\/posts"}],"about":[{"href":"http:\/\/archiv.szolnoktv.hu\/index.php?rest_route=\/wp\/v2\/types\/post"}],"author":[{"embeddable":true,"href":"http:\/\/archiv.szolnoktv.hu\/index.php?rest_route=\/wp\/v2\/users\/2"}],"replies":[{"embeddable":true,"href":"http:\/\/archiv.szolnoktv.hu\/index.php?rest_route=%2Fwp%2Fv2%2Fcomments&post=9365"}],"version-history":[{"count":1,"href":"http:\/\/archiv.szolnoktv.hu\/index.php?rest_route=\/wp\/v2\/posts\/9365\/revisions"}],"predecessor-version":[{"id":9450,"href":"http:\/\/archiv.szolnoktv.hu\/index.php?rest_route=\/wp\/v2\/posts\/9365\/revisions\/9450"}],"wp:attachment":[{"href":"http:\/\/archiv.szolnoktv.hu\/index.php?rest_route=%2Fwp%2Fv2%2Fmedia&parent=9365"}],"wp:term":[{"taxonomy":"category","embeddable":true,"href":"http:\/\/archiv.szolnoktv.hu\/index.php?rest_route=%2Fwp%2Fv2%2Fcategories&post=9365"},{"taxonomy":"post_tag","embeddable":true,"href":"http:\/\/archiv.szolnoktv.hu\/index.php?rest_route=%2Fwp%2Fv2%2Ftags&post=9365"}],"curies":[{"name":"wp","href":"https:\/\/api.w.org\/{rel}","templated":true}]}}