{"id":9364,"date":"2018-06-21T17:25:36","date_gmt":"2018-06-21T17:25:36","guid":{"rendered":"http:\/\/archiv.szolnoktv.hu\/?p=9364"},"modified":"2021-08-14T14:37:29","modified_gmt":"2021-08-14T14:37:29","slug":"rendhagyo-projekttablakat-helyeztek-ki-a-vosztokon","status":"publish","type":"post","link":"http:\/\/archiv.szolnoktv.hu\/?p=9364","title":{"rendered":"Rendhagy\u00f3 projektt\u00e1bl\u00e1kat helyeztek ki a Vosztokon"},"content":{"rendered":"<div class='booster-block booster-read-block'><\/div><p>A Tallinn v\u00e1rosr\u00e9szt \u00e9rint\u0151 hat jelent\u0151s beruh\u00e1z\u00e1st hirdet\u0151 t\u00e1bla t\u00fall\u00e9pett a megszokott form\u00e1n. A sz\u00e1mok \u00e9s inform\u00e1ci\u00f3k tengere helyett \u00f6t apr\u00f3s\u00e1g festi \u00e9ppen v\u00e1szonra hol j\u00e1r-, hol pihen-, hol k\u00f6zlekedik majd a nem is oly t\u00e1voli j\u00f6v\u0151ben.  <\/p>\n<p>&#8220;\u00dagy gondoltuk, hogy ha ilyen gyerekrajzokkal kicsit sz\u00ednesebb\u00e9 tessz\u00fck a k\u00f6rnyezetet akkor egyr\u00e9szt egy kicsit a v\u00e1rosmarketing \u00faj vonal\u00e1ra is felh\u00edvjuk a figyelmet, m\u00e1sr\u00e9szt val\u00f3sz\u00edn\u0171leg az erre j\u00e1r\u00f3k is nagyobb \u00e9rdekl\u0151d\u00e9ssel fogj\u00e1k elolvasni, hogy mi fog t\u00f6rt\u00e9nni az elk\u00f6vetkezend\u0151 id\u0151szakban ebben a v\u00e1rosr\u00e9szben.&#8221; tudtuk meg  Km\u00e9zics Di\u00e1na projektmenedzsert\u0151l.<\/p>\n<p>A 300 x 150 centim\u00e9teres t\u00e1bl\u00e1b\u00f3l m\u00e9g ide- a V\u00e1rosmajor \u00fati buszfordul\u00f3 mell\u00e9 is ker\u00fcl egy, hogy minden k\u00f6rny\u00e9ken \u00e9l\u0151 tudja, l\u00e1ssa milyen \u00fctemben lesz m\u00e9g lakhat\u00f3bb a Zagyvaparti v\u00e1rosr\u00e9sz.<\/p>\n<div style=\"width: 640px;\" class=\"wp-video\"><!--[if lt IE 9]><script>document.createElement('video');<\/script><![endif]-->\n<video class=\"wp-video-shortcode\" id=\"video-9364-1\" width=\"640\" height=\"360\" preload=\"metadata\" controls=\"controls\"><source type=\"video\/mp4\" src=\"\/spots\/hir\/hir_180621_07.mp4?_=1\" \/><a href=\"\/spots\/hir\/hir_180621_07.mp4\">\/spots\/hir\/hir_180621_07.mp4<\/a><\/video><\/div>\n","protected":false},"excerpt":{"rendered":"<p>A Tallinn v\u00e1rosr\u00e9szt \u00e9rint\u0151 hat jelent\u0151s beruh\u00e1z\u00e1st hirdet\u0151 t\u00e1bla t\u00fall\u00e9pett a megszokott form\u00e1n. A sz\u00e1mok \u00e9s inform\u00e1ci\u00f3k tengere helyett \u00f6t apr\u00f3s\u00e1g festi \u00e9ppen v\u00e1szonra hol j\u00e1r-, hol pihen-, hol k\u00f6zlekedik majd a nem is oly t\u00e1voli j\u00f6v\u0151ben. &#8220;\u00dagy gondoltuk, hogy ha ilyen gyerekrajzokkal kicsit sz\u00ednesebb\u00e9 tessz\u00fck a k\u00f6rnyezetet akkor egyr\u00e9szt egy kicsit a v\u00e1rosmarketing \u00faj [&hellip;]<\/p>\n","protected":false},"author":2,"featured_media":0,"comment_status":"closed","ping_status":"closed","sticky":false,"template":"","format":"standard","meta":[],"categories":[9],"tags":[],"_links":{"self":[{"href":"http:\/\/archiv.szolnoktv.hu\/index.php?rest_route=\/wp\/v2\/posts\/9364"}],"collection":[{"href":"http:\/\/archiv.szolnoktv.hu\/index.php?rest_route=\/wp\/v2\/posts"}],"about":[{"href":"http:\/\/archiv.szolnoktv.hu\/index.php?rest_route=\/wp\/v2\/types\/post"}],"author":[{"embeddable":true,"href":"http:\/\/archiv.szolnoktv.hu\/index.php?rest_route=\/wp\/v2\/users\/2"}],"replies":[{"embeddable":true,"href":"http:\/\/archiv.szolnoktv.hu\/index.php?rest_route=%2Fwp%2Fv2%2Fcomments&post=9364"}],"version-history":[{"count":1,"href":"http:\/\/archiv.szolnoktv.hu\/index.php?rest_route=\/wp\/v2\/posts\/9364\/revisions"}],"predecessor-version":[{"id":9451,"href":"http:\/\/archiv.szolnoktv.hu\/index.php?rest_route=\/wp\/v2\/posts\/9364\/revisions\/9451"}],"wp:attachment":[{"href":"http:\/\/archiv.szolnoktv.hu\/index.php?rest_route=%2Fwp%2Fv2%2Fmedia&parent=9364"}],"wp:term":[{"taxonomy":"category","embeddable":true,"href":"http:\/\/archiv.szolnoktv.hu\/index.php?rest_route=%2Fwp%2Fv2%2Fcategories&post=9364"},{"taxonomy":"post_tag","embeddable":true,"href":"http:\/\/archiv.szolnoktv.hu\/index.php?rest_route=%2Fwp%2Fv2%2Ftags&post=9364"}],"curies":[{"name":"wp","href":"https:\/\/api.w.org\/{rel}","templated":true}]}}