{"id":9363,"date":"2018-06-21T16:36:58","date_gmt":"2018-06-21T16:36:58","guid":{"rendered":"http:\/\/archiv.szolnoktv.hu\/?p=9363"},"modified":"2021-08-14T14:37:30","modified_gmt":"2021-08-14T14:37:30","slug":"ismet-elismertek-a-varos-marketingtevekenyseget","status":"publish","type":"post","link":"http:\/\/archiv.szolnoktv.hu\/?p=9363","title":{"rendered":"Ism\u00e9t elismert\u00e9k a v\u00e1ros marketingtev\u00e9kenys\u00e9g\u00e9t"},"content":{"rendered":"<div class='booster-block booster-read-block'><\/div><p>Egy h\u00edj\u00e1n 10 elismer\u0151 oklev\u00e9llel b\u00fcszk\u00e9lkedhet imm\u00e1r a v\u00e1ros. Az \u00f6nkorm\u00e1nyzat ugyanis \u00fajabb h\u00e1rom projektj\u00e9re kapta meg a Magyar marketing Sz\u00f6vets\u00e9g gy\u00e9m\u00e1nt v\u00e9djegy\u00e9t. Az elismer\u00e9sek m\u00f6g\u00f6tt komoly munka van. Hangs\u00falyozta Szalai Ferenc polg\u00e1rmester<\/p>\n<p>&#8220;Az \u00f6sszes fejleszt\u00e9s ami most meghat\u00e1roz\u00f3 a v\u00e1rosban a turisztika \u00e9s az idegenforgalom ter\u00fclet\u00e9n a leger\u0151sebb. Ak\u00e1r a f\u00fcrd\u0151fejleszt\u00e9s, ak\u00e1r a v\u00e1rosk\u00f6zpont fejl\u0151d\u00e9s\u00e9vel bar\u00e1tkozunk meg a k\u00e9s\u0151bbiekben, de ezeket \u00e9rt\u00e9kes\u00edteni kell, el kell tudni adni. Ez nem m\u0171k\u00f6dik m\u00e1shogy mintsem a v\u00e1ros identit\u00e1sa, a szolnokis\u00e1g er\u0151s\u00edt\u00e9se \u00e9s nyilv\u00e1n a v\u00e1rosmarketing mint fegyver haszn\u00e1lat\u00e1val el tudjuk adni azt amik vagyunk.&#8221;<\/p>\n<p>A marketigszakemberekb\u0151l \u00e1ll\u00f3 gr\u00e9mium a csipkecsokit, a Szolnok mobil applik\u00e1ci\u00f3t \u00e9s a &#8220;Ny\u00e1r v\u00e9gi tekerg\u0151&#8221; ker\u00e9kp\u00e1ros programot d\u00edjazta. Ezzel Szolnok az orsz\u00e1g marketing t\u00e9rk\u00e9p\u00e9n ism\u00e9t el\u0151bbre l\u00e9pett. <\/p>\n<p>&#8220;A hatodik helyet siker\u00fclt elnyern\u00fcnk, magunk m\u00f6g\u00e9 utas\u00edtva olyan v\u00e1rosokat mint Szeged, P\u00e9cs, vagy ak\u00e1r Debrecen.&#8221;- hangs\u00falyozta  T\u00f3th Dorina turisztikai referens<\/p>\n<p>A sajt\u00f3t\u00e1j\u00e9koztat\u00f3n Szalay Ferenc kihirdette a v\u00e1ros kabalafigura n\u00e9vad\u00f3 p\u00e1ly\u00e1zat\u00e1nak eredm\u00e9ny\u00e9t is.<\/p>\n<p>&#8220;M\u00e1t\u00f3l kezdve a szolnoki pelik\u00e1nnak a neve Jonat\u00e1n. \u00dagyhogy ha ezt k\u00e9rhetem akkor vigy\u00fck tov\u00e1bb. A pelik\u00e1nb\u00f3l majd visz\u00fcnk mindenhov\u00e1- a gyerekeknek \u00f3vod\u00e1ba, mindenf\u00e9le matrica lesz bel\u0151le, nyilv\u00e1n nem lesz ez \u00fajdons\u00e1g a v\u00e1rosnak&#8221;<\/p>\n<p>A Kal\u00e1ka egy\u00fcttes &#8220;Jonat\u00e1n a kapit\u00e1ny&#8221; c\u00edm\u0171 gyermekdala nyom\u00e1n befutott n\u00e9v\u00f6tlet tov\u00e1bbi csaknem 150 facebookon kereszt\u00fcl leadott vari\u00e1ci\u00f3t el\u0151z\u00f6tt meg. A pl\u00fcss\u00e1llatot j\u00falius m\u00e1sodik\u00e1t\u00f3l \u00e1rus\u00edtj\u00e1k a Hild t\u00e9ri Tourinform irod\u00e1ban.<\/p>\n<div style=\"width: 640px;\" class=\"wp-video\"><!--[if lt IE 9]><script>document.createElement('video');<\/script><![endif]-->\n<video class=\"wp-video-shortcode\" id=\"video-9363-1\" width=\"640\" height=\"360\" preload=\"metadata\" controls=\"controls\"><source type=\"video\/mp4\" src=\"\/spots\/hir\/hir_180621_06.mp4?_=1\" \/><a href=\"\/spots\/hir\/hir_180621_06.mp4\">\/spots\/hir\/hir_180621_06.mp4<\/a><\/video><\/div>\n","protected":false},"excerpt":{"rendered":"<p>Egy h\u00edj\u00e1n 10 elismer\u0151 oklev\u00e9llel b\u00fcszk\u00e9lkedhet imm\u00e1r a v\u00e1ros. Az \u00f6nkorm\u00e1nyzat ugyanis \u00fajabb h\u00e1rom projektj\u00e9re kapta meg a Magyar marketing Sz\u00f6vets\u00e9g gy\u00e9m\u00e1nt v\u00e9djegy\u00e9t. Az elismer\u00e9sek m\u00f6g\u00f6tt komoly munka van. Hangs\u00falyozta Szalai Ferenc polg\u00e1rmester &#8220;Az \u00f6sszes fejleszt\u00e9s ami most meghat\u00e1roz\u00f3 a v\u00e1rosban a turisztika \u00e9s az idegenforgalom ter\u00fclet\u00e9n a leger\u0151sebb. Ak\u00e1r a f\u00fcrd\u0151fejleszt\u00e9s, ak\u00e1r a v\u00e1rosk\u00f6zpont [&hellip;]<\/p>\n","protected":false},"author":2,"featured_media":0,"comment_status":"closed","ping_status":"closed","sticky":false,"template":"","format":"standard","meta":[],"categories":[9],"tags":[],"_links":{"self":[{"href":"http:\/\/archiv.szolnoktv.hu\/index.php?rest_route=\/wp\/v2\/posts\/9363"}],"collection":[{"href":"http:\/\/archiv.szolnoktv.hu\/index.php?rest_route=\/wp\/v2\/posts"}],"about":[{"href":"http:\/\/archiv.szolnoktv.hu\/index.php?rest_route=\/wp\/v2\/types\/post"}],"author":[{"embeddable":true,"href":"http:\/\/archiv.szolnoktv.hu\/index.php?rest_route=\/wp\/v2\/users\/2"}],"replies":[{"embeddable":true,"href":"http:\/\/archiv.szolnoktv.hu\/index.php?rest_route=%2Fwp%2Fv2%2Fcomments&post=9363"}],"version-history":[{"count":1,"href":"http:\/\/archiv.szolnoktv.hu\/index.php?rest_route=\/wp\/v2\/posts\/9363\/revisions"}],"predecessor-version":[{"id":9452,"href":"http:\/\/archiv.szolnoktv.hu\/index.php?rest_route=\/wp\/v2\/posts\/9363\/revisions\/9452"}],"wp:attachment":[{"href":"http:\/\/archiv.szolnoktv.hu\/index.php?rest_route=%2Fwp%2Fv2%2Fmedia&parent=9363"}],"wp:term":[{"taxonomy":"category","embeddable":true,"href":"http:\/\/archiv.szolnoktv.hu\/index.php?rest_route=%2Fwp%2Fv2%2Fcategories&post=9363"},{"taxonomy":"post_tag","embeddable":true,"href":"http:\/\/archiv.szolnoktv.hu\/index.php?rest_route=%2Fwp%2Fv2%2Ftags&post=9363"}],"curies":[{"name":"wp","href":"https:\/\/api.w.org\/{rel}","templated":true}]}}