{"id":9362,"date":"2018-06-21T15:13:45","date_gmt":"2018-06-21T15:13:45","guid":{"rendered":"http:\/\/archiv.szolnoktv.hu\/?p=9362"},"modified":"2021-08-14T14:37:30","modified_gmt":"2021-08-14T14:37:30","slug":"ujabb-lepes-a-gazdasag-kifeheriteseert","status":"publish","type":"post","link":"http:\/\/archiv.szolnoktv.hu\/?p=9362","title":{"rendered":"\u00dajabb l\u00e9p\u00e9s a gazdas\u00e1g kifeh\u00e9r\u00edt\u00e9s\u00e9\u00e9rt"},"content":{"rendered":"<div class='booster-block booster-read-block'><\/div><p>Azokat a sz\u00e1ml\u00e1kat, amelyeknek 100 ezer forintos, vagy ann\u00e1l magasabb az \u00e1fa-tartalma, j\u00falius elsej\u00e9t\u0151l be kell jelenteni az ad\u00f3hat\u00f3s\u00e1g fel\u00e9. A vonatkoz\u00f3 t\u00f6rv\u00e9ny m\u00f3dos\u00edt\u00e1s\u00e1r\u00f3l t\u00e1j\u00e9koz\u00f3dhattak azok a c\u00e9gvezet\u0151k, k\u00f6nyvel\u0151k \u00e9s p\u00e9nz\u00fcgyi szakemberek, akik r\u00e9szt vettek a NAV megyei igazgat\u00f3s\u00e1g\u00e1nak legut\u00f3bbi Ad\u00f3-\u00d3r\u00e1k c\u00edm\u0171 rendezv\u00e9ny\u00e9n. A bejelent\u00e9si k\u00f6telezetts\u00e9g minden belf\u00f6ldi \u00e1fa- \u00e9s eva-alanyra vonatkozik, az adatszolg\u00e1ltat\u00e1shoz pedig regisztr\u00e1lni kell a NAV Online Sz\u00e1mla rendszer\u00e9ben. A sz\u00e1ml\u00e1z\u00f3programot haszn\u00e1l\u00f3knak ez ut\u00e1n \u00fagynevezett technikai fel\u00fcletet kell l\u00e9trehozniuk, majd a NAV v\u00e1lasz\u00fczenet\u00e9ben l\u00e9v\u0151 telep\u00edt\u0151kulcsokat kell be\u00e9p\u00edtenie a sz\u00e1ml\u00e1z\u00f3programba. A hagyom\u00e1nyosan, pap\u00edr alapon sz\u00e1ml\u00e1t ki\u00e1ll\u00edt\u00f3 v\u00e1llalkoz\u00e1soknak a 100 \u00e9s 500 ezerforint k\u00f6z\u00f6tti \u00e1fatartalm\u00fa sz\u00e1ml\u00e1ikat a ki\u00e1ll\u00edt\u00e1st k\u00f6vet\u0151 5 napon bel\u00fcl, a magasabb \u00e1fa-\u00e9rt\u00e9ket tartalmaz\u00f3 sz\u00e1ml\u00e1kat pedig a ki\u00e1ll\u00edt\u00e1s m\u00e1snapj\u00e1n kell bejelenteni\u00fck az ad\u00f3hat\u00f3s\u00e1gn\u00e1l. <\/p>\n<div style=\"width: 640px;\" class=\"wp-video\"><!--[if lt IE 9]><script>document.createElement('video');<\/script><![endif]-->\n<video class=\"wp-video-shortcode\" id=\"video-9362-1\" width=\"640\" height=\"360\" preload=\"metadata\" controls=\"controls\"><source type=\"video\/mp4\" src=\"\/spots\/hir\/hir_180621_05.mp4?_=1\" \/><a href=\"\/spots\/hir\/hir_180621_05.mp4\">\/spots\/hir\/hir_180621_05.mp4<\/a><\/video><\/div>\n","protected":false},"excerpt":{"rendered":"<p>Azokat a sz\u00e1ml\u00e1kat, amelyeknek 100 ezer forintos, vagy ann\u00e1l magasabb az \u00e1fa-tartalma, j\u00falius elsej\u00e9t\u0151l be kell jelenteni az ad\u00f3hat\u00f3s\u00e1g fel\u00e9. A vonatkoz\u00f3 t\u00f6rv\u00e9ny m\u00f3dos\u00edt\u00e1s\u00e1r\u00f3l t\u00e1j\u00e9koz\u00f3dhattak azok a c\u00e9gvezet\u0151k, k\u00f6nyvel\u0151k \u00e9s p\u00e9nz\u00fcgyi szakemberek, akik r\u00e9szt vettek a NAV megyei igazgat\u00f3s\u00e1g\u00e1nak legut\u00f3bbi Ad\u00f3-\u00d3r\u00e1k c\u00edm\u0171 rendezv\u00e9ny\u00e9n. A bejelent\u00e9si k\u00f6telezetts\u00e9g minden belf\u00f6ldi \u00e1fa- \u00e9s eva-alanyra vonatkozik, az adatszolg\u00e1ltat\u00e1shoz pedig [&hellip;]<\/p>\n","protected":false},"author":2,"featured_media":0,"comment_status":"closed","ping_status":"closed","sticky":false,"template":"","format":"standard","meta":[],"categories":[9],"tags":[],"_links":{"self":[{"href":"http:\/\/archiv.szolnoktv.hu\/index.php?rest_route=\/wp\/v2\/posts\/9362"}],"collection":[{"href":"http:\/\/archiv.szolnoktv.hu\/index.php?rest_route=\/wp\/v2\/posts"}],"about":[{"href":"http:\/\/archiv.szolnoktv.hu\/index.php?rest_route=\/wp\/v2\/types\/post"}],"author":[{"embeddable":true,"href":"http:\/\/archiv.szolnoktv.hu\/index.php?rest_route=\/wp\/v2\/users\/2"}],"replies":[{"embeddable":true,"href":"http:\/\/archiv.szolnoktv.hu\/index.php?rest_route=%2Fwp%2Fv2%2Fcomments&post=9362"}],"version-history":[{"count":1,"href":"http:\/\/archiv.szolnoktv.hu\/index.php?rest_route=\/wp\/v2\/posts\/9362\/revisions"}],"predecessor-version":[{"id":9453,"href":"http:\/\/archiv.szolnoktv.hu\/index.php?rest_route=\/wp\/v2\/posts\/9362\/revisions\/9453"}],"wp:attachment":[{"href":"http:\/\/archiv.szolnoktv.hu\/index.php?rest_route=%2Fwp%2Fv2%2Fmedia&parent=9362"}],"wp:term":[{"taxonomy":"category","embeddable":true,"href":"http:\/\/archiv.szolnoktv.hu\/index.php?rest_route=%2Fwp%2Fv2%2Fcategories&post=9362"},{"taxonomy":"post_tag","embeddable":true,"href":"http:\/\/archiv.szolnoktv.hu\/index.php?rest_route=%2Fwp%2Fv2%2Ftags&post=9362"}],"curies":[{"name":"wp","href":"https:\/\/api.w.org\/{rel}","templated":true}]}}