{"id":9361,"date":"2018-06-21T15:02:56","date_gmt":"2018-06-21T15:02:56","guid":{"rendered":"http:\/\/archiv.szolnoktv.hu\/?p=9361"},"modified":"2021-08-14T14:37:30","modified_gmt":"2021-08-14T14:37:30","slug":"nyari-tabor-a-tiszaligetben","status":"publish","type":"post","link":"http:\/\/archiv.szolnoktv.hu\/?p=9361","title":{"rendered":"Ny\u00e1ri t\u00e1bor a Tiszaligetben<br>"},"content":{"rendered":"<div class='booster-block booster-read-block'><\/div><p>Limb\u00f3z\u00e1s, ugr\u00e1l\u00f3 k\u00f6telez\u00e9s \u00e9s biciklivel szlalomoz\u00e1s id\u0151re. Ezekkel az akad\u00e1ly p\u00e1ly\u00e1kkal k\u00e9sz\u00fcltek a Tiszaligetben a gyerekeknek. A t\u00e1bor h\u00e9tf\u0151n nyitotta meg kapuit, ahol vak\u00e1ci\u00f3t majdnem 100 gyerek kezdte meg. A t\u00e1boroz\u00f3k k\u00f6z\u00f6tt id\u00e9n is vannak \u00faj- \u00e9s visszat\u00e9r\u0151 tagok. <\/p>\n<p>-Szerintem az\u00e9rt j\u00f3 mert sok a gyerek \u00e9s otthon nem tudnak mint csin\u00e1lni \u00e9s itt tudunk j\u00e1tszani.&#8221;- mondta Rig\u00f3 Rebeka.<\/p>\n<p>-Az igaz, hogy majdnem ugyanazok a programok vannak csak ugye m\u00e1skor, \u00e9s ebbe az a j\u00f3, ha mondjuk valaki a t\u00e1bor v\u00e9ge fele nem volt az t\u00e1bor elej\u00e9n kitudja pr\u00f3b\u00e1lni, ha \u00fagy ad\u00f3dik. A k\u00f6zepe mert akkor ugye szerintem akkor vannak azok a programok mikor messzebbre is elmegy\u00fcnk, pl. m\u00fazeumokba.&#8221;- tette hozz\u00e1 Bugyik Martin.<\/p>\n<p>A t\u00e1bor reggel 7:00-t\u00f3l v\u00e1rj a gyerekeket. Gy\u00fclekez\u0151 a v\u00e1ros t\u00f6bb pontj\u00e1n van: a pedag\u00f3gus Sz\u00e9chenyi v\u00e1rosr\u00e9szb\u0151l, a buszp\u00e1ly\u00e1r\u00f3l, illetve Szandasz\u0151l\u0151sr\u0151l k\u00eds\u00e9rik a csoportokat a ligetbe.<\/p>\n<p>-Minden nap bej\u00f6v\u00fcnk, buszra v\u00e1runk, azt\u00e1n van egy kisebb kaja sz\u00fcnet \u00e9s ut\u00e1na m\u00e1r el is kezd\u0151dhetnek a szabadid\u0151s programok. Mindennap kital\u00e1lnak valami \u00fajat, most p\u00e9ld\u00e1ul egy ilyen kalandp\u00e1ly\u00e1s nap van. 7 \u00e1llom\u00e1s van \u00e9s itt kell k\u00f6rbe-k\u00f6rbe m\u00e1szk\u00e1lnunk.&#8221;- mondta Ber\u00e9nyi Marcell. <\/p>\n<p>D\u00e9lel\u0151tt sz\u00e1mos \u00e9rdekes \u00e9s kreat\u00edv foglalkoz\u00e1s v\u00e1rja a t\u00e1boroz\u00f3kat ,a gyerekek t\u00f6bbs\u00e9ge azonban tov\u00e1bbra is a d\u00e9lut\u00e1nt v\u00e1rja a legjobban.<br \/>-A gyerekek nemcsak a t\u00e1boron bel\u00fcl \u00e9lvezhetik a vak\u00e1ci\u00f3t, j\u00f3 id\u0151 eset\u00e9n a pedag\u00f3gusok fel\u00fcgyelet\u00e9ben a Tiszaligeti Strandon itt napozhatnak \u00e9s j\u00e1tszhatnak.&#8221;<\/p>\n<p>A t\u00e1bor turnusai hetente indulnak \u00e9s augusztus 31-ig v\u00e1rja \u00e9lm\u00e9nyekkel \u00e9s programokkal a gyerekeket.<\/p>\n<div style=\"width: 640px;\" class=\"wp-video\"><!--[if lt IE 9]><script>document.createElement('video');<\/script><![endif]-->\n<video class=\"wp-video-shortcode\" id=\"video-9361-1\" width=\"640\" height=\"360\" preload=\"metadata\" controls=\"controls\"><source type=\"video\/mp4\" src=\"\/spots\/hir\/hir_180621_01.mp4?_=1\" \/><a href=\"\/spots\/hir\/hir_180621_01.mp4\">\/spots\/hir\/hir_180621_01.mp4<\/a><\/video><\/div>\n","protected":false},"excerpt":{"rendered":"<p>Limb\u00f3z\u00e1s, ugr\u00e1l\u00f3 k\u00f6telez\u00e9s \u00e9s biciklivel szlalomoz\u00e1s id\u0151re. Ezekkel az akad\u00e1ly p\u00e1ly\u00e1kkal k\u00e9sz\u00fcltek a Tiszaligetben a gyerekeknek. A t\u00e1bor h\u00e9tf\u0151n nyitotta meg kapuit, ahol vak\u00e1ci\u00f3t majdnem 100 gyerek kezdte meg. A t\u00e1boroz\u00f3k k\u00f6z\u00f6tt id\u00e9n is vannak \u00faj- \u00e9s visszat\u00e9r\u0151 tagok. -Szerintem az\u00e9rt j\u00f3 mert sok a gyerek \u00e9s otthon nem tudnak mint csin\u00e1lni \u00e9s itt tudunk [&hellip;]<\/p>\n","protected":false},"author":2,"featured_media":0,"comment_status":"closed","ping_status":"closed","sticky":false,"template":"","format":"standard","meta":[],"categories":[9],"tags":[],"_links":{"self":[{"href":"http:\/\/archiv.szolnoktv.hu\/index.php?rest_route=\/wp\/v2\/posts\/9361"}],"collection":[{"href":"http:\/\/archiv.szolnoktv.hu\/index.php?rest_route=\/wp\/v2\/posts"}],"about":[{"href":"http:\/\/archiv.szolnoktv.hu\/index.php?rest_route=\/wp\/v2\/types\/post"}],"author":[{"embeddable":true,"href":"http:\/\/archiv.szolnoktv.hu\/index.php?rest_route=\/wp\/v2\/users\/2"}],"replies":[{"embeddable":true,"href":"http:\/\/archiv.szolnoktv.hu\/index.php?rest_route=%2Fwp%2Fv2%2Fcomments&post=9361"}],"version-history":[{"count":1,"href":"http:\/\/archiv.szolnoktv.hu\/index.php?rest_route=\/wp\/v2\/posts\/9361\/revisions"}],"predecessor-version":[{"id":9454,"href":"http:\/\/archiv.szolnoktv.hu\/index.php?rest_route=\/wp\/v2\/posts\/9361\/revisions\/9454"}],"wp:attachment":[{"href":"http:\/\/archiv.szolnoktv.hu\/index.php?rest_route=%2Fwp%2Fv2%2Fmedia&parent=9361"}],"wp:term":[{"taxonomy":"category","embeddable":true,"href":"http:\/\/archiv.szolnoktv.hu\/index.php?rest_route=%2Fwp%2Fv2%2Fcategories&post=9361"},{"taxonomy":"post_tag","embeddable":true,"href":"http:\/\/archiv.szolnoktv.hu\/index.php?rest_route=%2Fwp%2Fv2%2Ftags&post=9361"}],"curies":[{"name":"wp","href":"https:\/\/api.w.org\/{rel}","templated":true}]}}