{"id":9360,"date":"2018-06-21T14:03:55","date_gmt":"2018-06-21T14:03:55","guid":{"rendered":"http:\/\/archiv.szolnoktv.hu\/?p=9360"},"modified":"2021-08-14T14:37:31","modified_gmt":"2021-08-14T14:37:31","slug":"jelenleg-nincs-tuzgyujtasi-tilalom","status":"publish","type":"post","link":"http:\/\/archiv.szolnoktv.hu\/?p=9360","title":{"rendered":"Jelenleg nincs t\u0171zgy\u00fajt\u00e1si tilalom"},"content":{"rendered":"<div class='booster-block booster-read-block'><\/div><p>Az el\u0151z\u0151 szab\u00e1lyoz\u00e1s \u00e9rtelm\u00e9ben a megyei t\u0171zgy\u00fajt\u00e1si tilalmat az illet\u00e9kes erd\u00e9szeti hat\u00f3s\u00e1g, az orsz\u00e1gosat pedig a f\u00f6ldm\u0171vel\u00e9s\u00fcgyi miniszter rendelte el. A v\u00e1ltoz\u00e9kony id\u0151j\u00e1r\u00e1s azonban gyorsan m\u00f3dos\u00edtja erd\u0151t\u0171zkock\u00e1zatot, amire az addigi rendszer lassan tudott reag\u00e1lni, ez\u00e9rt d\u00f6nt\u00f6ttek, egy rugalmasabb t\u0171zgy\u00fajt\u00e1si tilalmi rendszer kialak\u00edt\u00e1s\u00e1r\u00f3l.<\/p>\n<p>A tilalommal \u00e9rintett ter\u00fcletet ezent\u00fal naponta jel\u00f6lik majd ki a Nemzeti \u00c9lelmiszerl\u00e1nc-biztons\u00e1gi Hivatal erd\u00e9szeti szakemberei \u00e9s a Katasztr\u00f3fav\u00e9delem munkat\u00e1rsai. A d\u00f6nt\u00e9sn\u00e9l figyelembe veszik majd a v\u00e1rhat\u00f3 id\u0151j\u00e1r\u00e1st, az erdei avar \u00e1llapot\u00e1t \u00e9s a ter\u00fclet kor\u00e1bbi t\u0171zeseteit. Ennek az a c\u00e9lja, hogy csak a felt\u00e9tlen\u00fcl indokolt id\u0151tartamra rendelj\u00e9k el a t\u0171zgy\u00fajt\u00e1si tilalmat, emellett a korl\u00e1toz\u00e1s elrendel\u00e9se \u00e9s visszavon\u00e1sa is gyorsabb\u00e1 v\u00e1lik.<\/p>\n<p>A t\u0171zgy\u00fajt\u00e1si tilalom idej\u00e9n m\u00e9g a kijel\u00f6lt t\u0171zrak\u00f3 helyeken is tilos t\u00fczet gy\u00fajtani a t\u00f6bbi k\u00f6z\u00f6tt a k\u00fclter\u00fcleti ingatlanokon fekv\u0151 erd\u0151kben \u00e9s f\u00e1s\u00edt\u00e1sokban, valamint azok 200 m\u00e9teres k\u00f6rzet\u00e9ben, valamint a vas\u00fat \u00e9s k\u00f6z\u00fat menti f\u00e1s\u00edt\u00e1sokban. Ezeken a ter\u00fcleteken tilalom idej\u00e9n a parlag- \u00e9s gaz\u00e9get\u00e9s is tilos.<\/p>\n<p>A t\u0171zgy\u00fajt\u00e1si tilalommal \u00e9rintett belter\u00fcleti ingatlanokon tov\u00e1bbra is tilos a kerti \u00e9s n\u00f6v\u00e9nyi hullad\u00e9k \u00e9get\u00e9se, ez al\u00f3l csak a helyi \u00f6nkorm\u00e1nyzat adhat felment\u00e9st rendeletben, amelyben szab\u00e1lyozza az \u00e9get\u00e9s idej\u00e9t, felt\u00e9teleit \u00e9s k\u00f6r\u00fclm\u00e9nyeit is. Belter\u00fcleten viszont nem min\u0151s\u00fcl t\u0171zgy\u00fajt\u00e1snak a g\u00e1z \u00e9g\u0151fej \u00e9s a z\u00e1rt t\u0171zter\u0171 s\u00fct\u0151-, vagy meleg\u00edt\u0151eszk\u00f6z haszn\u00e1lata, ha az megfelel\u0151 szikrafog\u00f3val van ell\u00e1tva.<\/p>\n<p>Az aktu\u00e1lis t\u0171zgy\u00fajt\u00e1si tilalomr\u00f3l az erdotuz.hu \u00e9s a katasztrofavedelem.hu honlapon elhelyezett minden nap 0 \u00f3ra 1 perckor automatikusan friss\u00fcl\u0151 t\u00e9rk\u00e9p seg\u00edts\u00e9g\u00e9vel t\u00e1j\u00e9koz\u00f3dhatnak az \u00e9rdekl\u0151d\u0151k. <\/p>\n<div style=\"width: 640px;\" class=\"wp-video\"><!--[if lt IE 9]><script>document.createElement('video');<\/script><![endif]-->\n<video class=\"wp-video-shortcode\" id=\"video-9360-1\" width=\"640\" height=\"360\" preload=\"metadata\" controls=\"controls\"><source type=\"video\/mp4\" src=\"\/spots\/hir\/hir_180621_04.mp4?_=1\" \/><a href=\"\/spots\/hir\/hir_180621_04.mp4\">\/spots\/hir\/hir_180621_04.mp4<\/a><\/video><\/div>\n","protected":false},"excerpt":{"rendered":"<p>Az el\u0151z\u0151 szab\u00e1lyoz\u00e1s \u00e9rtelm\u00e9ben a megyei t\u0171zgy\u00fajt\u00e1si tilalmat az illet\u00e9kes erd\u00e9szeti hat\u00f3s\u00e1g, az orsz\u00e1gosat pedig a f\u00f6ldm\u0171vel\u00e9s\u00fcgyi miniszter rendelte el. A v\u00e1ltoz\u00e9kony id\u0151j\u00e1r\u00e1s azonban gyorsan m\u00f3dos\u00edtja erd\u0151t\u0171zkock\u00e1zatot, amire az addigi rendszer lassan tudott reag\u00e1lni, ez\u00e9rt d\u00f6nt\u00f6ttek, egy rugalmasabb t\u0171zgy\u00fajt\u00e1si tilalmi rendszer kialak\u00edt\u00e1s\u00e1r\u00f3l. A tilalommal \u00e9rintett ter\u00fcletet ezent\u00fal naponta jel\u00f6lik majd ki a Nemzeti \u00c9lelmiszerl\u00e1nc-biztons\u00e1gi Hivatal [&hellip;]<\/p>\n","protected":false},"author":2,"featured_media":0,"comment_status":"closed","ping_status":"closed","sticky":false,"template":"","format":"standard","meta":[],"categories":[9],"tags":[],"_links":{"self":[{"href":"http:\/\/archiv.szolnoktv.hu\/index.php?rest_route=\/wp\/v2\/posts\/9360"}],"collection":[{"href":"http:\/\/archiv.szolnoktv.hu\/index.php?rest_route=\/wp\/v2\/posts"}],"about":[{"href":"http:\/\/archiv.szolnoktv.hu\/index.php?rest_route=\/wp\/v2\/types\/post"}],"author":[{"embeddable":true,"href":"http:\/\/archiv.szolnoktv.hu\/index.php?rest_route=\/wp\/v2\/users\/2"}],"replies":[{"embeddable":true,"href":"http:\/\/archiv.szolnoktv.hu\/index.php?rest_route=%2Fwp%2Fv2%2Fcomments&post=9360"}],"version-history":[{"count":1,"href":"http:\/\/archiv.szolnoktv.hu\/index.php?rest_route=\/wp\/v2\/posts\/9360\/revisions"}],"predecessor-version":[{"id":9455,"href":"http:\/\/archiv.szolnoktv.hu\/index.php?rest_route=\/wp\/v2\/posts\/9360\/revisions\/9455"}],"wp:attachment":[{"href":"http:\/\/archiv.szolnoktv.hu\/index.php?rest_route=%2Fwp%2Fv2%2Fmedia&parent=9360"}],"wp:term":[{"taxonomy":"category","embeddable":true,"href":"http:\/\/archiv.szolnoktv.hu\/index.php?rest_route=%2Fwp%2Fv2%2Fcategories&post=9360"},{"taxonomy":"post_tag","embeddable":true,"href":"http:\/\/archiv.szolnoktv.hu\/index.php?rest_route=%2Fwp%2Fv2%2Ftags&post=9360"}],"curies":[{"name":"wp","href":"https:\/\/api.w.org\/{rel}","templated":true}]}}