{"id":9359,"date":"2018-06-21T13:57:43","date_gmt":"2018-06-21T13:57:43","guid":{"rendered":"http:\/\/archiv.szolnoktv.hu\/?p=9359"},"modified":"2021-08-14T14:37:31","modified_gmt":"2021-08-14T14:37:31","slug":"kulfoldre-indulnak-a-szimfonikusok","status":"publish","type":"post","link":"http:\/\/archiv.szolnoktv.hu\/?p=9359","title":{"rendered":"K\u00fclf\u00f6ldre indulnak a szimfonikusok"},"content":{"rendered":"<div class='booster-block booster-read-block'><\/div><p>A vas\u00e1rnap reutlingeni zenekarral k\u00f6z\u00f6s koncerten k\u00e9sz\u00fcltek ezek a k\u00e9pek. A szolnoki szimfonikusoknak pedig nem \u00e1rt szokni a k\u00fclf\u00f6ldi t\u00e1rsakat, hiszen hamarosan \u00fatra kelnek. A tervek szerint nem csak Eur\u00f3p\u00e1ban, hanem m\u00e1s kontinensen is fell\u00e9pnek majd. A Sch\u00f6nbrunni Kast\u00e9ly Zenekar\u00e1nak igazgat\u00f3ja ugyanis felfigyelt a Tisza-partiakra \u00e9s egyeztet\u00e9seket kezdtek egy nemzetk\u00f6zi t\u00far\u00e1val kapcsolatban.<\/p>\n<p>-Az\u00e9rt vagyok itt, mert szeretn\u00e9nk kapcsolatot teremteni a v\u00e1rossal \u00e9s vannak tervek a zenekarral. Megh\u00edvtak, megbesz\u00e9lj\u00fck, hogyan dolgozhatunk egy\u00fctt. Most \u00fagy t\u0171nik csod\u00e1latos egy\u00fcttm\u0171k\u00f6d\u00e9s\u00fcnk lesz, a r\u00e9szleteket egyeztetj\u00fck.&#8221;  &#8211;   mondta Peter Hosek producer, igazgat\u00f3, Sch\u00f6nbrunn Kast\u00e9ly Zenekara.<\/p>\n<p>Az eur\u00f3pai meg\u00e1ll\u00f3helyeken k\u00edv\u00fcl a tervek k\u00f6z\u00f6tt szerepel decemberben egy k\u00ednai \u00fat is, de t\u00f6bb k\u00f6z\u00f6s program a c\u00e9l.<\/p>\n<p>-Mikor el\u0151sz\u00f6r hallottam a Szolnoki Szimfonikusokat azonnal beleszerettem, fantasztikusak. A reperto\u00e1r is els\u0151 oszt\u00e1ly\u00fa \u00e9s azt vettem \u00e9szre, hogy teljes a harm\u00f3nia a b\u00e9csi muzsika \u00e9s az itteni k\u00f6z\u00f6tt. egy remek egyveleg lesz, ami biztos vagyok benne, hogy rendk\u00edv\u00fcl sikeres lesz.&#8221;  &#8211;   mondta Vinicius Kattah karmester, Sch\u00f6nbrunn Kast\u00e9ly Zenekara.<\/p>\n<p>Egy nagy el\u0151rel\u00e9p\u00e9s a jelenlegi t\u00e1rgyal\u00e1s, ami fontos a zenekar \u00e9let\u00e9be, hiszen, egy j\u00f6v\u0151k\u00e9p rajzol\u00f3dik jelenleg. A szolnoki szimfonikusok felk\u00e9sz\u00fcltek a nemzetk\u00f6zi megm\u00e9rettet\u00e9sre.<\/p>\n<p>-Ez a szakmai munka, a fejleszt\u00e9s\u00fcnk meghozta a gy\u00fcm\u00f6lcs\u00e9t \u00e9s szakmai alapon, gazdas\u00e1gi alapon nemzetk\u00f6zi kitekint\u00e9st tud a zenekar biztos\u00edtani Szolnok v\u00e1ros\u00e1nak illetve a zenekar saj\u00e1t maga sz\u00e1m\u00e1ra \u00e9s viheti Szolnok v\u00e1ros h\u00edrnev\u00e9t. Rem\u00e9lem, hogy ezekkel a fell\u00e9p\u00e9sekkel a vil\u00e1gban hozunk a v\u00e1rosnak olyan befektet\u0151ket, mely a v\u00e1ros gazdas\u00e1gi \u00e9let\u00e9t is fogja seg\u00edteni.&#8221;  &#8211;   mondta Ign\u00e1cz Ervin \u00fcgyvezet\u0151 igazgat\u00f3, Szolnoki Szimfonikus Zenekar.<\/p>\n<p>A nemzetk\u00f6zi t\u00fara szakmailag is \u00f3ri\u00e1si el\u0151rel\u00e9p\u00e9s, a zenekar \u00e9let\u00e9ben meghat\u00e1roz\u00f3. Jelenleg t\u00f6bb j\u00f6v\u0151beli turn\u00e9 is el\u0151k\u00e9sz\u00edt\u00e9s alatt van.<\/p>\n<div style=\"width: 640px;\" class=\"wp-video\"><!--[if lt IE 9]><script>document.createElement('video');<\/script><![endif]-->\n<video class=\"wp-video-shortcode\" id=\"video-9359-1\" width=\"640\" height=\"360\" preload=\"metadata\" controls=\"controls\"><source type=\"video\/mp4\" src=\"\/spots\/hir\/hir_180621_03.mp4?_=1\" \/><a href=\"\/spots\/hir\/hir_180621_03.mp4\">\/spots\/hir\/hir_180621_03.mp4<\/a><\/video><\/div>\n","protected":false},"excerpt":{"rendered":"<p>A vas\u00e1rnap reutlingeni zenekarral k\u00f6z\u00f6s koncerten k\u00e9sz\u00fcltek ezek a k\u00e9pek. A szolnoki szimfonikusoknak pedig nem \u00e1rt szokni a k\u00fclf\u00f6ldi t\u00e1rsakat, hiszen hamarosan \u00fatra kelnek. A tervek szerint nem csak Eur\u00f3p\u00e1ban, hanem m\u00e1s kontinensen is fell\u00e9pnek majd. A Sch\u00f6nbrunni Kast\u00e9ly Zenekar\u00e1nak igazgat\u00f3ja ugyanis felfigyelt a Tisza-partiakra \u00e9s egyeztet\u00e9seket kezdtek egy nemzetk\u00f6zi t\u00far\u00e1val kapcsolatban. -Az\u00e9rt vagyok itt, [&hellip;]<\/p>\n","protected":false},"author":2,"featured_media":0,"comment_status":"closed","ping_status":"closed","sticky":false,"template":"","format":"standard","meta":[],"categories":[9],"tags":[],"_links":{"self":[{"href":"http:\/\/archiv.szolnoktv.hu\/index.php?rest_route=\/wp\/v2\/posts\/9359"}],"collection":[{"href":"http:\/\/archiv.szolnoktv.hu\/index.php?rest_route=\/wp\/v2\/posts"}],"about":[{"href":"http:\/\/archiv.szolnoktv.hu\/index.php?rest_route=\/wp\/v2\/types\/post"}],"author":[{"embeddable":true,"href":"http:\/\/archiv.szolnoktv.hu\/index.php?rest_route=\/wp\/v2\/users\/2"}],"replies":[{"embeddable":true,"href":"http:\/\/archiv.szolnoktv.hu\/index.php?rest_route=%2Fwp%2Fv2%2Fcomments&post=9359"}],"version-history":[{"count":1,"href":"http:\/\/archiv.szolnoktv.hu\/index.php?rest_route=\/wp\/v2\/posts\/9359\/revisions"}],"predecessor-version":[{"id":9456,"href":"http:\/\/archiv.szolnoktv.hu\/index.php?rest_route=\/wp\/v2\/posts\/9359\/revisions\/9456"}],"wp:attachment":[{"href":"http:\/\/archiv.szolnoktv.hu\/index.php?rest_route=%2Fwp%2Fv2%2Fmedia&parent=9359"}],"wp:term":[{"taxonomy":"category","embeddable":true,"href":"http:\/\/archiv.szolnoktv.hu\/index.php?rest_route=%2Fwp%2Fv2%2Fcategories&post=9359"},{"taxonomy":"post_tag","embeddable":true,"href":"http:\/\/archiv.szolnoktv.hu\/index.php?rest_route=%2Fwp%2Fv2%2Ftags&post=9359"}],"curies":[{"name":"wp","href":"https:\/\/api.w.org\/{rel}","templated":true}]}}