{"id":9358,"date":"2018-06-21T13:55:32","date_gmt":"2018-06-21T13:55:32","guid":{"rendered":"http:\/\/archiv.szolnoktv.hu\/?p=9358"},"modified":"2021-08-14T14:37:32","modified_gmt":"2021-08-14T14:37:32","slug":"vas-es-gyemant-oklevelek-a-tanevzaron","status":"publish","type":"post","link":"http:\/\/archiv.szolnoktv.hu\/?p=9358","title":{"rendered":"Vas \u00e9s gy\u00e9m\u00e1nt oklevelek a tan\u00e9vz\u00e1r\u00f3n"},"content":{"rendered":"<div class='booster-block booster-read-block'><\/div><p>K\u00f6sz\u00f6nt\u0151 besz\u00e9d\u00e9ben Hics\u00f3 Gy\u00f6rgy, a Szolnoki M\u0171szaki Szakk\u00e9pz\u00e9si Centrum f\u0151igazgat\u00f3ja elmondta: fontos a m\u00falt \u00e9s a jelen kih\u00edv\u00e1sainak val\u00f3 megfelel\u00e9s. Ennek ok\u00e1n vas \u00e9s gy\u00e9m\u00e1nt okleveleket adtak \u00e1t egykori di\u00e1koknak. Az elismer\u00e9sek bizony\u00edt\u00e9kai annak, hogy a volt tanul\u00f3k meg\u00e1llt\u00e1k a hely\u00fcket az \u00e9letben. Bizony\u00edtottak, m\u0171szaki ter\u00fcleten maradand\u00f3t alkottak. E nemes kezdem\u00e9nyez\u00e9s \u00f6tletgazd\u00e1ja M\u00e1t\u00e9 P\u00e1l volt, aki t\u00f6bb okb\u00f3l is l\u00e9nyegesnek tartotta, hogy megeml\u00e9kezzenek a 60 \u00e9s 65 \u00e9vvel ezel\u0151tt v\u00e9gzett di\u00e1kokra.<\/p>\n<p>-\u00c9n az\u00e9rt tartottam fontosnak, mert ezek az emberek az \u00e9vek folyam\u00e1n, teh\u00e1t ez a 60 \u00e9v folyam\u00e1n olyan vezet\u0151 beoszt\u00e1sban voltak: f\u0151m\u00e9rn\u00f6k\u00f6k, igazgat\u00f3k, egyetemi tan\u00e1r. A Kelemen Mikl\u00f3s, aki most megk\u00f6sz\u00f6nte egy\u00e9bk\u00e9nt a Soproni Egyetemen doktor\u00e1lt \u00e9s ott tan\u00edtott.&#8221;<\/p>\n<p>Poly\u00e1k Gy\u00f6rgy 1953-ban szerezte meg szakm\u00e1j\u00e1t az int\u00e9zm\u00e9nyben. Az \u00f6reg di\u00e1k legsz\u00edvesebben az akkori \u00e9vfolyam h\u00e1rom oszt\u00e1lya k\u00f6z\u00f6tt sz\u00f6v\u0151d\u00f6tt bar\u00e1ti kapcsolatot \u00e9s a szakmai g\u00e1rd\u00e1t id\u00e9zi fel.<\/p>\n<p>-Emberileg is \u00e9s szakmai kvalit\u00e1suk is fels\u0151fok\u00fa volt ezeknek az embereknek, nem v\u00e9letlen\u00fcl ragaszkodunk az iskol\u00e1hoz, hiszen itt lett\u00fcnk emberek.&#8221;<\/p>\n<p>Cz\u00f3k Margitot l\u00e1nya k\u00eds\u00e9rte el \u00e9s gy\u00e9m\u00e1nt oklev\u00e9llel t\u00e9rhetett haza.<\/p>\n<p>-1958-ban v\u00e9geztem \u00e9s nagyon, de nagyon j\u00f3 volt, nagyon sz\u00edvesen eml\u00e9kszem r\u00e1. A f\u00e9rjem is itt v\u00e9gzett, egy oszt\u00e1lyba j\u00e1rtunk.&#8221;<\/p>\n<p>A 90 \u00e9ves G\u00e9pipari, 1927-ben Fa-\u00e9s F\u00e9mipari Szakiskola n\u00e9ven kezdte meg m\u0171k\u00f6d\u00e9s\u00e9t. Hics\u00f3 Gy\u00f6rgy, a Szolnoki M\u0171szaki Szakk\u00e9pz\u00e9si Centrum f\u0151igazgat\u00f3ja elmondta: az int\u00e9zm\u00e9ny szellemis\u00e9ge szerint fontos az el\u0151d\u00f6k tisztelete, megbecs\u00fcl\u00e9se.<\/p>\n<p>-Hagyom\u00e1nny\u00e1 szeretn\u00e9nk tenni ezt a k\u00f6sz\u00f6nt\u00e9st \u00e9s val\u00f3ban b\u00fcszke vagyok arra, hogy 1927 \u00f3ta a szolnoki G\u00e9pipari nagyon sok olyan di\u00e1kot bocs\u00e1jtott ki, nagyon sok olyan di\u00e1k hagyta el az alma mater falait, akik maradand\u00f3t alkottak a m\u0171szaki \u00e9letben.&#8221;<\/p>\n<p>A mai \u00fcnneps\u00e9gen az 1953-ban v\u00e9gzettek k\u00f6z\u00fcl 16, m\u00edg az 1958-as \u00e9vfolyamb\u00f3l 29 egykori technikus tanul\u00f3 vehette \u00e1t vas, illetve gy\u00e9m\u00e1nt oklevel\u00e9t. A hagyom\u00e1nyteremt\u0151 c\u00e9llal ind\u00edtott k\u00f6sz\u00f6nt\u00e9s az \u00e9vtizedek lelk\u00fclet\u00e9t, szellemis\u00e9g\u00e9t k\u00edv\u00e1nja \u00f6sszekapcsolni, p\u00e9ld\u00e1t \u00e1ll\u00edtva a fiatal gener\u00e1ci\u00f3k sz\u00e1m\u00e1ra.<\/p>\n<div style=\"width: 640px;\" class=\"wp-video\"><!--[if lt IE 9]><script>document.createElement('video');<\/script><![endif]-->\n<video class=\"wp-video-shortcode\" id=\"video-9358-1\" width=\"640\" height=\"360\" preload=\"metadata\" controls=\"controls\"><source type=\"video\/mp4\" src=\"\/spots\/hir\/hir_180621_02.mp4?_=1\" \/><a href=\"\/spots\/hir\/hir_180621_02.mp4\">\/spots\/hir\/hir_180621_02.mp4<\/a><\/video><\/div>\n","protected":false},"excerpt":{"rendered":"<p>K\u00f6sz\u00f6nt\u0151 besz\u00e9d\u00e9ben Hics\u00f3 Gy\u00f6rgy, a Szolnoki M\u0171szaki Szakk\u00e9pz\u00e9si Centrum f\u0151igazgat\u00f3ja elmondta: fontos a m\u00falt \u00e9s a jelen kih\u00edv\u00e1sainak val\u00f3 megfelel\u00e9s. Ennek ok\u00e1n vas \u00e9s gy\u00e9m\u00e1nt okleveleket adtak \u00e1t egykori di\u00e1koknak. Az elismer\u00e9sek bizony\u00edt\u00e9kai annak, hogy a volt tanul\u00f3k meg\u00e1llt\u00e1k a hely\u00fcket az \u00e9letben. Bizony\u00edtottak, m\u0171szaki ter\u00fcleten maradand\u00f3t alkottak. E nemes kezdem\u00e9nyez\u00e9s \u00f6tletgazd\u00e1ja M\u00e1t\u00e9 P\u00e1l volt, [&hellip;]<\/p>\n","protected":false},"author":2,"featured_media":0,"comment_status":"closed","ping_status":"closed","sticky":false,"template":"","format":"standard","meta":[],"categories":[9],"tags":[],"_links":{"self":[{"href":"http:\/\/archiv.szolnoktv.hu\/index.php?rest_route=\/wp\/v2\/posts\/9358"}],"collection":[{"href":"http:\/\/archiv.szolnoktv.hu\/index.php?rest_route=\/wp\/v2\/posts"}],"about":[{"href":"http:\/\/archiv.szolnoktv.hu\/index.php?rest_route=\/wp\/v2\/types\/post"}],"author":[{"embeddable":true,"href":"http:\/\/archiv.szolnoktv.hu\/index.php?rest_route=\/wp\/v2\/users\/2"}],"replies":[{"embeddable":true,"href":"http:\/\/archiv.szolnoktv.hu\/index.php?rest_route=%2Fwp%2Fv2%2Fcomments&post=9358"}],"version-history":[{"count":1,"href":"http:\/\/archiv.szolnoktv.hu\/index.php?rest_route=\/wp\/v2\/posts\/9358\/revisions"}],"predecessor-version":[{"id":9457,"href":"http:\/\/archiv.szolnoktv.hu\/index.php?rest_route=\/wp\/v2\/posts\/9358\/revisions\/9457"}],"wp:attachment":[{"href":"http:\/\/archiv.szolnoktv.hu\/index.php?rest_route=%2Fwp%2Fv2%2Fmedia&parent=9358"}],"wp:term":[{"taxonomy":"category","embeddable":true,"href":"http:\/\/archiv.szolnoktv.hu\/index.php?rest_route=%2Fwp%2Fv2%2Fcategories&post=9358"},{"taxonomy":"post_tag","embeddable":true,"href":"http:\/\/archiv.szolnoktv.hu\/index.php?rest_route=%2Fwp%2Fv2%2Ftags&post=9358"}],"curies":[{"name":"wp","href":"https:\/\/api.w.org\/{rel}","templated":true}]}}