{"id":9357,"date":"2018-06-20T16:10:39","date_gmt":"2018-06-20T16:10:39","guid":{"rendered":"http:\/\/archiv.szolnoktv.hu\/?p=9357"},"modified":"2021-08-14T14:37:32","modified_gmt":"2021-08-14T14:37:32","slug":"a-szivarvany-klub-kiallitasa","status":"publish","type":"post","link":"http:\/\/archiv.szolnoktv.hu\/?p=9357","title":{"rendered":"A Sziv\u00e1rv\u00e1ny Klub ki\u00e1ll\u00edt\u00e1sa"},"content":{"rendered":"<div class='booster-block booster-read-block'><\/div><p>A j\u00f3 hangulatr\u00f3l k\u00f3rus \u00e9s zen\u00e9szek, valamint a Sziv\u00e1rv\u00e1ny Klub tagjai gondoskodtak ma d\u00e9lut\u00e1n a VOKE M\u0171vel\u0151d\u00e9si K\u00f6zpontban. Itt, a klubtagok \u00e1ltal k\u00e9sz\u00edtett 3 dimenzi\u00f3s, text\u00edli\u00e1kb\u00f3l k\u00e9sz\u00fclt k\u00e9peit csod\u00e1lhatj\u00e1k meg az \u00e9rdekl\u0151d\u0151k. Az egyik alkot\u00f3: Antal Erzs\u00e9bet maga is meglep\u0151d\u00f6tt, hogy mire is k\u00e9pes.<\/p>\n<p>-Igaz\u00e1b\u00f3l izgatott benn\u00fcnket, mert el nem tudtul k\u00e9pzelni, hogy mi egy\u00e1ltal\u00e1n valamit is tudunk. Maximum azt l\u00e1ttuk, hogy bef\u00fcrd\u00fcnk a ragaszt\u00f3ba, minden\u00fcnk csupa fekete.&#8221;<\/p>\n<p>Gy\u00e1fr\u00e1s G\u00e1born\u00e9 3 \u00f3ra alatt k\u00e9sz\u00edtette el a m\u0171v\u00e9t, textilb\u0151l \u00e9s gipszb\u0151l. Elmondta: az \u0151 j\u00f3kedv\u00e9t \u00e9s gy\u00f3gyul\u00e1s\u00e1t nemcsak az alkot\u00e1s \u00f6r\u00f6me, hanem a k\u00f6z\u00f6ss\u00e9g szeretete is el\u0151seg\u00edtette.<\/p>\n<p>-Nekem nagyon sokat seg\u00edtett Gabika azzal, hogy seg\u00edtett a maga l\u00e9ny\u00e9vel. Azzal, hogy befogadtak a k\u00f6z\u00f6ss\u00e9gbe \u00e9s \u00edgy j\u00f3l \u00e9rzem itt magam k\u00f6z\u00f6tt\u00fck.&#8221;<\/p>\n<p>Dem\u00e9ny Gabriella \u00e9vek \u00f3ta foglalkozik ezzel a nem mindennapi m\u0171v\u00e9szeti technik\u00e1val, melyet paverpolnak neveznek. Ennek l\u00e9nyege, hogy \u00fajrahasznos\u00edthat\u00f3 anyagokb\u00f3l, \u00f6ko ragaszt\u00f3b\u00f3l \u00e9s fest\u00e9kekb\u0151l 3 dimenzi\u00f3s k\u00e9pek k\u00e9sz\u00fclnek. Ennek a mestere Dem\u00e9ny Gabriella.<\/p>\n<p>-Nagyon pozit\u00edvan \u00e1llnak hozz\u00e1 \u00e9s nagyon szeretik. Alig v\u00e1rj\u00e1k az alkalmakat, hogy j\u00f6hessenek alkotni. \u00dagy zajlik, hogy megbesz\u00e9lj\u00fck a legelej\u00e9n, hogy milyen t\u00e9m\u00e1t fogunk feldolgozni \u00e9s akkor kiv\u00e1lasztjuk a hozz\u00e1 val\u00f3 alkatr\u00e9szeket id\u00e9z\u0151jelben: textileket, term\u00e9seket, gipszfejeket, gipsz arcokat  &#8211;   att\u00f3l f\u00fcgg, hogy miket dolgozunk be.<\/p>\n<p>A Sziv\u00e1rv\u00e1ny Klub 4 \u00e9ve m\u0171k\u00f6dik a r\u00e1kbetegek\u00e9rt. Olyan szem\u00e9lyeknek ny\u00fajtanak seg\u00edts\u00e9get, akik kigy\u00f3gyultak a k\u00f3rb\u00f3l vagy \u00e9ppen most n\u00e9znek fakasszemet vele.<\/p>\n<p>-Bet\u00f6m\u00f6r\u00fclt\u00fcnk ebbe a kis klubba, hogy egym\u00e1son seg\u00edts\u00fcnk, hogy mondjuk orvoshoz hova kell menni, melyik orvost kell keresni, teh\u00e1t egym\u00e1snak tan\u00e1csot adunk a klubbon bel\u00fcl. Ez a ter\u00e1pi\u00e1s kezel\u00e9s\u00fcnk, hogy k\u00e9peket k\u00e9sz\u00edt\u00fcnk, s\u0151t, mi t\u00f6bb: nem csak ilyen paverpol k\u00e9peket k\u00e9sz\u00edt\u00fcnk, hanem gy\u00f6ngy\u00f6t f\u0171z\u00fcnk, kark\u00f6t\u0151ket k\u00e9sz\u00edt\u00fcnk, f\u00fclbeval\u00f3kat, nyakl\u00e1ncokat. Egy ter\u00e1pi\u00e1s dolog.&#8221;-nyilatkozta Szatm\u00e1ri L\u00e1szl\u00f3n\u00e9, a Sziv\u00e1rv\u00e1ny Klub vezet\u0151je.<\/p>\n<p>Nem csak Szolnokr\u00f3l, hanem a k\u00f6rnyez\u0151 telep\u00fcl\u00e9sekr\u0151l pl. Besenysz\u00f6gr\u0151l \u00e9s Abonyb\u00f3l is vannak, akik r\u00e9szt vesznek a klub foglalkoz\u00e1sain. Ezeket minden h\u00f3nap els\u0151 h\u00e9tf\u0151j\u00e9n tartj\u00e1k. Itt j\u00f3kedv\u0171en \u00e9nekelnek, besz\u00e9lgetnek \u00e9s van, hogy alkotnak is: mindezt testi \u00e9s lelki eg\u00e9szs\u00e9g\u00fck meg\u0151rz\u00e9se \u00e9rdek\u00e9ben.<\/p>\n<div style=\"width: 640px;\" class=\"wp-video\"><!--[if lt IE 9]><script>document.createElement('video');<\/script><![endif]-->\n<video class=\"wp-video-shortcode\" id=\"video-9357-1\" width=\"640\" height=\"360\" preload=\"metadata\" controls=\"controls\"><source type=\"video\/mp4\" src=\"\/spots\/hir\/hir_180620_06.mp4?_=1\" \/><a href=\"\/spots\/hir\/hir_180620_06.mp4\">\/spots\/hir\/hir_180620_06.mp4<\/a><\/video><\/div>\n","protected":false},"excerpt":{"rendered":"<p>A j\u00f3 hangulatr\u00f3l k\u00f3rus \u00e9s zen\u00e9szek, valamint a Sziv\u00e1rv\u00e1ny Klub tagjai gondoskodtak ma d\u00e9lut\u00e1n a VOKE M\u0171vel\u0151d\u00e9si K\u00f6zpontban. Itt, a klubtagok \u00e1ltal k\u00e9sz\u00edtett 3 dimenzi\u00f3s, text\u00edli\u00e1kb\u00f3l k\u00e9sz\u00fclt k\u00e9peit csod\u00e1lhatj\u00e1k meg az \u00e9rdekl\u0151d\u0151k. Az egyik alkot\u00f3: Antal Erzs\u00e9bet maga is meglep\u0151d\u00f6tt, hogy mire is k\u00e9pes. -Igaz\u00e1b\u00f3l izgatott benn\u00fcnket, mert el nem tudtul k\u00e9pzelni, hogy mi egy\u00e1ltal\u00e1n [&hellip;]<\/p>\n","protected":false},"author":2,"featured_media":0,"comment_status":"closed","ping_status":"closed","sticky":false,"template":"","format":"standard","meta":[],"categories":[9],"tags":[],"_links":{"self":[{"href":"http:\/\/archiv.szolnoktv.hu\/index.php?rest_route=\/wp\/v2\/posts\/9357"}],"collection":[{"href":"http:\/\/archiv.szolnoktv.hu\/index.php?rest_route=\/wp\/v2\/posts"}],"about":[{"href":"http:\/\/archiv.szolnoktv.hu\/index.php?rest_route=\/wp\/v2\/types\/post"}],"author":[{"embeddable":true,"href":"http:\/\/archiv.szolnoktv.hu\/index.php?rest_route=\/wp\/v2\/users\/2"}],"replies":[{"embeddable":true,"href":"http:\/\/archiv.szolnoktv.hu\/index.php?rest_route=%2Fwp%2Fv2%2Fcomments&post=9357"}],"version-history":[{"count":1,"href":"http:\/\/archiv.szolnoktv.hu\/index.php?rest_route=\/wp\/v2\/posts\/9357\/revisions"}],"predecessor-version":[{"id":9458,"href":"http:\/\/archiv.szolnoktv.hu\/index.php?rest_route=\/wp\/v2\/posts\/9357\/revisions\/9458"}],"wp:attachment":[{"href":"http:\/\/archiv.szolnoktv.hu\/index.php?rest_route=%2Fwp%2Fv2%2Fmedia&parent=9357"}],"wp:term":[{"taxonomy":"category","embeddable":true,"href":"http:\/\/archiv.szolnoktv.hu\/index.php?rest_route=%2Fwp%2Fv2%2Fcategories&post=9357"},{"taxonomy":"post_tag","embeddable":true,"href":"http:\/\/archiv.szolnoktv.hu\/index.php?rest_route=%2Fwp%2Fv2%2Ftags&post=9357"}],"curies":[{"name":"wp","href":"https:\/\/api.w.org\/{rel}","templated":true}]}}