{"id":9356,"date":"2018-06-20T15:29:43","date_gmt":"2018-06-20T15:29:43","guid":{"rendered":"http:\/\/archiv.szolnoktv.hu\/?p=9356"},"modified":"2021-08-14T14:37:33","modified_gmt":"2021-08-14T14:37:33","slug":"42-kilometer-utat-ujitanak-fel-jnsz-megyeben","status":"publish","type":"post","link":"http:\/\/archiv.szolnoktv.hu\/?p=9356","title":{"rendered":"42 kilom\u00e9ter utat \u00faj\u00edtanak fel JNSZ megy\u00e9ben"},"content":{"rendered":"<div class='booster-block booster-read-block'><\/div><p>Az \u00fatalapot \u00e1ss\u00e1k a munk\u00e1sok T\u00farkeve \u00e9s Kuncsorba k\u00f6z\u00f6tt. Ma kezd\u0151d\u00f6tt meg a 4203-as \u00fat t\u00f6bb mint 3,3 kilom\u00e9teres szakasz\u00e1nak fel\u00faj\u00edt\u00e1sa. Ezen az \u00faton a kivitelez\u0151 t\u00f6bb munkafolyamatot is elv\u00e9gez, a t\u00f6bbi k\u00f6z\u00f6tt a kop\u00f3r\u00e9teget felmarj\u00e1k, a s\u00fcllyed\u00e9sekn\u00e9l a teljes p\u00e1lyaszerkezetet kicser\u00e9lik majd, a szintk\u00fcl\u00f6nbs\u00e9geket kiegyenl\u00edt\u0151 aszfaltr\u00e9teggel t\u00f6ltik fel, v\u00e9g\u00fcl \u00faj kop\u00f3r\u00e9teget ter\u00edtenek, amelyre \u00faj burkolati jelek is ker\u00fclnek. A beruh\u00e1z\u00e1s sor\u00e1n a KRESZ t\u00e1bl\u00e1kat is kicser\u00e9lik, illetve p\u00f3tolj\u00e1k. A beruh\u00e1z\u00e1s idej\u00e9n v\u00e1rhat\u00f3an 60 napig tart majd \u00e9s ez id\u0151 alatt t\u00f6bb helyen is forgalom-, valamint sebess\u00e9gkorl\u00e1toz\u00e1sokra kell sz\u00e1m\u00edtani.<\/p>\n<p>Ez pedig m\u00e1r 4202-es \u00fat T\u00farkeve \u00e9s Mez\u0151t\u00far k\u00f6z\u00f6tti szakasza. Itt a padk\u00e1t sz\u00e9les\u00edtik, illetve a nagyobb \u00fathib\u00e1kat jav\u00edtj\u00e1k a munk\u00e1sok. Az \u00fattest profilmar\u00e1s\u00e1val m\u00e1r v\u00e9geztek, de t\u00f6bb helyen kell m\u00e9g a szintk\u00fcl\u00f6nbs\u00e9geket \u00e9s a s\u00fcllyed\u00e9seket el\u0151k\u00e9sz\u00edteni, hogy \u00faj kop\u00f3r\u00e9teg ker\u00fclhessen r\u00e1. Ennek az \u00fatnak mintegy 12,5 kilom\u00e9teres szakasza \u00fajul meg eg\u00e9szen Kis\u00fajsz\u00e1ll\u00e1sig az elk\u00f6vetkez\u0151 135 napban. A kivitelez\u00e9s idej\u00e9n itt is forgalomkorl\u00e1toz\u00e1sokra, pl. f\u00e9lp\u00e1ly\u00e1s \u00fatlez\u00e1r\u00e1sokra kell sz\u00e1m\u00edtani. Ezekkel a fel\u00faj\u00edt\u00e1sokkal egyid\u0151ben, ugyancsak ma kezd\u0151d\u00f6tt el az \u00d6cs\u00f6d \u00e9s Martf\u0171 k\u00f6z\u00f6tti 4627-es korszer\u0171s\u00edt\u00e9se is, itt is korl\u00e1toz\u00e1sokra, \u00e9s hosszabb menetid\u0151re kell 60 napig sz\u00e1m\u00edtani. <\/p>\n<p>A beruh\u00e1z\u00e1sokt\u00f3l a Magyar K\u00f6z\u00fat Nonprofit Zrt. azt rem\u00e9li, hogy n\u0151 a forgalombiztons\u00e1g, valamint jelent\u0151s cs\u00f6kken\u00e9sek v\u00e1rhat\u00f3k az utaz\u00e1si id\u0151ben is. Emellett pedig biztos\u00edtj\u00e1k a t\u00e9rs\u00e9gi k\u00f6zpontok, \u00f3vod\u00e1k, iskol\u00e1k \u00e9s munkahelyek biztons\u00e1gosabb megk\u00f6zel\u00edt\u00e9s\u00e9t is. Az \u00e9v v\u00e9g\u00e9ig a Ter\u00fclet- \u00e9s Telep\u00fcl\u00e9sfejleszt\u00e9si Operat\u00edv Programban mintegy 3,5 milli\u00e1rd eur\u00f3 EU-s t\u00e1mogat\u00e1sb\u00f3l Magyarorsz\u00e1gon 517 kilom\u00e9ter 4 \u00e9s 5 sz\u00e1mjegy\u0171 \u00fat teljesk\u00f6r\u0171 fel\u00faj\u00edt\u00e1sa val\u00f3sul meg. Ezekb\u0151l a forr\u00e1sokb\u00f3l JNSZ megy\u00e9ben k\u00f6zel 42 kilom\u00e9ter \u00fat lesz korszer\u0171s\u00edtve.<br \/>\n<br \/>\n<div style=\"width: 640px;\" class=\"wp-video\"><!--[if lt IE 9]><script>document.createElement('video');<\/script><![endif]-->\n<video class=\"wp-video-shortcode\" id=\"video-9356-1\" width=\"640\" height=\"360\" preload=\"metadata\" controls=\"controls\"><source type=\"video\/mp4\" src=\"\/spots\/hir\/hir_180620_05.mp4?_=1\" \/><a href=\"\/spots\/hir\/hir_180620_05.mp4\">\/spots\/hir\/hir_180620_05.mp4<\/a><\/video><\/div><\/p>\n","protected":false},"excerpt":{"rendered":"<p>Az \u00fatalapot \u00e1ss\u00e1k a munk\u00e1sok T\u00farkeve \u00e9s Kuncsorba k\u00f6z\u00f6tt. Ma kezd\u0151d\u00f6tt meg a 4203-as \u00fat t\u00f6bb mint 3,3 kilom\u00e9teres szakasz\u00e1nak fel\u00faj\u00edt\u00e1sa. Ezen az \u00faton a kivitelez\u0151 t\u00f6bb munkafolyamatot is elv\u00e9gez, a t\u00f6bbi k\u00f6z\u00f6tt a kop\u00f3r\u00e9teget felmarj\u00e1k, a s\u00fcllyed\u00e9sekn\u00e9l a teljes p\u00e1lyaszerkezetet kicser\u00e9lik majd, a szintk\u00fcl\u00f6nbs\u00e9geket kiegyenl\u00edt\u0151 aszfaltr\u00e9teggel t\u00f6ltik fel, v\u00e9g\u00fcl \u00faj kop\u00f3r\u00e9teget ter\u00edtenek, amelyre \u00faj [&hellip;]<\/p>\n","protected":false},"author":2,"featured_media":0,"comment_status":"closed","ping_status":"closed","sticky":false,"template":"","format":"standard","meta":[],"categories":[9],"tags":[],"_links":{"self":[{"href":"http:\/\/archiv.szolnoktv.hu\/index.php?rest_route=\/wp\/v2\/posts\/9356"}],"collection":[{"href":"http:\/\/archiv.szolnoktv.hu\/index.php?rest_route=\/wp\/v2\/posts"}],"about":[{"href":"http:\/\/archiv.szolnoktv.hu\/index.php?rest_route=\/wp\/v2\/types\/post"}],"author":[{"embeddable":true,"href":"http:\/\/archiv.szolnoktv.hu\/index.php?rest_route=\/wp\/v2\/users\/2"}],"replies":[{"embeddable":true,"href":"http:\/\/archiv.szolnoktv.hu\/index.php?rest_route=%2Fwp%2Fv2%2Fcomments&post=9356"}],"version-history":[{"count":1,"href":"http:\/\/archiv.szolnoktv.hu\/index.php?rest_route=\/wp\/v2\/posts\/9356\/revisions"}],"predecessor-version":[{"id":9459,"href":"http:\/\/archiv.szolnoktv.hu\/index.php?rest_route=\/wp\/v2\/posts\/9356\/revisions\/9459"}],"wp:attachment":[{"href":"http:\/\/archiv.szolnoktv.hu\/index.php?rest_route=%2Fwp%2Fv2%2Fmedia&parent=9356"}],"wp:term":[{"taxonomy":"category","embeddable":true,"href":"http:\/\/archiv.szolnoktv.hu\/index.php?rest_route=%2Fwp%2Fv2%2Fcategories&post=9356"},{"taxonomy":"post_tag","embeddable":true,"href":"http:\/\/archiv.szolnoktv.hu\/index.php?rest_route=%2Fwp%2Fv2%2Ftags&post=9356"}],"curies":[{"name":"wp","href":"https:\/\/api.w.org\/{rel}","templated":true}]}}