{"id":9354,"date":"2018-06-20T14:47:25","date_gmt":"2018-06-20T14:47:25","guid":{"rendered":"http:\/\/archiv.szolnoktv.hu\/?p=9354"},"modified":"2021-08-14T14:37:34","modified_gmt":"2021-08-14T14:37:34","slug":"bemutattak-az-in-memoriam-7-kotetet","status":"publish","type":"post","link":"http:\/\/archiv.szolnoktv.hu\/?p=9354","title":{"rendered":"Bemutatt\u00e1k az In memoriam 7. k\u00f6tet\u00e9t"},"content":{"rendered":"<div class='booster-block booster-read-block'><\/div><p>-Aki el\u0151sz\u00f6r, ford\u00edtotta magyarra a francia Himnuszt.&#8221;,  -A magyar nyelvvel foglalkozott.&#8221;, -K\u00f6ze volt a Martinovics-mozgalomhoz.&#8221;- ezek a mondatok jutnak esz\u00e9be a legt\u00f6bb embernek Verseghy Ferencr\u0151l. Az In memeoriam k\u00f6tetsorozat, a megl\u00e9v\u0151 ismereteket eg\u00e9sz\u00edti ki, melynek utols\u00f3 r\u00e9sze 15 \u00e9vvel ezel\u0151tt jelent meg. Az \u00faj r\u00e9sz eddig nem ismert von\u00e1sokkal eg\u00e9sz\u00edti ki az \u00edr\u00f3 \u00e9s tud\u00f3s jellemrajz\u00e1t. <\/p>\n<p>-Ez tulajdonk\u00e9ppen egy k\u00f6nyvsorozatnak a 7. darabja. Itt Szolnokon nagyon \u00e9l\u00e9nk \u00e9s nagyon hossz\u00fa m\u00faltra tekint vissza Verseghy kultusza. 6 el\u0151z\u0151 tanulm\u00e1nyk\u00f6tet jelent meg eddig Verseghyr\u0151l az 1970-es \u00e9vekt\u0151l elkezdve, az utols\u00f3 \u00e9ppen 15 \u00e9vvel ezel\u0151tt jelent meg. Ehhez csatalakozott a mi kiadv\u00e1nyunk. Meg\u00fajult r\u00e9sztvev\u0151kkel, tartalommal \u00e9s k\u00fcls\u0151vel is.&#8221;- mondta Doncsecz Etelka a Magyar Tudom\u00e1nyos Akad\u00e9mia Munkat\u00e1rsa.<\/p>\n<p>A k\u00f6nyv Verseghy Ferenc sz\u00fclet\u00e9s\u00e9nek 260. \u00e9vfordul\u00f3ja alkalm\u00e1b\u00f3l meghirdetett eml\u00e9k\u00e9v v\u00e1rosi z\u00e1r\u00f3 konferenci\u00e1j\u00e1nak anyag\u00e1t szeml\u00e9lteti. A k\u00f6tetben zene t\u00f6rt\u00e9n\u00e9szek, nyelv\u00e9szek \u00e9s irodalm\u00e1rok is megsz\u00f3lalnak. Az olvas\u00f3 az \u00e9letp\u00e1ly\u00e1t meghat\u00e1roz\u00f3 bar\u00e1tokat, kort\u00e1rsakat \u00e9s patr\u00f3nusokat ismerhet meg t\u00f6bb mint 200 oldalon kereszt\u00fcl.<\/p>\n<p>-Rengeteg \u00fajat lehet r\u00f3la mondani. A 18-19. sz\u00e1zad fordul\u00f3j\u00e1nak egyik legizgalmasabb figur\u00e1ja Verseghy Ferenc. Maga az \u00e9letm\u0171 is nagyon hatalmas. Amelynek j\u00f3 nagy szelete m\u00e9g nem is publik\u00e1lt. Teh\u00e1t ezek most fognak megjelenni mint a levelez\u00e9sek, sz\u00e9ppr\u00f3zai munk\u00e1k, illetve a versek is. Illetve folyamatosan fejl\u0151dik a kutat\u00e1s Rengeteg \u00fajdons\u00e1g van a 18. sz\u00e1zad kutat\u00e1sa kapcs\u00e1n.&#8221;- tette hozz\u00e1 Doncsecz Etelka.<\/p>\n<p>Az In memoriam 7. r\u00e9sze a k\u00f6nyvt\u00e1r polcain, illetve az int\u00e9zm\u00e9ny internetes t\u00e1r\u00e1ban digit\u00e1lis form\u00e1ban v\u00e1rja az olvas\u00f3kat. <\/p>\n<div style=\"width: 640px;\" class=\"wp-video\"><!--[if lt IE 9]><script>document.createElement('video');<\/script><![endif]-->\n<video class=\"wp-video-shortcode\" id=\"video-9354-1\" width=\"640\" height=\"360\" preload=\"metadata\" controls=\"controls\"><source type=\"video\/mp4\" src=\"\/spots\/hir\/hir_180620_04.mp4?_=1\" \/><a href=\"\/spots\/hir\/hir_180620_04.mp4\">\/spots\/hir\/hir_180620_04.mp4<\/a><\/video><\/div>\n","protected":false},"excerpt":{"rendered":"<p>-Aki el\u0151sz\u00f6r, ford\u00edtotta magyarra a francia Himnuszt.&#8221;, -A magyar nyelvvel foglalkozott.&#8221;, -K\u00f6ze volt a Martinovics-mozgalomhoz.&#8221;- ezek a mondatok jutnak esz\u00e9be a legt\u00f6bb embernek Verseghy Ferencr\u0151l. Az In memeoriam k\u00f6tetsorozat, a megl\u00e9v\u0151 ismereteket eg\u00e9sz\u00edti ki, melynek utols\u00f3 r\u00e9sze 15 \u00e9vvel ezel\u0151tt jelent meg. Az \u00faj r\u00e9sz eddig nem ismert von\u00e1sokkal eg\u00e9sz\u00edti ki az \u00edr\u00f3 \u00e9s tud\u00f3s [&hellip;]<\/p>\n","protected":false},"author":2,"featured_media":0,"comment_status":"closed","ping_status":"closed","sticky":false,"template":"","format":"standard","meta":[],"categories":[9],"tags":[],"_links":{"self":[{"href":"http:\/\/archiv.szolnoktv.hu\/index.php?rest_route=\/wp\/v2\/posts\/9354"}],"collection":[{"href":"http:\/\/archiv.szolnoktv.hu\/index.php?rest_route=\/wp\/v2\/posts"}],"about":[{"href":"http:\/\/archiv.szolnoktv.hu\/index.php?rest_route=\/wp\/v2\/types\/post"}],"author":[{"embeddable":true,"href":"http:\/\/archiv.szolnoktv.hu\/index.php?rest_route=\/wp\/v2\/users\/2"}],"replies":[{"embeddable":true,"href":"http:\/\/archiv.szolnoktv.hu\/index.php?rest_route=%2Fwp%2Fv2%2Fcomments&post=9354"}],"version-history":[{"count":1,"href":"http:\/\/archiv.szolnoktv.hu\/index.php?rest_route=\/wp\/v2\/posts\/9354\/revisions"}],"predecessor-version":[{"id":9461,"href":"http:\/\/archiv.szolnoktv.hu\/index.php?rest_route=\/wp\/v2\/posts\/9354\/revisions\/9461"}],"wp:attachment":[{"href":"http:\/\/archiv.szolnoktv.hu\/index.php?rest_route=%2Fwp%2Fv2%2Fmedia&parent=9354"}],"wp:term":[{"taxonomy":"category","embeddable":true,"href":"http:\/\/archiv.szolnoktv.hu\/index.php?rest_route=%2Fwp%2Fv2%2Fcategories&post=9354"},{"taxonomy":"post_tag","embeddable":true,"href":"http:\/\/archiv.szolnoktv.hu\/index.php?rest_route=%2Fwp%2Fv2%2Ftags&post=9354"}],"curies":[{"name":"wp","href":"https:\/\/api.w.org\/{rel}","templated":true}]}}