{"id":9353,"date":"2018-06-20T14:25:17","date_gmt":"2018-06-20T14:25:17","guid":{"rendered":"http:\/\/archiv.szolnoktv.hu\/?p=9353"},"modified":"2021-08-14T14:37:34","modified_gmt":"2021-08-14T14:37:34","slug":"fure-szallast-gyakoroltak-a-szandai-bazison","status":"publish","type":"post","link":"http:\/\/archiv.szolnoktv.hu\/?p=9353","title":{"rendered":"F\u0171re sz\u00e1ll\u00e1st gyakoroltak a szandai b\u00e1zison"},"content":{"rendered":"<div class='booster-block booster-read-block'><\/div><p>Nem sokkal 18 \u00f3ra el\u0151tt jelent meg Szandasz\u0151l\u0151s f\u00f6l\u00f6tt a P\u00e1p\u00e1r\u00f3l felsz\u00e1llt sz\u00e1ll\u00edt\u00f3rep\u00fcl\u0151 k\u00f6tel\u00e9k (3006). Az ETAP T18 n\u00e9vre keresztelt nemzetk\u00f6zi gyakorlat j\u00fanius 10.- t\u0151l 22- ig tart.<\/p>\n<p>&#8220;Maga ez a sz\u00e1ll\u00edt\u00f3 rep\u00fcl\u0151 gyakorlat eg\u00e9sz Magyarorsz\u00e1gnak a l\u00e9gter\u00e9t \u00e9rinti, teh\u00e1t nagyon- nagy munka \u00e9s nagyon- nagy koordin\u00e1ci\u00f3 van m\u00f6g\u00f6tte.&#8221;- tudtuk meg Dar\u00f3czi Endre rep\u00fcl\u0151m\u0171veleti f\u0151n\u00f6kt\u0151l<\/p>\n<p>A k\u00e9t kilom\u00e9ter hossz\u00fa hivatalos szolnoki beton lesz\u00e1ll\u00f3p\u00e1lya helyett a g\u00e9pek a k\u00e9nyszerlesz\u00e1ll\u00f3 mez\u0151t vett\u00e9k c\u00e9lba. A f\u0171re sz\u00e1ll\u00e1s nem kis kock\u00e1zattal j\u00e1r\u00f3 feladat.<\/p>\n<p> &#8220;Az\u00e9rt illeszkedik a mi kik\u00e9pz\u00e9si rendszer\u00fcnkbe, mert rengeteg hasonl\u00f3 elj\u00e1r\u00e1st alkalmazunk mind a helikopteres, mind pedig a merev sz\u00e1rny\u00fa- teh\u00e1t a rep\u00fcl\u0151g\u00e9pes k\u00f6z\u00f6ss\u00e9gen bel\u00fcl. Ez a gyakorlat is alkalmat teremt arra, hogy kicser\u00e9lj\u00fck a tapasztalatainkat, megvizsg\u00e1ljuk egym\u00e1snak a m\u00f3dszereit \u00e9s ezeket be\u00e9p\u00edts\u00fck a mindennapi kik\u00e9pz\u00e9sbe.&#8221;<\/p>\n<p>A programban nyolc nemzet katon\u00e1i vettek r\u00e9szt kilenc rep\u00fcl\u0151g\u00e9ppel. A szolnoki m\u0171velet sor\u00e1n az ejt\u0151erny\u0151s bevet\u00e9st, a le- \u00e9s f\u00f6lsz\u00e1ll\u00e1st, valamint konfliktushelyzetet szimul\u00e1lva civilek ment\u00e9s\u00e9t gyakorolt\u00e1k&#8230; ez\u00fattal nem a NATO-, hanem az eur\u00f3pai t\u00e1rsszervek \u00e9s alakulatok egy\u00fcttm\u0171k\u00f6d\u00e9si k\u00e9pess\u00e9g\u00e9t tesztelve. <\/p>\n<div style=\"width: 640px;\" class=\"wp-video\"><!--[if lt IE 9]><script>document.createElement('video');<\/script><![endif]-->\n<video class=\"wp-video-shortcode\" id=\"video-9353-1\" width=\"640\" height=\"360\" preload=\"metadata\" controls=\"controls\"><source type=\"video\/mp4\" src=\"\/spots\/hir\/hir_180620_02.mp4?_=1\" \/><a href=\"\/spots\/hir\/hir_180620_02.mp4\">\/spots\/hir\/hir_180620_02.mp4<\/a><\/video><\/div>\n","protected":false},"excerpt":{"rendered":"<p>Nem sokkal 18 \u00f3ra el\u0151tt jelent meg Szandasz\u0151l\u0151s f\u00f6l\u00f6tt a P\u00e1p\u00e1r\u00f3l felsz\u00e1llt sz\u00e1ll\u00edt\u00f3rep\u00fcl\u0151 k\u00f6tel\u00e9k (3006). Az ETAP T18 n\u00e9vre keresztelt nemzetk\u00f6zi gyakorlat j\u00fanius 10.- t\u0151l 22- ig tart. &#8220;Maga ez a sz\u00e1ll\u00edt\u00f3 rep\u00fcl\u0151 gyakorlat eg\u00e9sz Magyarorsz\u00e1gnak a l\u00e9gter\u00e9t \u00e9rinti, teh\u00e1t nagyon- nagy munka \u00e9s nagyon- nagy koordin\u00e1ci\u00f3 van m\u00f6g\u00f6tte.&#8221;- tudtuk meg Dar\u00f3czi Endre rep\u00fcl\u0151m\u0171veleti f\u0151n\u00f6kt\u0151l [&hellip;]<\/p>\n","protected":false},"author":2,"featured_media":0,"comment_status":"closed","ping_status":"closed","sticky":false,"template":"","format":"standard","meta":[],"categories":[9],"tags":[],"_links":{"self":[{"href":"http:\/\/archiv.szolnoktv.hu\/index.php?rest_route=\/wp\/v2\/posts\/9353"}],"collection":[{"href":"http:\/\/archiv.szolnoktv.hu\/index.php?rest_route=\/wp\/v2\/posts"}],"about":[{"href":"http:\/\/archiv.szolnoktv.hu\/index.php?rest_route=\/wp\/v2\/types\/post"}],"author":[{"embeddable":true,"href":"http:\/\/archiv.szolnoktv.hu\/index.php?rest_route=\/wp\/v2\/users\/2"}],"replies":[{"embeddable":true,"href":"http:\/\/archiv.szolnoktv.hu\/index.php?rest_route=%2Fwp%2Fv2%2Fcomments&post=9353"}],"version-history":[{"count":1,"href":"http:\/\/archiv.szolnoktv.hu\/index.php?rest_route=\/wp\/v2\/posts\/9353\/revisions"}],"predecessor-version":[{"id":9462,"href":"http:\/\/archiv.szolnoktv.hu\/index.php?rest_route=\/wp\/v2\/posts\/9353\/revisions\/9462"}],"wp:attachment":[{"href":"http:\/\/archiv.szolnoktv.hu\/index.php?rest_route=%2Fwp%2Fv2%2Fmedia&parent=9353"}],"wp:term":[{"taxonomy":"category","embeddable":true,"href":"http:\/\/archiv.szolnoktv.hu\/index.php?rest_route=%2Fwp%2Fv2%2Fcategories&post=9353"},{"taxonomy":"post_tag","embeddable":true,"href":"http:\/\/archiv.szolnoktv.hu\/index.php?rest_route=%2Fwp%2Fv2%2Ftags&post=9353"}],"curies":[{"name":"wp","href":"https:\/\/api.w.org\/{rel}","templated":true}]}}