{"id":9352,"date":"2018-06-20T14:22:41","date_gmt":"2018-06-20T14:22:41","guid":{"rendered":"http:\/\/archiv.szolnoktv.hu\/?p=9352"},"modified":"2021-08-14T14:37:35","modified_gmt":"2021-08-14T14:37:35","slug":"a-biztonsagos-szorakozasert-kampanyoltak-a-diakok","status":"publish","type":"post","link":"http:\/\/archiv.szolnoktv.hu\/?p=9352","title":{"rendered":"A biztons\u00e1gos sz\u00f3rakoz\u00e1s\u00e9rt  &#8211;   kamp\u00e1nyoltak a di\u00e1kok"},"content":{"rendered":"<div class='booster-block booster-read-block'><\/div><p>\u00datmutat\u00f3 a biztons\u00e1gos sz\u00f3rakoz\u00e1shoz  &#8211;   a kiadv\u00e1nyban rengeteg j\u00f3tan\u00e1csot olvashatunk, hogyan el\u0151zz\u00fck meg vagy ha m\u00e1r bek\u00f6vetkezett mit tegy\u00fcnk a bajban. Hogy ne t\u00f6rt\u00e9njen t\u00f6bb disco-baleset  &#8211;   err\u0151l is k\u00e9sz\u00fclt egy sz\u00f3r\u00f3lap, az akci\u00f3 c\u00e9lja az \u00e9rtelmetlen hal\u00e1lesetek megel\u0151z\u00e9se.<\/p>\n<p>-Az \u00e1ltal\u00e1nos iskola 8. oszt\u00e1lyt\u00f3l, a gimnazist\u00e1kon \u00e1t az egyetemist\u00e1kig. B\u00e1rki, aki sz\u00f3rakozik, de nem csak a fiataloknak sz\u00f3l, de legink\u00e1bb nekik. Mivel a feln\u0151ttek val\u00f3sz\u00edn\u0171leg felel\u0151s\u00e9gteljesebben sz\u00f3rakoznak, mint a fiatalok, \u00edgy nek\u00fcnk sz\u00f3l ez, hogy vigy\u00e1zzunk egym\u00e1sra.&#8221;  &#8211;   mondta Kosztyu Andr\u00e1s eln\u00f6k, V\u00e1rosi Di\u00e1kTan\u00e1cs.<\/p>\n<p>Legut\u00f3bb egy t\u00e9li hal\u00e1leset r\u00e1zta meg a di\u00e1ks\u00e1got, mikor a mentetlenn\u00e9l t\u0171nt el majd vesztette \u00e9let\u00e9t egy fiatal. A di\u00e1kok a hasonl\u00f3 este megel\u0151z\u00e9se \u00e9rdek\u00e9ben egy -Senkit ne hagyj h\u00e1tra!&#8221; felirat\u00fa kark\u00f6t\u0151t k\u00e9sz\u00edtettek \u00e9s osztanak sz\u00e9t a forgatagban.<\/p>\n<p>-Annak kapcs\u00e1n ind\u00edtotta a v\u00e1ros a prevenci\u00f3s programot \u00e9s ennek ez az egyik szlogenje \u00e9s ez az egyik jelk\u00e9pe, hogy a fiatalokat eml\u00e9keztess\u00fck arra, hogy, amikor elmennek sz\u00f3rakozni, akkor ne hagyjuk h\u00e1tra bar\u00e1tainkat mert \u0151k is sz\u00e1m\u00edtanak r\u00e1nk \u00e9s ezzel megel\u0151zhetj\u00fck az ilyen incidenseket.&#8221;- mondta Ol\u00e1h Csenge di\u00e1kpolg\u00e1rmester.<\/p>\n<p>A kamp\u00e1nyhoz csatlakozott a Hum\u00e1n Szolg\u00e1ltat\u00f3 K\u00f6zpont drogkonzult\u00e1ci\u00f3s \u00e9s inform\u00e1ci\u00f3s k\u00f6zpontja is. \u00d5k a szerhaszn\u00e1l\u00f3kkal foglalkoznak, de rendk\u00edv\u00fcl fontos sz\u00e1mukra a megel\u0151z\u00e9s is.<\/p>\n<p>-A rend\u0151rs\u00e9ggel, az \u00f6nkorm\u00e1nyzattal, a KEF tagjak\u00e9nt m\u00e1r \u00e9vek \u00f3ta ez a munk\u00e1nk egyik kiemelked\u0151 r\u00e9sze. Elhoztuk a sz\u00f3r\u00f3anyagainkat, mi is r\u00e9szt vett\u00fck az \u00fatmutat\u00f3 t\u00f6bb p\u00e9ld\u00e1ny\u00e1nak elk\u00e9sz\u00edt\u00e9s\u00e9ben.&#8221;  &#8211;   mondta Guly\u00e1s \u00c9va addiktol\u00f3giai konzult\u00e1ns, HSZK.<\/p>\n<p>A kark\u00f6t\u0151k \u00e9s a k\u00fcl\u00f6nb\u00f6z\u0151 sz\u00f3r\u00f3anyagok megtal\u00e1lhat\u00f3ak a Tisza haj\u00f3sok ter\u00e9n, ahol egy \u00f6n\u00e1ll\u00f3 standon hirdetik a biztons\u00e1gos \u00e9s szermentes sz\u00f3rakoz\u00e1st<br \/>\n<br \/>\n<div style=\"width: 640px;\" class=\"wp-video\"><!--[if lt IE 9]><script>document.createElement('video');<\/script><![endif]-->\n<video class=\"wp-video-shortcode\" id=\"video-9352-1\" width=\"640\" height=\"360\" preload=\"metadata\" controls=\"controls\"><source type=\"video\/mp4\" src=\"\/spots\/hir\/hir_180620_01.mp4?_=1\" \/><a href=\"\/spots\/hir\/hir_180620_01.mp4\">\/spots\/hir\/hir_180620_01.mp4<\/a><\/video><\/div><\/p>\n","protected":false},"excerpt":{"rendered":"<p>\u00datmutat\u00f3 a biztons\u00e1gos sz\u00f3rakoz\u00e1shoz &#8211; a kiadv\u00e1nyban rengeteg j\u00f3tan\u00e1csot olvashatunk, hogyan el\u0151zz\u00fck meg vagy ha m\u00e1r bek\u00f6vetkezett mit tegy\u00fcnk a bajban. Hogy ne t\u00f6rt\u00e9njen t\u00f6bb disco-baleset &#8211; err\u0151l is k\u00e9sz\u00fclt egy sz\u00f3r\u00f3lap, az akci\u00f3 c\u00e9lja az \u00e9rtelmetlen hal\u00e1lesetek megel\u0151z\u00e9se. -Az \u00e1ltal\u00e1nos iskola 8. oszt\u00e1lyt\u00f3l, a gimnazist\u00e1kon \u00e1t az egyetemist\u00e1kig. B\u00e1rki, aki sz\u00f3rakozik, de nem csak [&hellip;]<\/p>\n","protected":false},"author":2,"featured_media":0,"comment_status":"closed","ping_status":"closed","sticky":false,"template":"","format":"standard","meta":[],"categories":[9],"tags":[],"_links":{"self":[{"href":"http:\/\/archiv.szolnoktv.hu\/index.php?rest_route=\/wp\/v2\/posts\/9352"}],"collection":[{"href":"http:\/\/archiv.szolnoktv.hu\/index.php?rest_route=\/wp\/v2\/posts"}],"about":[{"href":"http:\/\/archiv.szolnoktv.hu\/index.php?rest_route=\/wp\/v2\/types\/post"}],"author":[{"embeddable":true,"href":"http:\/\/archiv.szolnoktv.hu\/index.php?rest_route=\/wp\/v2\/users\/2"}],"replies":[{"embeddable":true,"href":"http:\/\/archiv.szolnoktv.hu\/index.php?rest_route=%2Fwp%2Fv2%2Fcomments&post=9352"}],"version-history":[{"count":1,"href":"http:\/\/archiv.szolnoktv.hu\/index.php?rest_route=\/wp\/v2\/posts\/9352\/revisions"}],"predecessor-version":[{"id":9463,"href":"http:\/\/archiv.szolnoktv.hu\/index.php?rest_route=\/wp\/v2\/posts\/9352\/revisions\/9463"}],"wp:attachment":[{"href":"http:\/\/archiv.szolnoktv.hu\/index.php?rest_route=%2Fwp%2Fv2%2Fmedia&parent=9352"}],"wp:term":[{"taxonomy":"category","embeddable":true,"href":"http:\/\/archiv.szolnoktv.hu\/index.php?rest_route=%2Fwp%2Fv2%2Fcategories&post=9352"},{"taxonomy":"post_tag","embeddable":true,"href":"http:\/\/archiv.szolnoktv.hu\/index.php?rest_route=%2Fwp%2Fv2%2Ftags&post=9352"}],"curies":[{"name":"wp","href":"https:\/\/api.w.org\/{rel}","templated":true}]}}