{"id":9351,"date":"2018-06-19T15:52:56","date_gmt":"2018-06-19T15:52:56","guid":{"rendered":"http:\/\/archiv.szolnoktv.hu\/?p=9351"},"modified":"2021-08-14T14:37:35","modified_gmt":"2021-08-14T14:37:35","slug":"alapito-tagot-koszontott-a-baross-gabor-nyugdijas-klub","status":"publish","type":"post","link":"http:\/\/archiv.szolnoktv.hu\/?p=9351","title":{"rendered":"Alap\u00edt\u00f3 tagot k\u00f6sz\u00f6nt\u00f6tt a Baross G\u00e1bor Nyugd\u00edjas Klub"},"content":{"rendered":"<div class='booster-block booster-read-block'><\/div><p>&#8216;<\/p>\n<p>-A legfontosabb, hogy az ember eg\u00e9szs\u00e9ge meglegyen. Szeretn\u00e9m \u00e1tadni polg\u00e1rmester \u00far j\u00f3 k\u00edv\u00e1ns\u00e1gait is. Hasonl\u00f3an \u0151 is sok \u00f6r\u00f6m\u00f6t \u00e9s boldogs\u00e1got k\u00edv\u00e1n.&#8221;<\/p>\n<p>Ezekkel a szavakkal k\u00f6sz\u00f6nt\u00f6tte 90. sz\u00fclet\u00e9snapja alkalm\u00e1b\u00f3l a v\u00e1ros nev\u00e9ben Szab\u00f3 Istv\u00e1n alpolg\u00e1rmester Balla Gyul\u00e1n\u00e9t a Baross G\u00e1bor Nyugd\u00edjas Klub oszlopos tagj\u00e1t. Margit n\u00e9ni 23 \u00e9ve tagja a k\u00f6rnek, melynek alap\u00edt\u00e1s\u00e1ban fontos szerepet v\u00e1llalt. A tagokkal a mindennapokban is seg\u00edtik egym\u00e1st. <\/p>\n<p>-Nagyon szerettem ide j\u00e1rni, sajnos m\u00e1r nagyon ritk\u00e1n j\u00e1rok. 90 \u00e9v nagyon sok id\u0151, elf\u00e1radok, nagyon nehezen tudok mozogni. De nagyon sok sz\u00e9p eml\u00e9k, kir\u00e1ndul\u00e1s, bulik&#038;#8230<br \/><\/p>\n","protected":false},"excerpt":{"rendered":"<p>&#8216; -A legfontosabb, hogy az ember eg\u00e9szs\u00e9ge meglegyen. Szeretn\u00e9m \u00e1tadni polg\u00e1rmester \u00far j\u00f3 k\u00edv\u00e1ns\u00e1gait is. Hasonl\u00f3an \u0151 is sok \u00f6r\u00f6m\u00f6t \u00e9s boldogs\u00e1got k\u00edv\u00e1n.&#8221; Ezekkel a szavakkal k\u00f6sz\u00f6nt\u00f6tte 90. sz\u00fclet\u00e9snapja alkalm\u00e1b\u00f3l a v\u00e1ros nev\u00e9ben Szab\u00f3 Istv\u00e1n alpolg\u00e1rmester Balla Gyul\u00e1n\u00e9t a Baross G\u00e1bor Nyugd\u00edjas Klub oszlopos tagj\u00e1t. Margit n\u00e9ni 23 \u00e9ve tagja a k\u00f6rnek, melynek alap\u00edt\u00e1s\u00e1ban fontos [&hellip;]<\/p>\n","protected":false},"author":2,"featured_media":0,"comment_status":"closed","ping_status":"closed","sticky":false,"template":"","format":"standard","meta":[],"categories":[9],"tags":[],"_links":{"self":[{"href":"http:\/\/archiv.szolnoktv.hu\/index.php?rest_route=\/wp\/v2\/posts\/9351"}],"collection":[{"href":"http:\/\/archiv.szolnoktv.hu\/index.php?rest_route=\/wp\/v2\/posts"}],"about":[{"href":"http:\/\/archiv.szolnoktv.hu\/index.php?rest_route=\/wp\/v2\/types\/post"}],"author":[{"embeddable":true,"href":"http:\/\/archiv.szolnoktv.hu\/index.php?rest_route=\/wp\/v2\/users\/2"}],"replies":[{"embeddable":true,"href":"http:\/\/archiv.szolnoktv.hu\/index.php?rest_route=%2Fwp%2Fv2%2Fcomments&post=9351"}],"version-history":[{"count":1,"href":"http:\/\/archiv.szolnoktv.hu\/index.php?rest_route=\/wp\/v2\/posts\/9351\/revisions"}],"predecessor-version":[{"id":9464,"href":"http:\/\/archiv.szolnoktv.hu\/index.php?rest_route=\/wp\/v2\/posts\/9351\/revisions\/9464"}],"wp:attachment":[{"href":"http:\/\/archiv.szolnoktv.hu\/index.php?rest_route=%2Fwp%2Fv2%2Fmedia&parent=9351"}],"wp:term":[{"taxonomy":"category","embeddable":true,"href":"http:\/\/archiv.szolnoktv.hu\/index.php?rest_route=%2Fwp%2Fv2%2Fcategories&post=9351"},{"taxonomy":"post_tag","embeddable":true,"href":"http:\/\/archiv.szolnoktv.hu\/index.php?rest_route=%2Fwp%2Fv2%2Ftags&post=9351"}],"curies":[{"name":"wp","href":"https:\/\/api.w.org\/{rel}","templated":true}]}}