{"id":9350,"date":"2018-06-19T15:39:25","date_gmt":"2018-06-19T15:39:25","guid":{"rendered":"http:\/\/archiv.szolnoktv.hu\/?p=9350"},"modified":"2021-08-14T14:37:35","modified_gmt":"2021-08-14T14:37:35","slug":"szuletes-unnep","status":"publish","type":"post","link":"http:\/\/archiv.szolnoktv.hu\/?p=9350","title":{"rendered":"Sz\u00fclet\u00e9s \u00fcnnep"},"content":{"rendered":"<div class='booster-block booster-read-block'><\/div><p>A sz\u00fclet\u00e9s ker\u00fclt ism\u00e9t k\u00f6z\u00e9ppontba Szolnokon. A v\u00e1rosban a Sz\u00fclet\u00e9s hete orsz\u00e1gos programsorozat ut\u00e1n els\u0151 alakalommal rendezt\u00e9k meg a Sz\u00fclet\u00e9s \u00fcnnepet, melynek keret\u00e9ben napjaink sz\u00fcl\u00e9ssel kapcsolatos k\u00e9rd\u00e9seit \u00e9s a v\u00e1rand\u00f3s n\u0151k v\u00e1laszt\u00e1si lehet\u0151s\u00e9geit mutatt\u00e1k be. <\/p>\n<p>-\u00c9vekig szerveztem Szolnokon a Sz\u00fclet\u00e9s Hete rendezv\u00e9nysorozatot \u00e9s mosat kimaradt egy kicsi id\u0151, de az egyik h\u00f6lgy, aki velem sz\u00fclte a gyermek\u00e9t nemr\u00e9g elv\u00e9gezte a d\u00fala k\u00e9pz\u0151t, \u00edgy ketten lett\u00fcnk \u00e9s \u00f6sszefogtunk \u00e9s \u00fagy gondoltuk, hogy ideje lenne visszahozni a k\u00f6ztudatba ezt a dolgot \u00e9s egy egy napos rendezv\u00e9ny keret\u00e9ben szerett\u00fcnk volna egy inform\u00e1ci\u00f3s, t\u00e1j\u00e9koztat\u00f3 nappal  visszaj\u00f6nni a k\u00f6ztudatba.&#8221;- mondta Kiss Olga d\u00fala \u00e9s sz\u00fcl\u00e9sfelk\u00e9sz\u00edt\u0151<\/p>\n<p>Az \u00fcnnep tematik\u00e1ja a d\u00fal\u00e1k sz\u00fcl\u00e9sben \u00e9s sz\u00fclet\u00e9sben bet\u00f6lt\u00f6tt szerep\u00e9re \u00e9p\u00fclt. A d\u00fala nem hoz d\u00f6nt\u00e9seket az anya helyett sem a v\u00e1rand\u00f3ss\u00e1g, sem a sz\u00fcl\u00e9s ideje alatt, de t\u00e1j\u00e9koztatja a kismam\u00e1t a lehet\u0151s\u00e9gekr\u0151l, hozz\u00e1seg\u00edtve \u0151t a felel\u0151s d\u00f6nt\u00e9s meghozatal\u00e1hoz. A d\u00fal\u00e1t\u00f3l m\u00e1r a v\u00e1rand\u00f3s\u00e1g kezdet\u00e9t\u0151l k\u00e9rhet\u0151 seg\u00edts\u00e9g, aki f\u0151leg fizikai, illetve \u00e9rzelmi t\u00e1maszt ny\u00fajt. <\/p>\n<p>-Azt mondhatom, hogy 50%-os pozit\u00edv \u00e9s 50%-os negat\u00edv visszajelz\u00e9si arany van most jelenleg. Ez mindenk\u00e9ppen jobb, mint az el\u0151z\u0151 \u00e9vekben volt. Vannak olyan sz\u00fcl\u00e9szn\u0151k, akik nagyon nyitottak mindenre \u00e9s sok mindenben tudnak seg\u00edteni az any\u00e1knak, csal\u00e1doknak \u00e9s \u00fagy l\u00e1tom, hogy ha felk\u00e9sz\u00fclnek \u00e9s elfogadj\u00e1k, hogy van itt egy protokoll, ami mindenk\u00e9ppen megt\u00f6rt\u00e9nik, akkor sokkal jobb sz\u00fcl\u00e9sek vannak, mint r\u00e9gen.&#8221;- tette hozz\u00e1 Kiss Olga.<\/p>\n<p>A rendezv\u00e9nyen a h\u00e1bor\u00edtatlan sz\u00fcl\u00e9s l\u00e9nyeg\u00e9t is megismerhett\u00e9k a l\u00e1togat\u00f3k. Melynek c\u00e9lja, hogy a kismama d\u00f6nts\u00f6n arr\u00f3l, neki mi a legjobb, \u00e9s a sz\u00fcl\u00e9szorvos ehhez biztos\u00edtson h\u00e1tteret: azaz a sz\u00fcl\u0151 n\u0151 a saj\u00e1t ig\u00e9nyei szerint vaj\u00fadhat, megv\u00e1lasztva a testhelyzeteket, ak\u00e1r s\u00e9t\u00e1lhat is, haszn\u00e1lhat olyan eszk\u00f6z\u00f6ket, melyek sz\u00e1m\u00e1ra megk\u00f6nny\u00edtik a f\u00e1jdalom kontroll\u00e1l\u00e1s\u00e1t. <\/p>\n<div style=\"width: 640px;\" class=\"wp-video\"><!--[if lt IE 9]><script>document.createElement('video');<\/script><![endif]-->\n<video class=\"wp-video-shortcode\" id=\"video-9350-1\" width=\"640\" height=\"360\" preload=\"metadata\" controls=\"controls\"><source type=\"video\/mp4\" src=\"\/spots\/hir\/hir_180619_04.mp4?_=1\" \/><a href=\"\/spots\/hir\/hir_180619_04.mp4\">\/spots\/hir\/hir_180619_04.mp4<\/a><\/video><\/div>\n","protected":false},"excerpt":{"rendered":"<p>A sz\u00fclet\u00e9s ker\u00fclt ism\u00e9t k\u00f6z\u00e9ppontba Szolnokon. A v\u00e1rosban a Sz\u00fclet\u00e9s hete orsz\u00e1gos programsorozat ut\u00e1n els\u0151 alakalommal rendezt\u00e9k meg a Sz\u00fclet\u00e9s \u00fcnnepet, melynek keret\u00e9ben napjaink sz\u00fcl\u00e9ssel kapcsolatos k\u00e9rd\u00e9seit \u00e9s a v\u00e1rand\u00f3s n\u0151k v\u00e1laszt\u00e1si lehet\u0151s\u00e9geit mutatt\u00e1k be. -\u00c9vekig szerveztem Szolnokon a Sz\u00fclet\u00e9s Hete rendezv\u00e9nysorozatot \u00e9s mosat kimaradt egy kicsi id\u0151, de az egyik h\u00f6lgy, aki velem sz\u00fclte [&hellip;]<\/p>\n","protected":false},"author":2,"featured_media":0,"comment_status":"closed","ping_status":"closed","sticky":false,"template":"","format":"standard","meta":[],"categories":[9],"tags":[],"_links":{"self":[{"href":"http:\/\/archiv.szolnoktv.hu\/index.php?rest_route=\/wp\/v2\/posts\/9350"}],"collection":[{"href":"http:\/\/archiv.szolnoktv.hu\/index.php?rest_route=\/wp\/v2\/posts"}],"about":[{"href":"http:\/\/archiv.szolnoktv.hu\/index.php?rest_route=\/wp\/v2\/types\/post"}],"author":[{"embeddable":true,"href":"http:\/\/archiv.szolnoktv.hu\/index.php?rest_route=\/wp\/v2\/users\/2"}],"replies":[{"embeddable":true,"href":"http:\/\/archiv.szolnoktv.hu\/index.php?rest_route=%2Fwp%2Fv2%2Fcomments&post=9350"}],"version-history":[{"count":1,"href":"http:\/\/archiv.szolnoktv.hu\/index.php?rest_route=\/wp\/v2\/posts\/9350\/revisions"}],"predecessor-version":[{"id":9465,"href":"http:\/\/archiv.szolnoktv.hu\/index.php?rest_route=\/wp\/v2\/posts\/9350\/revisions\/9465"}],"wp:attachment":[{"href":"http:\/\/archiv.szolnoktv.hu\/index.php?rest_route=%2Fwp%2Fv2%2Fmedia&parent=9350"}],"wp:term":[{"taxonomy":"category","embeddable":true,"href":"http:\/\/archiv.szolnoktv.hu\/index.php?rest_route=%2Fwp%2Fv2%2Fcategories&post=9350"},{"taxonomy":"post_tag","embeddable":true,"href":"http:\/\/archiv.szolnoktv.hu\/index.php?rest_route=%2Fwp%2Fv2%2Ftags&post=9350"}],"curies":[{"name":"wp","href":"https:\/\/api.w.org\/{rel}","templated":true}]}}