{"id":9349,"date":"2018-06-19T15:16:41","date_gmt":"2018-06-19T15:16:41","guid":{"rendered":"http:\/\/archiv.szolnoktv.hu\/?p=9349"},"modified":"2021-08-14T14:37:36","modified_gmt":"2021-08-14T14:37:36","slug":"potfelveteli-a-mora-ferenc-uti-bolcsibe","status":"publish","type":"post","link":"http:\/\/archiv.szolnoktv.hu\/?p=9349","title":{"rendered":"P\u00f3tfelv\u00e9teli a M\u00f3ra Ferenc \u00fati b\u00f6lcsibe"},"content":{"rendered":"<div class='booster-block booster-read-block'><\/div><p>Hirdet\u00e9s t\u00e1j\u00e9koztatja a sz\u00fcl\u0151ket a M\u00f3ra Ferenc \u00fati B\u00f6lcs\u0151de kapuj\u00e1n. J\u00fanius 18-a \u00e9s 22-e k\u00f6z\u00f6tt p\u00f3tfelv\u00e9telt k\u00edn\u00e1l az int\u00e9zm\u00e9ny a kisgyermekes sz\u00fcl\u0151knek. A b\u00f6lcs\u0151d\u00e9ben 8 csoportban, 112 gyermekre vigy\u00e1znak nap, mint nap. A kicsik legt\u00f6bbje szeptembert\u0151l iskol\u00e1ba megy, 3 csoport azonban tov\u00e1bbra is b\u00f6lcs\u0151d\u00e9s lesz. Mell\u00e9j\u00fck hirdettek \u00fajabb 3 csoportnyi f\u00e9r\u0151helyet. A M\u00f3ra \u00fati \u00e9p\u00fcletet azonban hamarosan fel\u00faj\u00edtj\u00e1k, \u00edgy a k\u00f6vetkez\u0151 nevel\u00e9si \u00e9vet a marad\u00f3 \u00e9s az \u00fajonnan felvett gyermekek is m\u00e1sutt kezdik meg.<br \/>&#8220;H\u00e1rom \u00faj felv\u00e9teles csoportnak lesz hely a V\u00e9rcse \u00faton, a marad\u00f3k a J\u00f3sika \u00fati, Aranyi \u00fati \u00e9s V\u00e1rosmajor \u00fati b\u00f6lcs\u0151d\u00e9kbe mennek, ezt a Simon Ferenc \u00fati b\u00f6lcsin\u00e9l megtapasztaltuk, \u00e9s a sz\u00fcl\u0151k is el\u00e9gedettek voltak ezzel a megold\u00e1ssal.&#8221; -mondta KESKENYN\u00c9 P\u00c9NTEK \u00c1GNES igazgat\u00f3helyettes, Eg\u00e9szs\u00e9g\u00fcgyi \u00e9s B\u00f6lcs\u0151dei Igazgat\u00f3s\u00e1g.<br \/>A gyermekek az \u00faj nevel\u00e9si-gondoz\u00e1si \u00e9vet m\u00e1r \u00faj helyen kezdik. A szakemberek mindet megtesznek az\u00e9rt, hogy a kicsik biztons\u00e1g\u00e9rzete \u00e9s \u00e1lland\u00f3s\u00e1ga folytonos legyen.<br \/>Stand Up.: 3806: 5:49-6:03 ( mp) SKULT\u00c9TY J\u00d3ZSEF<br \/>&#8220;A Ny\u00fal \u00fat V\u00e9rcse \u00fat tal\u00e1lkoz\u00e1s\u00e1n\u00e1l tal\u00e1lhat\u00f3 volt \u00f3voda \u00e9p\u00fclet\u00e9t \u00e9s udvar\u00e1t fel\u00faj\u00edtj\u00e1k \u00e9s rendbe teszik, a b\u00f6lcs\u0151d\u00e9s gyermekek ig\u00e9nyeihez igaz\u00edtj\u00e1k majd.&#8221;<br \/>&#8220;Ez egy nagyon bar\u00e1ts\u00e1gos, biztons\u00e1gos k\u00f6rnyezet, megnyugtat, hogy egy ilyen \u00e9p\u00fcletben tudjuk biztos\u00edtani az ell\u00e1t\u00e1st a k\u00f6vetkez\u0151 nevel\u00e9si, gondoz\u00e1si \u00e9vre.&#8221; -folytatta KESKENYN\u00c9 P\u00c9NTEK \u00c1GNES.<br \/>A M\u00f3ra Ferenc \u00fati b\u00f6lcs\u0151de fel\u00faj\u00edt\u00e1sa sor\u00e1n rendbe teszik a vizesblokkokat, cser\u00e9lik a ny\u00edl\u00e1s-z\u00e1r\u00f3kat, \u00e9s k\u00fcls\u0151 szigetel\u00e9st is kap az \u00e9p\u00fclet. A p\u00f3tfelv\u00e9telre jelentkez\u0151k pedig j\u00fanius 22-ig, munkanapokon 8 \u00e9s 14 \u00f3ra k\u00f6z\u00f6tt, a M\u00f3ra Ferenc \u00faton ig\u00e9nyelhetnek jelentkez\u00e9si lapot.<br \/>\n<br \/>\n<div style=\"width: 640px;\" class=\"wp-video\"><!--[if lt IE 9]><script>document.createElement('video');<\/script><![endif]-->\n<video class=\"wp-video-shortcode\" id=\"video-9349-1\" width=\"640\" height=\"360\" preload=\"metadata\" controls=\"controls\"><source type=\"video\/mp4\" src=\"\/spots\/hir\/hir_180619_03.mp4?_=1\" \/><a href=\"\/spots\/hir\/hir_180619_03.mp4\">\/spots\/hir\/hir_180619_03.mp4<\/a><\/video><\/div><\/p>\n","protected":false},"excerpt":{"rendered":"<p>Hirdet\u00e9s t\u00e1j\u00e9koztatja a sz\u00fcl\u0151ket a M\u00f3ra Ferenc \u00fati B\u00f6lcs\u0151de kapuj\u00e1n. J\u00fanius 18-a \u00e9s 22-e k\u00f6z\u00f6tt p\u00f3tfelv\u00e9telt k\u00edn\u00e1l az int\u00e9zm\u00e9ny a kisgyermekes sz\u00fcl\u0151knek. A b\u00f6lcs\u0151d\u00e9ben 8 csoportban, 112 gyermekre vigy\u00e1znak nap, mint nap. A kicsik legt\u00f6bbje szeptembert\u0151l iskol\u00e1ba megy, 3 csoport azonban tov\u00e1bbra is b\u00f6lcs\u0151d\u00e9s lesz. Mell\u00e9j\u00fck hirdettek \u00fajabb 3 csoportnyi f\u00e9r\u0151helyet. A M\u00f3ra \u00fati \u00e9p\u00fcletet [&hellip;]<\/p>\n","protected":false},"author":2,"featured_media":0,"comment_status":"closed","ping_status":"closed","sticky":false,"template":"","format":"standard","meta":[],"categories":[9],"tags":[],"_links":{"self":[{"href":"http:\/\/archiv.szolnoktv.hu\/index.php?rest_route=\/wp\/v2\/posts\/9349"}],"collection":[{"href":"http:\/\/archiv.szolnoktv.hu\/index.php?rest_route=\/wp\/v2\/posts"}],"about":[{"href":"http:\/\/archiv.szolnoktv.hu\/index.php?rest_route=\/wp\/v2\/types\/post"}],"author":[{"embeddable":true,"href":"http:\/\/archiv.szolnoktv.hu\/index.php?rest_route=\/wp\/v2\/users\/2"}],"replies":[{"embeddable":true,"href":"http:\/\/archiv.szolnoktv.hu\/index.php?rest_route=%2Fwp%2Fv2%2Fcomments&post=9349"}],"version-history":[{"count":1,"href":"http:\/\/archiv.szolnoktv.hu\/index.php?rest_route=\/wp\/v2\/posts\/9349\/revisions"}],"predecessor-version":[{"id":9466,"href":"http:\/\/archiv.szolnoktv.hu\/index.php?rest_route=\/wp\/v2\/posts\/9349\/revisions\/9466"}],"wp:attachment":[{"href":"http:\/\/archiv.szolnoktv.hu\/index.php?rest_route=%2Fwp%2Fv2%2Fmedia&parent=9349"}],"wp:term":[{"taxonomy":"category","embeddable":true,"href":"http:\/\/archiv.szolnoktv.hu\/index.php?rest_route=%2Fwp%2Fv2%2Fcategories&post=9349"},{"taxonomy":"post_tag","embeddable":true,"href":"http:\/\/archiv.szolnoktv.hu\/index.php?rest_route=%2Fwp%2Fv2%2Ftags&post=9349"}],"curies":[{"name":"wp","href":"https:\/\/api.w.org\/{rel}","templated":true}]}}