{"id":9348,"date":"2018-06-19T15:08:38","date_gmt":"2018-06-19T15:08:38","guid":{"rendered":"http:\/\/archiv.szolnoktv.hu\/?p=9348"},"modified":"2021-08-14T14:37:36","modified_gmt":"2021-08-14T14:37:36","slug":"bajnok-az-olaj","status":"publish","type":"post","link":"http:\/\/archiv.szolnoktv.hu\/?p=9348","title":{"rendered":"Bajnok az Olaj"},"content":{"rendered":"<div class='booster-block booster-read-block'><\/div><p>&#8216;<\/p>\n<p>A k\u00e9s\u0151 \u00e9jszakai id\u0151pont sem tartotta vissza az Olaj drukkereket att\u00f3l, hogy meg\u00fcnnepelj\u00e9k szeretett csapatuk siker\u00e9t. A hagyom\u00e1nyokhoz h\u0171en a Kossuth t\u00e9ren v\u00e1rt\u00e1k a Tisza-parti aranyos kosarasokat. 1 \u00f3ra k\u00f6r\u00fcl g\u00f6rd\u00fclt be a csapatbusza, melyen ott utazott a bajnoki serleg is. A csapat a meg\u00e9rdemelt \u00fcnnepl\u00e9st kapta a szurkol\u00f3kt\u00f3l, azokt\u00f3l, akiknek \u0151k is sokat k\u00f6sz\u00f6nhetnek.<\/p>\n<p>-K\u00f6sz\u00f6nj\u00fck sz\u00e9pen a szurkol\u00f3knak az eg\u00e9sz \u00e9vet, az eg\u00e9sz est\u00e9t. Bajnokcsapat! Bajnokcsapat!&#8221;  &#8211;   mondta B\u00e1der M\u00e1rton szakmai igazgat\u00f3.<\/p>\n<p>A csapatot a v\u00e1ros vezet\u0151i \u00e9s a t\u00e9rs\u00e9g orsz\u00e1ggy\u0171l\u00e9si k\u00e9pvisel\u0151je is v\u00e1rta, \u0151k a V\u00e1rosh\u00e1za d\u00edszterm\u00e9ben mondtak k\u00f6sz\u00f6netet a k\u00e9t arannyal z\u00e1rul\u00f3 \u00e9v\u00e9rt, melyben rengeteg munk\u00e1ja van Dragan Aleksicnek is.<\/p>\n<p>-Az eg\u00e9sz meccs olyan volt, hogy hol az egyik, hol a m\u00e1sik csapat vezetett. Az utols\u00f3 5 m\u00e1sodperc is. B\u00edztam Perryben \u00e9s h\u00e1t bedobta. Nagyon j\u00f3 \u00e9rz\u00e9s volt a m\u00e1sodik legjobb csapatba otthon\u00e1ban megnyerni a bajnoks\u00e1got remek hangulatban. Olyan volt, mint egy Hollywood-i film!&#8221;  &#8211;   mondta Dragan Aleksic vezet\u0151edz\u0151, Szolnoki Olaj KK.<\/p>\n<p>-Nagyszer\u0171 \u00e9rz\u00e9s, egy hihetetlen meccsen tudtunk gy\u0151zni. Be\u00e9rett az eg\u00e9sz \u00e9ves munk\u00e1nk. Nem is lehetn\u00e9nk enn\u00e9l boldogabbak. Megnyert\u00fck a kup\u00e1t \u00e9s a bajnoks\u00e1got is, \u00f6r\u00fclhet eg\u00e9sz Szolnok, az eg\u00e9sz csapat.&#8221;  &#8211;   mondta Kov\u00e1cs P\u00e9ter.<\/p>\n<p>-Be tudtuk bizony\u00edtani, hogy jobb csapat vagyunk. Szezon k\u00f6zben is, megnyert\u00fcnk mindent. V\u00e9g\u00e9n volt hull\u00e1mv\u00f6lgy, hossz\u00fa szezon volt, gratul\u00e1lok a csapatnak, csal\u00e1dnak, szurkol\u00f3knak meg a Szombathelynek is, hogy le a kalappal el\u00f6tt\u00fck, hogy egy Alb\u00e1n \u00f6t meccses p\u00e1rharc ut\u00e1n ilyen komoly szinten tudtak ellen\u00fcnk teljes\u00edteni.&#8221;  &#8211;   mondta T\u00f3th \u00c1d\u00e1m.<\/p>\n<p>-\u00c9n 1,8-n\u00e1l azt hittem, hogy szerd\u00e1n is meccs\u00fcnk lesz, de szerencs\u00e9re Perry megmutatta, hogy milyen j\u00e1t\u00e9kos. Meg\u00e9rdemelt a gy\u0151zelm\u00fcnk, ha az eg\u00e9sz \u00e9vet n\u00e9zz\u00fck szerintem mi voltunk a legjobb csapat a bajnoks\u00e1gban, alapszakaszt nyert\u00fcnk, k\u00f6z\u00e9pszakaszt, a magyar kup\u00e1t.&#8221;  &#8211;   mondta Vojvoda D\u00e1vid.<\/p>\n<p>-Ap\u00e1nak egy bajnokija van, tes\u00f3mnak egy bajnokija van nekem van kett\u0151&#038;#8230<br \/><\/p>\n","protected":false},"excerpt":{"rendered":"<p>&#8216; A k\u00e9s\u0151 \u00e9jszakai id\u0151pont sem tartotta vissza az Olaj drukkereket att\u00f3l, hogy meg\u00fcnnepelj\u00e9k szeretett csapatuk siker\u00e9t. A hagyom\u00e1nyokhoz h\u0171en a Kossuth t\u00e9ren v\u00e1rt\u00e1k a Tisza-parti aranyos kosarasokat. 1 \u00f3ra k\u00f6r\u00fcl g\u00f6rd\u00fclt be a csapatbusza, melyen ott utazott a bajnoki serleg is. A csapat a meg\u00e9rdemelt \u00fcnnepl\u00e9st kapta a szurkol\u00f3kt\u00f3l, azokt\u00f3l, akiknek \u0151k is sokat [&hellip;]<\/p>\n","protected":false},"author":2,"featured_media":0,"comment_status":"closed","ping_status":"closed","sticky":false,"template":"","format":"standard","meta":[],"categories":[9],"tags":[],"_links":{"self":[{"href":"http:\/\/archiv.szolnoktv.hu\/index.php?rest_route=\/wp\/v2\/posts\/9348"}],"collection":[{"href":"http:\/\/archiv.szolnoktv.hu\/index.php?rest_route=\/wp\/v2\/posts"}],"about":[{"href":"http:\/\/archiv.szolnoktv.hu\/index.php?rest_route=\/wp\/v2\/types\/post"}],"author":[{"embeddable":true,"href":"http:\/\/archiv.szolnoktv.hu\/index.php?rest_route=\/wp\/v2\/users\/2"}],"replies":[{"embeddable":true,"href":"http:\/\/archiv.szolnoktv.hu\/index.php?rest_route=%2Fwp%2Fv2%2Fcomments&post=9348"}],"version-history":[{"count":1,"href":"http:\/\/archiv.szolnoktv.hu\/index.php?rest_route=\/wp\/v2\/posts\/9348\/revisions"}],"predecessor-version":[{"id":9467,"href":"http:\/\/archiv.szolnoktv.hu\/index.php?rest_route=\/wp\/v2\/posts\/9348\/revisions\/9467"}],"wp:attachment":[{"href":"http:\/\/archiv.szolnoktv.hu\/index.php?rest_route=%2Fwp%2Fv2%2Fmedia&parent=9348"}],"wp:term":[{"taxonomy":"category","embeddable":true,"href":"http:\/\/archiv.szolnoktv.hu\/index.php?rest_route=%2Fwp%2Fv2%2Fcategories&post=9348"},{"taxonomy":"post_tag","embeddable":true,"href":"http:\/\/archiv.szolnoktv.hu\/index.php?rest_route=%2Fwp%2Fv2%2Ftags&post=9348"}],"curies":[{"name":"wp","href":"https:\/\/api.w.org\/{rel}","templated":true}]}}