{"id":9287,"date":"2018-06-19T13:32:46","date_gmt":"2018-06-19T13:32:46","guid":{"rendered":"http:\/\/archiv.szolnoktv.hu\/?p=9287"},"modified":"2021-08-14T14:27:44","modified_gmt":"2021-08-14T14:27:44","slug":"elkezdtek-a-szent-istvan-tisza-hid-felujitasat","status":"publish","type":"post","link":"http:\/\/archiv.szolnoktv.hu\/?p=9287","title":{"rendered":"Elkezdt\u00e9k a Szent Istv\u00e1n Tisza-h\u00edd fel\u00faj\u00edt\u00e1s\u00e1t"},"content":{"rendered":"<div class='booster-block booster-read-block'><\/div><p>Aszfaltot ter\u00edtenek a munk\u00e1sok a Szent Istv\u00e1n Tisza-h\u00edd el\u0151tti \u00fatszakasz szeg\u00e9ly-k\u00f6vei m\u00f6g\u00e9. A h\u00edd fel\u00faj\u00edt\u00e1sa ma reggel 8 \u00f3rakkor kezd\u0151d\u00f6tt. <\/p>\n<p>Zsigmond Attila, a Magyar K\u00f6z\u00fat Nonprofit Zrt.  JNSZ megyei \u00fczemeltet\u00e9si \u00e9s fenntart\u00e1si oszt\u00e1lyvezet\u0151je \u00fagy fogalmazott &#8211; -4 h\u00e9tig fognak tartani a munk\u00e1k el\u0151rel\u00e1that\u00f3lag, jelenleg a Pest fel\u00f6li dilat\u00e1ci\u00f3 melletti burkolat kibont\u00e1sa zajlik. Ezt k\u00f6vet\u0151en itt a teljes p\u00e1lyaszerkezet a sziv\u00e1rg\u00f3rendszerrel \u00fajj\u00e1\u00e9p\u00edt\u00e9sre ker\u00fcl.&#8221; <\/p>\n<p>Ezek mellett a h\u00edd teljes hossz\u00e1ban a korrod\u00e1lt, vagy balesetben s\u00e9r\u00fclt korl\u00e1t elemeit is kicser\u00e9lik, vagy fel\u00faj\u00edtj\u00e1k, illetve a teljes h\u00eddp\u00e1lya is \u00faj burkolatot kap  &#8211;   tette hozz\u00e1 Zsigmond Attila. <\/p>\n<p>A kivitelez\u00e9s idej\u00e9re a hidat mintegy 700 m\u00e9teres hosszban teljesen lez\u00e1rj\u00e1k, a v\u00e1ltakoz\u00f3 ir\u00e1ny\u00fa forgalmat reggel 6 \u00e9s este 8 \u00f3ra k\u00f6z\u00f6tt jelz\u0151\u0151r\u00f6k, 20 \u00f3r\u00e1t\u00f3l reggel 6-ig pedig l\u00e1mp\u00e1k ir\u00e1ny\u00edtj\u00e1k. Emellett forgalom-, \u00e9s sebess\u00e9gkorl\u00e1toz\u00e1sokra is fel kell k\u00e9sz\u00fclni. <\/p>\n<p>-A korl\u00e1toz\u00e1s folyamatos lesz, k\u00e9t h\u00e9tig v\u00e1rhat\u00f3an a h\u00eddnak az \u00e9szaki oldala, ut\u00e1na pedig a d\u00e9li oldala ker\u00fcl f\u00e9lp\u00e1ly\u00e1san lez\u00e1r\u00e1sra. Ez \u00e9jjel-nappali, folyamatos forgalomkorl\u00e1toz\u00e1st jelent. mondta Zsigmond Attila.<\/p>\n<p>A fel\u00faj\u00edt\u00e1st \u00e9rdemes kiker\u00fclni, a K\u00f6z\u00fat az M3-M35-42-es, az M5-44-47-42-es, valamint az M5-M43-as utakat aj\u00e1nlja. <\/p>\n<div style=\"width: 640px;\" class=\"wp-video\"><!--[if lt IE 9]><script>document.createElement('video');<\/script><![endif]-->\n<video class=\"wp-video-shortcode\" id=\"video-9287-1\" width=\"640\" height=\"360\" preload=\"metadata\" controls=\"controls\"><source type=\"video\/mp4\" src=\"\/spots\/hir\/hir_180619_01.mp4?_=1\" \/><a href=\"\/spots\/hir\/hir_180619_01.mp4\">\/spots\/hir\/hir_180619_01.mp4<\/a><\/video><\/div>\n","protected":false},"excerpt":{"rendered":"<p>Aszfaltot ter\u00edtenek a munk\u00e1sok a Szent Istv\u00e1n Tisza-h\u00edd el\u0151tti \u00fatszakasz szeg\u00e9ly-k\u00f6vei m\u00f6g\u00e9. A h\u00edd fel\u00faj\u00edt\u00e1sa ma reggel 8 \u00f3rakkor kezd\u0151d\u00f6tt. Zsigmond Attila, a Magyar K\u00f6z\u00fat Nonprofit Zrt. JNSZ megyei \u00fczemeltet\u00e9si \u00e9s fenntart\u00e1si oszt\u00e1lyvezet\u0151je \u00fagy fogalmazott &#8211; -4 h\u00e9tig fognak tartani a munk\u00e1k el\u0151rel\u00e1that\u00f3lag, jelenleg a Pest fel\u00f6li dilat\u00e1ci\u00f3 melletti burkolat kibont\u00e1sa zajlik. Ezt k\u00f6vet\u0151en itt [&hellip;]<\/p>\n","protected":false},"author":2,"featured_media":0,"comment_status":"closed","ping_status":"closed","sticky":false,"template":"","format":"standard","meta":[],"categories":[9],"tags":[],"_links":{"self":[{"href":"http:\/\/archiv.szolnoktv.hu\/index.php?rest_route=\/wp\/v2\/posts\/9287"}],"collection":[{"href":"http:\/\/archiv.szolnoktv.hu\/index.php?rest_route=\/wp\/v2\/posts"}],"about":[{"href":"http:\/\/archiv.szolnoktv.hu\/index.php?rest_route=\/wp\/v2\/types\/post"}],"author":[{"embeddable":true,"href":"http:\/\/archiv.szolnoktv.hu\/index.php?rest_route=\/wp\/v2\/users\/2"}],"replies":[{"embeddable":true,"href":"http:\/\/archiv.szolnoktv.hu\/index.php?rest_route=%2Fwp%2Fv2%2Fcomments&post=9287"}],"version-history":[{"count":1,"href":"http:\/\/archiv.szolnoktv.hu\/index.php?rest_route=\/wp\/v2\/posts\/9287\/revisions"}],"predecessor-version":[{"id":9288,"href":"http:\/\/archiv.szolnoktv.hu\/index.php?rest_route=\/wp\/v2\/posts\/9287\/revisions\/9288"}],"wp:attachment":[{"href":"http:\/\/archiv.szolnoktv.hu\/index.php?rest_route=%2Fwp%2Fv2%2Fmedia&parent=9287"}],"wp:term":[{"taxonomy":"category","embeddable":true,"href":"http:\/\/archiv.szolnoktv.hu\/index.php?rest_route=%2Fwp%2Fv2%2Fcategories&post=9287"},{"taxonomy":"post_tag","embeddable":true,"href":"http:\/\/archiv.szolnoktv.hu\/index.php?rest_route=%2Fwp%2Fv2%2Ftags&post=9287"}],"curies":[{"name":"wp","href":"https:\/\/api.w.org\/{rel}","templated":true}]}}